{"id":44692,"date":"2024-01-14T00:30:34","date_gmt":"2024-01-13T23:30:34","guid":{"rendered":"http:\/\/www.infokuryr.cz\/n\/?p=44692"},"modified":"2024-01-13T18:12:05","modified_gmt":"2024-01-13T17:12:05","slug":"vzorova-zapadni-demokracie-pro-ceske-libtardy","status":"publish","type":"post","link":"https:\/\/www.infokuryr.cz\/n\/2024\/01\/14\/vzorova-zapadni-demokracie-pro-ceske-libtardy\/","title":{"rendered":"Vzorov\u00e1 z\u00e1padn\u00ed demokracie pro \u010desk\u00e9 libtardy"},"content":{"rendered":"<div id=\"fb-root\"><\/div>\n<h2 class=\"entry-title\"><span style=\"font-size: 18pt;\">Nov\u00fd francouzsk\u00fd premi\u00e9r je tepl\u00fd, prezident gerontofil a (asi) tepl\u00fd<\/span><\/h2>\n<p>Francouzsk\u00fd prezident E. Macron jmenoval nov\u00e9ho p\u0159edsedu vl\u00e1dy jist\u00e9ho G. Attala. O jeho prefesn\u00ed erudici nen\u00ed mnoho zn\u00e1mo\u2026.\u00a0<strong>Zn\u00e1m\u00e1 je jeho otev\u0159en\u00e1 homosexu\u00e1ln\u00ed orientace a s n\u00ed spojen\u00fd \u017eivotn\u00ed styl.<\/strong><\/p>\n<p>T\u00edm se za\u0159adil vedle sou\u010dasn\u00e9ho prezidenta Macron. ten je ofici\u00e1ln\u011b \u017eenat\u00fd s o 30 let star\u0161\u00ed \u017eenou, ale p<strong>odle zl\u00fdch jazyk\u016f je rovn\u011b\u017e homosexu\u00e1ln\u00ed orientace<\/strong>.<\/p>\n<p><b>V \u010dele Francie tak stoj\u00ed prezident i premi\u00e9r, kte\u0159\u00ed nemaj\u00ed d\u011bti a nezaj\u00edm\u00e1 je proto budoucnost zem\u011b. Oni si cht\u011bj\u00ed u\u017e\u00edvat tady a te\u010f. Co jim je do francouzsk\u00fdch rodin, likvidovan\u00e9ho \u0161kolstv\u00ed a pr\u016fmyslu a zem\u011bd\u011blstv\u00ed?!<\/b><\/p>\n<p><strong>Tohle je ta vzorov\u00e1 z\u00e1padn\u00ed demokracie, ke kter\u00e9 sou\u010dasn\u00ed \u010de\u0161t\u00ed libtardi vzhl\u00ed\u017eej\u00ed?! Tohle je ten vzor pro pan\u00ed Pekarovou, pana Fialu, Raku\u0161ana a Barto\u0161e?!<\/strong><\/p>\n<p><a href=\"https:\/\/ceskavec.com\/2024\/01\/novy-francouzsky-premier-je-teplous-prezident-gerontofil-a-asi-teplous-vzorova-zapadni-demokracie-pro-ceske-libtardy\">Jean Mouton, Francie<\/a><\/p>\n<p><em>\u010cl\u00e1nek nemus\u00ed vyjad\u0159ovat n\u00e1zor redakce, ale pova\u017eujeme za d\u016fle\u017eit\u00e9, aby jsem ho otiskli v p\u016fvodn\u00ed verzi. Pokud se n\u011bkdo c\u00edt\u00ed dot\u010den p\u016fvodn\u00edm slovn\u00edkem, tak a\u0165 ten \u010dl\u00e1nek jednodu\u0161e ne\u010dte!<\/em><\/p>\n<p>&nbsp;<\/p>\n<p><a href=\"https:\/\/stranapro.cz\/\"><img decoding=\"async\" loading=\"lazy\" class=\"wp-image-40286 aligncenter\" src=\"http:\/\/www.infokuryr.cz\/n\/wp-content\/uploads\/2023\/11\/12pro-300x87.png\" alt=\"\" width=\"938\" height=\"272\" srcset=\"https:\/\/www.infokuryr.cz\/n\/wp-content\/uploads\/2023\/11\/12pro-300x87.png 300w, https:\/\/www.infokuryr.cz\/n\/wp-content\/uploads\/2023\/11\/12pro.png 366w\" sizes=\"(max-width: 938px) 100vw, 938px\" \/><\/a><\/p>\n<p>&nbsp;<\/p>\n<p>&nbsp;<\/p>\n","protected":false},"excerpt":{"rendered":"<p>Nov\u00fd francouzsk\u00fd premi\u00e9r je tepl\u00fd, prezident gerontofil a (asi) tepl\u00fd Francouzsk\u00fd prezident E. Macron jmenoval&#8230;<\/p>\n","protected":false},"author":2,"featured_media":44693,"comment_status":"closed","ping_status":"closed","sticky":false,"template":"","format":"standard","meta":[],"categories":[6],"tags":[130,29,122,621],"_links":{"self":[{"href":"https:\/\/www.infokuryr.cz\/n\/wp-json\/wp\/v2\/posts\/44692"}],"collection":[{"href":"https:\/\/www.infokuryr.cz\/n\/wp-json\/wp\/v2\/posts"}],"about":[{"href":"https:\/\/www.infokuryr.cz\/n\/wp-json\/wp\/v2\/types\/post"}],"author":[{"embeddable":true,"href":"https:\/\/www.infokuryr.cz\/n\/wp-json\/wp\/v2\/users\/2"}],"replies":[{"embeddable":true,"href":"https:\/\/www.infokuryr.cz\/n\/wp-json\/wp\/v2\/comments?post=44692"}],"version-history":[{"count":1,"href":"https:\/\/www.infokuryr.cz\/n\/wp-json\/wp\/v2\/posts\/44692\/revisions"}],"predecessor-version":[{"id":44694,"href":"https:\/\/www.infokuryr.cz\/n\/wp-json\/wp\/v2\/posts\/44692\/revisions\/44694"}],"wp:featuredmedia":[{"embeddable":true,"href":"https:\/\/www.infokuryr.cz\/n\/wp-json\/wp\/v2\/media\/44693"}],"wp:attachment":[{"href":"https:\/\/www.infokuryr.cz\/n\/wp-json\/wp\/v2\/media?parent=44692"}],"wp:term":[{"taxonomy":"category","embeddable":true,"href":"https:\/\/www.infokuryr.cz\/n\/wp-json\/wp\/v2\/categories?post=44692"},{"taxonomy":"post_tag","embeddable":true,"href":"https:\/\/www.infokuryr.cz\/n\/wp-json\/wp\/v2\/tags?post=44692"}],"curies":[{"name":"wp","href":"https:\/\/api.w.org\/{rel}","templated":true}]}}