{"id":44690,"date":"2024-01-14T00:38:33","date_gmt":"2024-01-13T23:38:33","guid":{"rendered":"http:\/\/www.infokuryr.cz\/n\/?p=44690"},"modified":"2024-01-13T18:00:31","modified_gmt":"2024-01-13T17:00:31","slug":"milena-douskova-neziskovky-jsou-parazite-na-lidskem-soucitu","status":"publish","type":"post","link":"https:\/\/www.infokuryr.cz\/n\/2024\/01\/14\/milena-douskova-neziskovky-jsou-parazite-na-lidskem-soucitu\/","title":{"rendered":"Milena Dou\u0161kov\u00e1: Neziskovky jsou parazit\u00e9 na lidsk\u00e9m soucitu"},"content":{"rendered":"<div id=\"fb-root\"><\/div>\n<p class=\"type-excerpt\"><strong>Pro mne jsou neziskovky jen koryta pro ty, co na to maj\u00ed \u017ealudek. Kdy\u017e chce n\u011bkdo pom\u00e1hat, m\u011bl by to d\u011blat dob\u0159e a levn\u011b.<\/strong><\/p>\n<div class=\"detailPost-content\">\n<p>Posledn\u00ed dobou m\u011b roz\u010diluje reklama neziskovky UNICEF. Pokou\u0161\u00ed se lidem vtloukat do hlavy, aby m\u011bs\u00ed\u010dn\u011b pos\u00edlali p\u0159es 400,-K\u010d m\u011bs\u00ed\u010dn\u011b, \u017ee to zachr\u00e1n\u00ed \u010dty\u0159i d\u011bti t\u0159eba v Africe. V\u00edte, \u017ee m\u011b je \u00fapln\u011b jedno co se d\u011bje v zahrani\u010d\u00ed? Starost o d\u011bti m\u00e1 ka\u017ed\u00fd st\u00e1t v\u016f\u010di t\u011bm sv\u00fdm d\u011btem. Z toho je jasn\u00e9, \u017ee chceme podporovat na\u0161e d\u011bti kter\u00e9 nemaj\u00ed kv\u016fli na\u0161im politik\u016fm na ob\u011bd ve \u0161kole. Nen\u00ed jim hanba? Nen\u00ed. P\u0159es svoje ke\u0161en\u011b nevid\u00ed na b\u00eddu n\u011bkter\u00fdch rodin u n\u00e1s doma.<\/p>\n<p>My jsme republika, kter\u00e1 zakl\u00e1d\u00e1 jedno sdru\u017een\u00ed za druh\u00fdm ve prosp\u011bch rom\u016f a b\u011b\u017eenc\u016f. V\u00edte, \u017ee romsk\u00fdch organizac\u00ed co berou pen\u00edze od st\u00e1tu jen u\u017e p\u0159es sto? No a k tomu p\u0159idejte organizace saj\u00edc\u00ed pen\u00edze z na\u0161ich dan\u00ed pro imigranty. Tak t\u011bch u\u017e m\u00e1me asi 25 a vsad\u00edm se, \u017ee porostou stejn\u011b rychle rychle jako ty romsk\u00e9. Z na\u0161ich prost\u0159edk\u016f si u\u017e vzali kolem miliardy, ale 80% jde na platy, konference, \u0161kolen\u00ed, chytr\u00e9 bro\u017eurky a dal\u0161\u00ed pitomosti co n\u00e1s maj\u00ed p\u0159esv\u011bd\u010dit, \u017ee b\u011b\u017eenci jsou na\u0161e sp\u00e1sa.<\/p>\n<p>Jestli budou takov\u00e1 pomoc jako romov\u00e9, tak n\u00e1s pot\u011b\u0161 B\u016fh. \u017deny budou rodit, napln\u00ed se p\u0159edpov\u011b\u010f, \u017ee n\u00e1s jejich \u017eeny uml\u00e1t\u00ed sv\u00fdmi d\u011blohami. Pak budou pob\u00edrat d\u00e1vky a nast\u011bhujeme si je podle B\u011blobr\u00e1dka do bytu a postar\u00e1me se jim o j\u00eddlo, kter\u00e9 mus\u00ed b\u00fdt ko\u0161er a pak je slu\u0161n\u011b obl\u00e9kneme, jinak m\u00e1m to hod\u00ed na hlavu.<\/p>\n<p>N\u011bjak ta ch\u00e1ska zapom\u00edn\u00e1, \u017ee jako sem nikoho nezveme a ani nedr\u017e\u00edme. U migrant\u016f m\u00e1me daleko p\u00e1dn\u011bj\u0161\u00ed d\u016fvody je dostat odsud. Nepracuj\u00edc\u00ed romov\u00e9 jsou z\u00e1t\u011b\u017e pro na\u0161i spole\u010dnosti, ale b\u011b\u017eenci cht\u011bj\u00ed na\u0161i zemi a n\u00e1s v n\u00ed naprosto ovl\u00e1dnou a zdevastovat.<\/p>\n<p>Nikdy nepochop\u00edm my\u0161len\u00ed politik\u016f. Ka\u017ed\u00e9mu norm\u00e1ln\u00edmu \u010dlov\u011bku je bli\u017e\u0161\u00ed vlastn\u00ed zem\u011b a jej\u00ed obyvatel\u00e9, ne\u017e p\u0159\u00ed\u017eivnick\u00e1 banda odn\u011bkud z Afriky. Tady si mus\u00edme uv\u011bdomit, \u017ee tohle je jen za\u010d\u00e1tek a to nejhor\u0161\u00ed n\u00e1s teprve \u010dek\u00e1. Za t\u011bmi co jsou tady budou p\u0159ij\u00ed\u017ed\u011bt cel\u00e9 jejich rodiny a d\u011bdiny. Jsou jich miliony. To u\u017e je v\u00e1lka kdo z koho. V\u00e1lka o p\u0159e\u017eit\u00ed. To je kolonizace Evropy se v\u0161\u00edm v\u0161udy.<\/p>\n<p>U\u017e te\u010f se ka\u017ed\u00fd den na na\u0161em \u00fazem\u00ed pohybuje tis\u00edce neleg\u00e1ln\u00edch imigrant\u016f a je jen ot\u00e1zkou kdy v N\u011bmecku \u0159eknou tak a to sta\u010d\u00ed a tito Afri\u010dan\u00e9 a Arabov\u00e9 z\u016fstanou u n\u00e1s doma. Makat to neum\u00ed, nejmilej\u0161\u00ed hra\u010dka je samopal a pravd\u011bpodobn\u011b sout\u011b\u017e\u00ed kdo zn\u00e1siln\u00ed v\u00edce \u017een. Tak tohle si sem dobrovoln\u011b nech\u00e1me nal\u00e9zt. A\u017e tu budou, u\u017e se jich nezbav\u00edme. Budeme je \u017eivit a makat a\u017e do smrti. Pak pozbude d\u016fchod cenu, proto\u017ee se ho nikdo nedo\u017eije. Kdo by jinak d\u011blal ne\u017e b\u00edl\u00fd Evropan.<\/p>\n<p>Imigrace je obchod s lidmi a jako takov\u00fd by se m\u011bl zak\u00e1zat, proto\u017ee odporuje na\u0161im z\u00e1kon\u016fm. nech\u00e1pu, pro\u010d to v\u016fbec tolerujeme. Tak te\u010f kdo m\u00e1 dobr\u00fd \u017ealudek a p\u0159edev\u0161\u00edm vysoko postaven\u00e9 kamar\u00e1dy a strejdy, najde si p\u011bkn\u00e9, tepl\u00e9 m\u00edste\u010dko a n\u011bjak\u00e9m \u00fa\u0159adu pro imigranty a bude se m\u00edt dob\u0159e, proto\u017ee ti sem proudit nep\u0159estanou. Pokud je nevy\u017eeneme hned, tak a\u017e jich tu budou miliony, jsme v pr\u2026.<\/p>\n<p><a href=\"https:\/\/stranapro.cz\/\"><img decoding=\"async\" loading=\"lazy\" class=\"alignnone wp-image-40285 aligncenter\" src=\"http:\/\/www.infokuryr.cz\/n\/wp-content\/uploads\/2023\/11\/11pro-300x79.png\" alt=\"\" width=\"532\" height=\"140\" srcset=\"https:\/\/www.infokuryr.cz\/n\/wp-content\/uploads\/2023\/11\/11pro-300x79.png 300w, https:\/\/www.infokuryr.cz\/n\/wp-content\/uploads\/2023\/11\/11pro.png 363w\" sizes=\"(max-width: 532px) 100vw, 532px\" \/><\/a><\/p>\n<p>Kdyby jim bylo zle, tak to snad je\u0161t\u011b pochop\u00edm, ale ono jim zle nen\u00ed. Charitu s od\u011bvy vyhazuj\u00ed, proto\u017ee to se jim prost\u011b nel\u00edb\u00ed. J\u00eddlo je hnusn\u00e9, a lidi jsou jsou hnusn\u00ed. Nic se jim tu nel\u00edb\u00ed a po\u0159\u00e1d maj\u00ed dost pen\u011bz, aby cestovali d\u00e1l a d\u00e1l. Z \u010deho to financuj\u00ed? Tady se m\u016f\u017eeme jen dohadovat, proto\u017ee d\u016fkazy nejsou. Sami na nemaj\u00ed, tak\u017ee n\u011bkde ten pramen b\u00fdt mus\u00ed. Tihle mu\u017ei jsou neoby\u010dejn\u011b krut\u00ed. Je to jakoby byli vybr\u00e1n\u00ed zrovna oni, aby proklestili cestu dal\u0161\u00edm a mo\u017en\u00e1 je\u0161t\u011b hor\u0161\u00edm.<\/p>\n<p>Pr\u00fd to financuje USA, Izrael a Turecko. Pr\u00fd cht\u011bj\u00ed touto cestou zni\u010dit Evropu.<\/p>\n<p>\u0158e\u0161en\u00ed to m\u00e1 snad jen jedno. P\u0159estat poslouchat ty \u0161\u00edlence z Bruselu, vystoupit z EU a kone\u010dn\u011b se starat o co m\u00e1me. O svoji zemi bez imigrant\u016f. Kolem n\u00e1s zem\u011b ji\u017e stav\u00ed ploty a u n\u00e1s? Neziskovky se cul\u00ed na imigranty a pln\u00ed si kapsy. Tak to je a co s t\u00edm d\u011blat? Celost\u00e1tn\u00ed st\u00e1vky a za\u010d\u00edt dupat po referendech a kone\u010dn\u011b v kl\u00ed\u010dov\u00fdch ot\u00e1zk\u00e1ch pro n\u00e1rod si vymoci pr\u00e1vo do toho mluvit.<\/p>\n<p>V\u00fdkonn\u00fd \u0159editel \u010desk\u00e9 neziskovky Evropsk\u00e9 hodnoty\u00a0<strong>Jakub Janda<\/strong>\u00a0na sv\u00e9 str\u00e1nce na Facebooku hled\u00e1 \u010desk\u00e9 vlastence, aby se p\u0159ipojili k jeho boji proti Rusku. Dokonce tento pornoherec hled\u00e1 ka\u017edodenn\u00ed tich\u00e9 hrdiny kte\u0159\u00ed budou srdcem br\u00e1nit v\u0161echny proti rusk\u00e9 hrozb\u011b. Maj\u00ed to b\u00fdt vlastenci co budou pracovat na 100% a m\u011bli by se do toho po\u0159\u00e1dn\u011b polo\u017eit.<\/p>\n<p>Pokud bych m\u011bla proti n\u011bkomu bojovat, tak to bude stejn\u00e9 jak to d\u011bl\u00e1m 20 let.<\/p>\n<ul>\n<li>Boj proti rozkr\u00e1d\u00e1n\u00ed na\u0161\u00ed zem\u011b<\/li>\n<li>Boj proti t\u011bm, co \u0161kod\u00ed na\u0161\u00ed zemi<\/li>\n<li>Boj proti v\u0161em, co si uzurpuj\u00ed pr\u00e1vo rozhodovat za n\u00e1s bez n\u00e1s<\/li>\n<\/ul>\n<p>A n\u011bkdy mne mrz\u00ed \u017ee nem\u00e1m lep\u0161\u00ed zbra\u0148 jak pap\u00edr a pero. Rozhodn\u011b nehodl\u00e1m bojovat proti Rusku, kdy\u017e n\u00e1m hroz\u00ed tot\u00e1ln\u00ed zk\u00e1za z jin\u00fdch stran.<\/p>\n<h2 class=\"like-h5\">Jen by n\u00e1s mohl n\u011bkdo poinformovat co je pro n\u00e1s a na\u0161i zemi lep\u0161\u00ed nebo hor\u0161\u00ed<\/h2>\n<ul>\n<li>Rusko, kter\u00e9 nesah\u00e1 USA co se t\u00fdk\u00e1 v\u00e1lek ani po kotn\u00edky, nebo USA co v\u00e1l\u010d\u00ed od t\u00e9 doby co vzniklo.<\/li>\n<li>Rusko co nem\u00e1 z\u00e1kladny, proto\u017ee v\u0161ude u\u017e je m\u00e1 USA.<\/li>\n<li>Rusko je slovansk\u00e1 zem\u011b od kter\u00e9 jsem pohrd\u00e1n\u00ed nec\u00edtila, nebo USA kte\u0159\u00ed pohrdaj\u00ed v\u0161\u00edm, co nen\u00ed americk\u00e9.<\/li>\n<li>Rusko na kter\u00e9 uvalili sankce a my na to doplatili, nebo USA, kter\u00e9 vyv\u00e1\u017e\u00ed zbran\u011b do v\u0161ech kout\u016f sv\u011bta a vyvol\u00e1v\u00e1 konflikty.<\/li>\n<li>Rusko kter\u00e9 nestvo\u0159ilo Isl\u00e1msk\u00e1 st\u00e1t, proto\u017ee to u\u017e se poda\u0159ilo USA.<\/li>\n<li>Rusko, kter\u00e9mu USA vnutili v\u00e1lku s Ukrajinou.<\/li>\n<\/ul>\n<p>Rad\u011bji budu st\u00e1t po boku Slovansk\u00fdch n\u00e1rod\u016f, ne\u017e st\u00e1t vedle germ\u00e1nsk\u00fdch n\u00e1rod\u016f a hlavn\u011b si odm\u00edt\u00e1m stoupnout vedle Am\u00edka. Tam jsou hlavn\u00ed s\u00eddla ilumin\u00e1t\u016f, bank pln\u00e9 hajzl\u016f co si hraj\u00ed s osudy a \u017eivoty lid\u00ed. Jen douf\u00e1m, \u017ee nen\u00ed u n\u00e1s v\u00edc takov\u00fdch hlup\u00e1k\u016f jako je Janda.<\/p>\n<p>P\u00e1ni z Neziskovek to ned\u011blaj\u00ed pro chud\u00e9 a nemocn\u00e9. Oni jsou z toho tak dob\u0159e \u017eiveni, \u017ee se o tom m\u016f\u017ee \u010dlov\u011bku, co se \u017eiv\u00ed rukama jen zd\u00e1t. Co d\u011blaj\u00ed tihle \u0161\u00e9fov\u00e9 neziskovek tak d\u016fle\u017eit\u00e9ho? To by m\u011bla b\u00fdt charita a m\u011bla by b\u00fdt zdarma. Tak to moje hlava nebere. Zv\u011bdav\u00e9ho \u010dlov\u011bka pochopiteln\u011b zaj\u00edm\u00e1, co jim za tohle z\u016fstane za nehty. No, je to fakt vejvar v\u0161ech vejvar\u016f a \u010dlov\u011bku se opravdu zaj\u00edd\u00e1, kdy\u017e m\u00e1 platit tyhle p\u0159\u00edsavky z na\u0161ich dan\u00ed. Pro mne jsou neziskovky jen koryta pro ty, co na to maj\u00ed \u017ealudek.\u00a0<strong>Kdy\u017e chce n\u011bkdo pom\u00e1hat, m\u011bl by to d\u011blat dob\u0159e a levn\u011b.<\/strong>\u00a0Ne za statis\u00edcov\u00e9 odm\u011bny, to je hluboce nemor\u00e1ln\u00ed. Nic k tomu nepomohou ani v\u00fdzvy r\u016fzn\u00fdch hv\u011bzdi\u010dek, \u017ee ka\u017ed\u00fd si m\u00e1me vybrat neziskovky a ka\u017ed\u00fd m\u011bs\u00edc pos\u00edlat pen\u00edze. Ano, m\u00e1me si pom\u00e1hat, ale jen tehdy kdy\u017e se jedn\u00e1 o na\u0161e d\u011bti, o lidi soci\u00e1ln\u011b slab\u00e9, nemocn\u00e9 atd. Nav\u00edc by si m\u011bli uv\u011bdomit, \u017ee ne ka\u017ed\u00fd m\u00e1 z \u010deho pom\u00e1hat.<\/p>\n<p><strong><em>MILENA DOU\u0160KOV\u00c1<br \/>\nZdroj: <a href=\"https:\/\/politikarina.cz\/2024\/01\/12\/neziskovky-jsou-parazite-na-lidskem-soucitu\">Politika\u0159ina<\/a><\/em><\/strong><\/p>\n<\/div>\n<p>&nbsp;<\/p>\n<p>&nbsp;<\/p>\n","protected":false},"excerpt":{"rendered":"<p>Pro mne jsou neziskovky jen koryta pro ty, co na to maj\u00ed \u017ealudek. Kdy\u017e chce&#8230;<\/p>\n","protected":false},"author":2,"featured_media":20664,"comment_status":"closed","ping_status":"closed","sticky":false,"template":"","format":"standard","meta":[],"categories":[6],"tags":[245,29,69,90,2515],"_links":{"self":[{"href":"https:\/\/www.infokuryr.cz\/n\/wp-json\/wp\/v2\/posts\/44690"}],"collection":[{"href":"https:\/\/www.infokuryr.cz\/n\/wp-json\/wp\/v2\/posts"}],"about":[{"href":"https:\/\/www.infokuryr.cz\/n\/wp-json\/wp\/v2\/types\/post"}],"author":[{"embeddable":true,"href":"https:\/\/www.infokuryr.cz\/n\/wp-json\/wp\/v2\/users\/2"}],"replies":[{"embeddable":true,"href":"https:\/\/www.infokuryr.cz\/n\/wp-json\/wp\/v2\/comments?post=44690"}],"version-history":[{"count":0,"href":"https:\/\/www.infokuryr.cz\/n\/wp-json\/wp\/v2\/posts\/44690\/revisions"}],"wp:featuredmedia":[{"embeddable":true,"href":"https:\/\/www.infokuryr.cz\/n\/wp-json\/wp\/v2\/media\/20664"}],"wp:attachment":[{"href":"https:\/\/www.infokuryr.cz\/n\/wp-json\/wp\/v2\/media?parent=44690"}],"wp:term":[{"taxonomy":"category","embeddable":true,"href":"https:\/\/www.infokuryr.cz\/n\/wp-json\/wp\/v2\/categories?post=44690"},{"taxonomy":"post_tag","embeddable":true,"href":"https:\/\/www.infokuryr.cz\/n\/wp-json\/wp\/v2\/tags?post=44690"}],"curies":[{"name":"wp","href":"https:\/\/api.w.org\/{rel}","templated":true}]}}