{"id":44687,"date":"2024-01-14T00:34:46","date_gmt":"2024-01-13T23:34:46","guid":{"rendered":"http:\/\/www.infokuryr.cz\/n\/?p=44687"},"modified":"2024-01-13T17:50:08","modified_gmt":"2024-01-13T16:50:08","slug":"jindrich-kulhavy-valka","status":"publish","type":"post","link":"https:\/\/www.infokuryr.cz\/n\/2024\/01\/14\/jindrich-kulhavy-valka\/","title":{"rendered":"Jind\u0159ich Kulhav\u00fd: V\u00e1lka"},"content":{"rendered":"<div id=\"fb-root\"><\/div>\n<p><span class=\"anotation\">Mo\u017en\u00e1 se V\u00e1m zd\u00e1, \u017ee se v posledn\u00edm obdob\u00ed sv\u011bt tak n\u011bjak zbl\u00e1znil. Kdysi se \u0159\u00edkalo: ,,Neber jm\u00e9no bo\u017e\u00ed do \u00fast nadarmo\u201c. \u00a0T\u00edm bylo my\u0161leno pravd\u011bpodobn\u011b asi to, \u017ee je t\u0159eba \u0161et\u0159it s ur\u010dit\u00fdmi slovy, pojmy \u010di souslov\u00edmi, proto\u017ee jejich pou\u017e\u00edv\u00e1n\u00edm doch\u00e1z\u00ed k zleh\u010dov\u00e1n\u00ed jejich v\u00fdznamu. Je mnoho takov\u00fdch, u kter\u00fdch by vy\u0159\u010den\u00ed v ur\u010dit\u00e9 spojitosti m\u011blo m\u00edt svou ur\u010ditou v\u00e1hu. Jako p\u0159\u00edklad m\u016f\u017eeme uv\u00e9st nap\u0159\u00edklad slova l\u00e1ska, v\u00edra, st\u00e1\u0159\u00ed, smrt, d\u016fv\u011bra, zdrav\u00ed.<\/span><\/p>\n<div id=\"pagetext\">\n<p>\u00a0 Mo\u017en\u00e1 V\u00e1s \u00favod \u010dl\u00e1nku trochu zm\u00e1tnul, ale brzy pochop\u00edte, kam autor m\u00ed\u0159\u00ed. V\u00a0posledn\u00ed dob\u011b je velmi \u010dasto pou\u017e\u00edvan\u00fdm v\u00fdrazem slovo v\u00e1lka. P\u0159esto\u017ee samotn\u00fd v\u00fdznam je u\u017e s\u00e1m o sob\u011b stra\u0161ideln\u00fd, proto\u017ee vyjad\u0159uje touhu mocn\u00fdch nechat pro sv\u00e9 z\u00e1jmy, n\u00e1lady a vrtochy um\u00edrat jin\u00e9, kte\u0159\u00ed maj\u00ed z\u00a0n\u011bjak\u00e9ho d\u016fvodu pod\u0159azen\u00e9 postaven\u00ed, ten skute\u010dn\u011b nejhor\u0161\u00ed dopad v\u00e1lky je je\u0161t\u011b mnohem hor\u0161\u00ed. Sou\u010d\u00e1st\u00ed v\u00e1lek je toti\u017e hlavn\u011b a p\u0159edev\u0161\u00edm n\u00e1sil\u00ed p\u0159in\u00e1\u0161ej\u00edc\u00ed nejen mrtv\u00e9, ale i t\u011b\u017ece zran\u011bn\u00e9, zmrza\u010den\u00e9 a psychicky tot\u00e1ln\u011b rozlo\u017een\u00e9 lidi. Jestli\u017ee by m\u011bl b\u00fdt lidsk\u00fd \u017eivot t\u00edm nejcenn\u011bj\u0161\u00edm, co \u010dlov\u011bk m\u00e1, a ve skute\u010dnosti tomu tak i je, pak by si m\u011bl uv\u011bdomit, \u017ee pro\u017e\u00edt ho v\u00a0m\u00edru, ve zdrav\u00ed a snad i dostate\u010dn\u011b dlouh\u00fd je prioritou ka\u017ed\u00e9ho aspo\u0148 trochu inteligentn\u00edho \u010dlov\u011bka. V\u00e1lka spojen\u00e1 s\u00a0bojem o vlastn\u00ed p\u0159e\u017eit\u00ed a sm\u011b\u0159uj\u00edc\u00ed k\u00a0v\u00edt\u011bzstv\u00ed, kter\u00e9 m\u016f\u017ee p\u0159in\u00e9st prosp\u011bch jen t\u011bm, kte\u0159\u00ed ji p\u0159e\u017eili bez n\u00e1sledk\u016f, a je\u0161t\u011b jsou v\u00a0postaven\u00ed, kdy jim z\u00a0nich p\u016fjdou bonusy, je pro v\u0161echny ostatn\u00ed kontraproduktivn\u00ed.<\/p>\n<p>Na soci\u00e1ln\u00edch s\u00edt\u00edch se st\u00e1vaj\u00ed popul\u00e1rn\u00edmi z\u00e1b\u011bry r\u016fzn\u011b posti\u017een\u00fdch lid\u00ed, kte\u0159\u00ed se perou s\u00a0osudem. Chyb\u00ed jim nap\u0159\u00edklad n\u011bkter\u00e1 s\u00a0kon\u010detin a oni ukazuj\u00ed, \u017ee se s\u00a0t\u00edm d\u00e1 v\u00a0pohod\u011b \u017e\u00edt, z\u00e1rove\u0148 dost\u00e1vaj\u00ed lajky. Ve skute\u010dnosti je samoz\u0159ejm\u011b fajn, \u017ee se lid\u00e9 narozen\u00ed s\u00a0t\u011blesn\u00fdm handicapem integruj\u00ed do norm\u00e1ln\u00edho sv\u011bta a dok\u00e1\u017eou se vzep\u0159\u00edt osudu, za to maj\u00ed na\u0161i podporu, nicm\u00e9n\u011b se pt\u00e1me, pro\u010d by m\u011bla spole\u010dnost podobn\u011b po\u0161kozen\u00e9 lidi systematicky vyr\u00e1b\u011bt. A ve v\u00e1lk\u00e1ch se toto d\u011bje. Sta\u010d\u00ed se pod\u00edvat na \u017eij\u00edc\u00ed torza \u00fa\u010dastn\u00edk\u016f v\u00e1lky na v\u00fdchodu Ukrajiny, kter\u00e1 se vrac\u00ed z\u00a0boj\u016f. Nesm\u00edme zapom\u00ednat ani na ty, kte\u0159\u00ed si podobn\u00fd ,,luxus\u201c u\u017e\u00edvali od roku 2014 p\u0159i ost\u0159elov\u00e1n\u00ed \u00fazem\u00ed ob\u00fdvan\u00e9m p\u0159ev\u00e1\u017en\u011b rusky hovo\u0159\u00edc\u00edmi obyvateli. U\u017e tehdy byly polo\u017eeny z\u00e1klady k\u00a0nyn\u011bj\u0161\u00ed situaci. Abychom nebyli oso\u010dov\u00e1ni z\u00a0nadr\u017eov\u00e1n\u00ed Rusku, i kdy\u017e pravdou je, \u017ee si Ukrajina tak dlouho o z\u00e1sah \u0159\u00edkal, a\u017e p\u0159i\u0161el, pod\u00edvejme se jinam, kde jsou sly\u0161et zbran\u011b. Izrael \u0159\u00e1d\u00ed v\u00a0p\u00e1smu Gazy, Isl\u00e1msk\u00fd st\u00e1t byl teprve ned\u00e1vno vytla\u010den ze S\u00fdrie, v\u00a0\u010d\u00e1sti Afriky se st\u0159et\u00e1vaj\u00ed r\u016fzn\u00e9 n\u00e1bo\u017eensky lad\u011bn\u00e9 boj\u016fvky, bojuje se o bezpe\u010dnost v\u00a0Rud\u00e9m mo\u0159i, Ameri\u010dan\u00e9 maj\u00ed za sebou Vietnam, Afganist\u00e1n, Ir\u00e1k, brous\u00ed si zuby na Taiwan, napadnuly Srbsko a dote\u010f v\u00a0jeho okol\u00ed d\u00e1vaj\u00ed na odiv svou leteckou s\u00edlu. No, a pot\u00e9 tu m\u00e1me lok\u00e1ln\u00ed st\u0159ety, jako jsou v\u00a0Barm\u011b. Tam v\u0161ude \u017eij\u00ed lid\u00e9 maj\u00edc\u00ed rodiny, bl\u00edzk\u00e9 a strach o n\u011b i o sebe sam\u00e9.<\/p>\n<p><a href=\"https:\/\/stranapro.cz\/\"><img decoding=\"async\" loading=\"lazy\" class=\"alignnone  wp-image-40285 aligncenter\" src=\"http:\/\/www.infokuryr.cz\/n\/wp-content\/uploads\/2023\/11\/11pro-300x79.png\" alt=\"\" width=\"611\" height=\"161\" srcset=\"https:\/\/www.infokuryr.cz\/n\/wp-content\/uploads\/2023\/11\/11pro-300x79.png 300w, https:\/\/www.infokuryr.cz\/n\/wp-content\/uploads\/2023\/11\/11pro.png 363w\" sizes=\"(max-width: 611px) 100vw, 611px\" \/><\/a><\/p>\n<p>Mrza\u010den\u00ed lid\u00ed, zm\u011bny lidsk\u00fdch osud\u016f formou zab\u00edjen\u00ed, kop\u00e1n\u00ed z\u00e1kop\u016f, pokl\u00e1d\u00e1n\u00ed n\u00e1\u0161lapn\u00fdch min a pou\u017e\u00edv\u00e1n\u00ed st\u00e1le z\u00e1ke\u0159n\u011bj\u0161\u00edch zbran\u00ed v\u010detn\u011b biologick\u00fdch ohro\u017euj\u00edc\u00edch nav\u00edc civiln\u00ed obyvatelstvo bez ohledu na jeho zainteresovanost v\u00a0konfliktu jsou prost\u011b uk\u00e1zkou stinn\u00e9 povahy lidstva. Jestli\u017ee v\u00a0p\u0159\u00edrod\u011b zaznamen\u00e1v\u00e1me krutost p\u0159edev\u0161\u00edm v\u00a0boji o p\u0159e\u017eit\u00ed a potravu, u lid\u00ed se to zvrhnulo v\u00a0hromadnou likvidaci um\u011ble elitami vytvo\u0159en\u00fdch nep\u0159\u00e1tel bez p\u0159\u00ed\u010diny v\u00a0hladu \u010di neschopnosti u\u017eivit lidi v\u00a0ur\u010dit\u00fdch lokalit\u00e1ch. \u010clov\u011bk je natolik inteligentn\u00ed a pracovit\u00fd tvor, \u017ee by pro n\u011bj nem\u011bly b\u00fdt probl\u00e9mem jist\u00e1 solidarita, schopnost pom\u00e1hat a u\u010dit m\u00e9n\u011b schopn\u00e9 tak, aby se stali sob\u011bsta\u010dn\u00fdmi tam, kde se narodili. M\u00edsto toho se uzn\u00e1vanou normou pro lidstvo staly bohatstv\u00ed, luxus, komerce a ideologie. Ne, kv\u016fli potravin\u00e1m lid\u00e9 neum\u00edraj\u00ed, t\u011bch je v\u00a0d\u016fsledku lidsk\u00e9 pr\u00e1ce spojen\u00e9 s\u00a0p\u0159\u00edrodou dostatek a jedinou komplikac\u00ed je pot\u0159eba je po t\u00e9 planet\u011b rozv\u00e9st, ale lid\u00e9 se vra\u017ed\u00ed kv\u016fli n\u011b\u010demu \u00fapln\u011b jin\u00e9mu.<\/p>\n<p>V\u00a0posledn\u00ed dob\u011b sl\u00fdch\u00e1me slovo v\u00e1lka st\u00e1le \u010dast\u011bji. Nej\u010dast\u011bji ho vyslovuj\u00ed ti, kte\u0159\u00ed by na frontu nikdy nedorazili. Tedy od \u010deln\u00edch politik\u016f, byznysmen\u016f a hlavn\u00edch ideolog\u016f. N\u011bjak jim nedoch\u00e1z\u00ed, \u017ee sv\u011btov\u00fd zbrojn\u00ed arzen\u00e1l n\u011bkolikan\u00e1sobn\u011b svou silou p\u0159esahuje schopnost lidstva a mo\u017en\u00e1 i planety p\u0159e\u017e\u00edt. \u0160ance, \u017ee by po skon\u010den\u00ed dal\u0161\u00ed sv\u011btov\u00e9 v\u00e1lky museli pr\u00e1v\u011b oni z\u016fstat na\u017eivu, nepo\u0161kozen\u00ed a z\u00e1rove\u0148 by m\u011bli koho d\u00e1le ovl\u00e1dat, je miziv\u00e1. Nav\u00edc nejmilitantn\u011bj\u0161\u00ed je Z\u00e1pad neuv\u011bdomuj\u00edc\u00ed si skute\u010dnou s\u00edlu potencion\u00e1ln\u00edho nep\u0159\u00edtele. Rusov\u00e9 a \u010c\u00ed\u0148an\u00e9 rozhodn\u011b nestoj\u00ed proti tomu slavn\u00e9mu Z\u00e1padu osamoceni, proto\u017ee nadvl\u00e1dy jeho l\u00eddra USA u\u017e maj\u00ed dost \u00fapln\u011b v\u0161ichni. Tedy pr\u00e1v\u011b a\u017e na ty za\u0159\u00edk\u00e1va\u010de v\u00e1lky vze\u0161l\u00e9 v\u00a0Evrop\u011b z\u00a0liberalismu, ve sv\u011bt\u011b z\u00a0pochybn\u00fdch ideologi\u00ed. Nedejme se zm\u00e1st snahou odzbrojit civiln\u00ed obyvatelstvo. Ten d\u016fvod nen\u00ed eliminovat \u0161\u00edlen\u00e9 st\u0159elce na univerzit\u00e1ch (mimochodem dle jist\u00fdch indici\u00ed a jedn\u00e9 z\u00a0r\u016fzn\u011b prezentovan\u00fdch teori\u00ed \u0161lo o dal\u0161\u00edho magora boj\u00edc\u00edho se ekokonce planety a lidstva), ale o znemo\u017en\u011bn\u00ed ob\u010dan\u016fm postavit se vlastn\u00edm vl\u00e1dc\u016fm a vz\u00edt osud do sv\u00fdch rukou. Je poetick\u00e9 vn\u00edmat z\u00e1rove\u0148 snahu o odzbrojen\u00ed ob\u010dan\u016f a k\u00a0tomu sly\u0161et nutnost p\u0159\u00edpravy za pravd\u011bpodobnou v\u00e1lku s\u00a0domn\u011bl\u00fdm nep\u0159\u00edtelem.<\/p>\n<p>Jen pro vysv\u011btlen\u00ed. Ka\u017ed\u00fd norm\u00e1ln\u00ed \u010dlov\u011bk by m\u011bl nejd\u0159\u00edve br\u00e1nit sebe, pot\u00e9 bl\u00edzk\u00e9, vlastn\u00ed d\u016fm, pozemek, vesnici, m\u011bsto, okres, st\u00e1t. V\u00a0tomto po\u0159ad\u00ed, nikoliv v\u00a0opa\u010dn\u00e9m. \u00dato\u010dn\u00e1 v\u00e1lka\u00a0je tou posledn\u00ed variantou, kterou by se kdokoliv m\u011bl prezentovat. tou paradoxn\u011b rusk\u00e1 speci\u00e1ln\u00ed operace nen\u00ed, a\u010d je n\u00e1m tak prezentov\u00e1na, je to toti\u017e avizovan\u00e1 obrann\u00e1 ace z\u00a0pohledu rusky hovo\u0159\u00edc\u00edch obyvatel\u016f Don\u011bcka, Luhanska a Krymu i cel\u00e9 Rusk\u00e9 federace, bez n\u00ed by brzy n\u00e1sledoval v\u011bt\u0161\u00ed atak v oblasti. Nenechme tedy nikoho br\u00e1t slovo v\u00e1lka na lehkou v\u00e1hu, proto\u017ee um\u00edrat pak budou na\u0161e d\u011bti, p\u0159\u00edpadn\u011b se budou vracet dom\u016f bez rukou, nohou \u010di psychicky podlomen\u00ed. My p\u0159ijdeme o v\u0161e v\u010detn\u011b majetku. To v\u0161e pro zcestn\u00e9 z\u00e1jmy jin\u00fdch.<\/p>\n<p><a href=\"https:\/\/www.inadhled.live\/uvaha-dne\/valka\/\">Jind\u0159ich Kulhav\u00fd<\/a><\/p>\n<p><img decoding=\"async\" loading=\"lazy\" class=\"alignnone size-medium wp-image-22653\" src=\"http:\/\/www.infokuryr.cz\/n\/wp-content\/uploads\/2023\/02\/jindra-kulhavy-221x300.jpg\" alt=\"\" width=\"221\" height=\"300\" srcset=\"https:\/\/www.infokuryr.cz\/n\/wp-content\/uploads\/2023\/02\/jindra-kulhavy-221x300.jpg 221w, https:\/\/www.infokuryr.cz\/n\/wp-content\/uploads\/2023\/02\/jindra-kulhavy.jpg 311w\" sizes=\"(max-width: 221px) 100vw, 221px\" \/><\/p>\n<p>&nbsp;<\/p>\n<\/div>\n","protected":false},"excerpt":{"rendered":"<p>Mo\u017en\u00e1 se V\u00e1m zd\u00e1, \u017ee se v posledn\u00edm obdob\u00ed sv\u011bt tak n\u011bjak zbl\u00e1znil. Kdysi se&#8230;<\/p>\n","protected":false},"author":2,"featured_media":44688,"comment_status":"closed","ping_status":"closed","sticky":false,"template":"","format":"standard","meta":[],"categories":[6],"tags":[29,122,40],"_links":{"self":[{"href":"https:\/\/www.infokuryr.cz\/n\/wp-json\/wp\/v2\/posts\/44687"}],"collection":[{"href":"https:\/\/www.infokuryr.cz\/n\/wp-json\/wp\/v2\/posts"}],"about":[{"href":"https:\/\/www.infokuryr.cz\/n\/wp-json\/wp\/v2\/types\/post"}],"author":[{"embeddable":true,"href":"https:\/\/www.infokuryr.cz\/n\/wp-json\/wp\/v2\/users\/2"}],"replies":[{"embeddable":true,"href":"https:\/\/www.infokuryr.cz\/n\/wp-json\/wp\/v2\/comments?post=44687"}],"version-history":[{"count":1,"href":"https:\/\/www.infokuryr.cz\/n\/wp-json\/wp\/v2\/posts\/44687\/revisions"}],"predecessor-version":[{"id":44689,"href":"https:\/\/www.infokuryr.cz\/n\/wp-json\/wp\/v2\/posts\/44687\/revisions\/44689"}],"wp:featuredmedia":[{"embeddable":true,"href":"https:\/\/www.infokuryr.cz\/n\/wp-json\/wp\/v2\/media\/44688"}],"wp:attachment":[{"href":"https:\/\/www.infokuryr.cz\/n\/wp-json\/wp\/v2\/media?parent=44687"}],"wp:term":[{"taxonomy":"category","embeddable":true,"href":"https:\/\/www.infokuryr.cz\/n\/wp-json\/wp\/v2\/categories?post=44687"},{"taxonomy":"post_tag","embeddable":true,"href":"https:\/\/www.infokuryr.cz\/n\/wp-json\/wp\/v2\/tags?post=44687"}],"curies":[{"name":"wp","href":"https:\/\/api.w.org\/{rel}","templated":true}]}}