{"id":44647,"date":"2024-01-13T09:15:37","date_gmt":"2024-01-13T08:15:37","guid":{"rendered":"http:\/\/www.infokuryr.cz\/n\/?p=44647"},"modified":"2024-01-13T09:15:37","modified_gmt":"2024-01-13T08:15:37","slug":"amerika-pred-obcanskou-valkou-texaska-narodni-garda-obsadila-hranice-s-mexikem","status":"publish","type":"post","link":"https:\/\/www.infokuryr.cz\/n\/2024\/01\/13\/amerika-pred-obcanskou-valkou-texaska-narodni-garda-obsadila-hranice-s-mexikem\/","title":{"rendered":"Amerika p\u0159ed ob\u010danskou v\u00e1lkou! Texask\u00e1 n\u00e1rodn\u00ed garda obsadila hranice s Mexikem"},"content":{"rendered":"<div id=\"fb-root\"><\/div>\n<p class=\"lead\"><strong>Texask\u00e1 n\u00e1rodn\u00ed garda zak\u00e1zala agent\u016fm feder\u00e1ln\u00ed pohrani\u010dn\u00ed str\u00e1\u017ee USA p\u0159\u00edstup na m\u00edsto pod\u00e9l hranice s Mexikem.\u00a0Informovala o tom CBS News s odvol\u00e1n\u00edm na americk\u00e9 p\u0159edstavitele 12. ledna.<\/strong><\/p>\n<p><em>&#8222;Texas\u0161t\u00ed \u00fa\u0159edn\u00edci tento t\u00fdden n\u00e1hle zak\u00e1zali agent\u016fm americk\u00e9 feder\u00e1ln\u00ed pohrani\u010dn\u00ed hl\u00eddky vstupovat a hl\u00eddat ve\u0159ejn\u00e9 prostory v pohrani\u010dn\u00edm m\u011bst\u011b Eagle Pass, kde se obvykle poprv\u00e9 setkaj\u00ed s migranty p\u0159ekra\u010duj\u00edc\u00edmi Rio Grande neleg\u00e1ln\u011b.&#8220;<span class=\"after-quote\"> &#8211; uv\u00e1d\u00ed zpr\u00e1va.<\/span><\/em><\/p>\n<p><span>Je t\u0159eba poznamenat, \u017ee Texask\u00e1 n\u00e1rodn\u00ed garda p\u0159evzala kontrolu nad Shelby Parkem v Eagle Pass, kde agenti pohrani\u010dn\u00ed str\u00e1\u017ee v posledn\u00edch t\u00fddnech zadr\u017eovali migranty p\u0159ed odjezdem.\u00a0Nyn\u00ed Texasan\u00e9 odm\u00edtaj\u00ed vstup feder\u00e1ln\u00edm zam\u011bstnanc\u016fm a br\u00e1n\u00ed jim v pln\u011bn\u00ed jejich povinnost\u00ed.<\/span><\/p>\n<p><span>Publikace p\u0159ipomn\u011bla, \u017ee 12. ledna r\u00e1no ozna\u010dilo americk\u00e9 ministerstvo spravedlnosti konfrontaci mezi Texasem a feder\u00e1ln\u00ed vl\u00e1dou jako nouzovou.\u00a0Agentura uvedla, \u017ee nov\u00e9 akce Texasu &#8222;demonstruj\u00ed eskalaci st\u00e1tn\u00edch snah zablokovat schopnost pohrani\u010dn\u00ed hl\u00eddky hl\u00eddat nebo dokonce monitorovat hranici a b\u00fdt schopna reagovat na mimo\u0159\u00e1dn\u00e9 ud\u00e1losti&#8220;.<\/span><\/p>\n<p><strong><span>Z\u00e1rove\u0148 Michael Perry<\/span><\/strong><span>\u00a0, mluv\u010d\u00ed texask\u00e9ho vojensk\u00e9ho odd\u011blen\u00ed\u00a0, uvedl, \u017ee v\u0161echny st\u00e1tn\u00ed akce maj\u00ed za c\u00edl zabr\u00e1nit migrant\u016fm v neleg\u00e1ln\u00edm p\u0159ekro\u010den\u00ed hranice.<\/span><\/p>\n<p><em>\u201eTexask\u00e1 n\u00e1rodn\u00ed garda m\u00e1 od roku 2021 v Shelby Parku bezpe\u010dnostn\u00ed stanovi\u0161t\u011b a do\u010dasnou bari\u00e9ru.\u00a0Sou\u010dasn\u00fd postoj je p\u0159ipravit se na budouc\u00ed n\u00e1r\u016fst neleg\u00e1ln\u00edch p\u0159ist\u011bhovalc\u016f a omezit p\u0159\u00edstup organizac\u00edm, kter\u00e9 udr\u017euj\u00ed p\u0159echody neleg\u00e1ln\u00edch p\u0159ist\u011bhovalc\u016f v parku a oblasti Eagle Pass.&#8220;<span class=\"after-quote\">\u00a0\u0159ekl Perry v prohl\u00e1\u0161en\u00ed.<\/span><\/em><\/p>\n<p>Cel\u00fd akt odporu americk\u00e9ho st\u00e1tu Texas vyvolal nev\u00eddanou situaci v tom, \u017ee n\u00e1rodn\u00ed garda a st\u00e1t Texas p\u0159evzal rozhodov\u00e1n\u00ed za feder\u00e1ln\u00ed \u00fa\u0159ady a zak\u00e1zal jejich \u010dinnost, \u010d\u00edm\u017e vznikl precedent k zah\u00e1jen\u00ed ob\u010dansk\u00e9 v\u00e1lky na \u00fazem\u00ed USA v p\u0159\u00edpad\u011b, \u017ee Biden a spol. po\u0161lou do Texasu donucovac\u00ed jednotky arm\u00e1dy USA a dal\u0161\u00edch karatelsk\u00fdch sbor\u016f, aby si vymohly feder\u00e1ln\u00ed pr\u00e1vo.<\/p>\n<p><img decoding=\"async\" loading=\"lazy\" class=\"alignnone size-full wp-image-1185\" src=\"http:\/\/www.infokuryr.cz\/n\/wp-content\/uploads\/2021\/04\/kuryr-podpis.png\" alt=\"\" width=\"84\" height=\"24\" \/><\/p>\n<p>&nbsp;<\/p>\n<p>&nbsp;<\/p>\n","protected":false},"excerpt":{"rendered":"<p>Texask\u00e1 n\u00e1rodn\u00ed garda zak\u00e1zala agent\u016fm feder\u00e1ln\u00ed pohrani\u010dn\u00ed str\u00e1\u017ee USA p\u0159\u00edstup na m\u00edsto pod\u00e9l hranice s&#8230;<\/p>\n","protected":false},"author":2,"featured_media":44648,"comment_status":"closed","ping_status":"closed","sticky":false,"template":"","format":"standard","meta":[],"categories":[7],"tags":[804,396,5339,2642,37],"_links":{"self":[{"href":"https:\/\/www.infokuryr.cz\/n\/wp-json\/wp\/v2\/posts\/44647"}],"collection":[{"href":"https:\/\/www.infokuryr.cz\/n\/wp-json\/wp\/v2\/posts"}],"about":[{"href":"https:\/\/www.infokuryr.cz\/n\/wp-json\/wp\/v2\/types\/post"}],"author":[{"embeddable":true,"href":"https:\/\/www.infokuryr.cz\/n\/wp-json\/wp\/v2\/users\/2"}],"replies":[{"embeddable":true,"href":"https:\/\/www.infokuryr.cz\/n\/wp-json\/wp\/v2\/comments?post=44647"}],"version-history":[{"count":0,"href":"https:\/\/www.infokuryr.cz\/n\/wp-json\/wp\/v2\/posts\/44647\/revisions"}],"wp:featuredmedia":[{"embeddable":true,"href":"https:\/\/www.infokuryr.cz\/n\/wp-json\/wp\/v2\/media\/44648"}],"wp:attachment":[{"href":"https:\/\/www.infokuryr.cz\/n\/wp-json\/wp\/v2\/media?parent=44647"}],"wp:term":[{"taxonomy":"category","embeddable":true,"href":"https:\/\/www.infokuryr.cz\/n\/wp-json\/wp\/v2\/categories?post=44647"},{"taxonomy":"post_tag","embeddable":true,"href":"https:\/\/www.infokuryr.cz\/n\/wp-json\/wp\/v2\/tags?post=44647"}],"curies":[{"name":"wp","href":"https:\/\/api.w.org\/{rel}","templated":true}]}}