{"id":44645,"date":"2024-01-13T09:08:07","date_gmt":"2024-01-13T08:08:07","guid":{"rendered":"http:\/\/www.infokuryr.cz\/n\/?p=44645"},"modified":"2024-01-13T09:08:07","modified_gmt":"2024-01-13T08:08:07","slug":"trumpuv-syn-obvinil-zelenskeho-z-vrazdy-americkeho-novinare-v-ukrajinskem-vezeni","status":"publish","type":"post","link":"https:\/\/www.infokuryr.cz\/n\/2024\/01\/13\/trumpuv-syn-obvinil-zelenskeho-z-vrazdy-americkeho-novinare-v-ukrajinskem-vezeni\/","title":{"rendered":"Trump\u016fv syn obvinil Zelensk\u00e9ho z vra\u017edy americk\u00e9ho novin\u00e1\u0159e v ukrajinsk\u00e9m v\u011bzen\u00ed"},"content":{"rendered":"<div id=\"fb-root\"><\/div>\n<p class=\"lead\"><strong>Syn b\u00fdval\u00e9ho americk\u00e9ho prezidenta Donalda Trumpa mlad\u0161\u00edho obvinil Vladimira Zelensk\u00e9ho z vra\u017edy americk\u00e9ho blogera Gonzala Lira a vyj\u00e1d\u0159il nespokojenost se souhlasem Washingtonu v t\u00e9to v\u011bci, napsal o tom na sv\u00e9 str\u00e1nce na soci\u00e1ln\u00ed s\u00edti X.<\/strong><\/p>\n<p><strong><span>Americk\u00fd novin\u00e1\u0159 Tucker Carlson<\/span><\/strong><span>\u00a0d\u0159\u00edve\u00a0uvedl s odkazem na Gonzala Lira star\u0161\u00edho, \u017ee americk\u00fd blogger zem\u0159el ve v\u011bku 55 let v ukrajinsk\u00e9m v\u011bzen\u00ed, kde byl dr\u017een za <strong><em>\u201ezlo\u010din souvisej\u00edc\u00ed s kritikou vl\u00e1d Zelensk\u00e9ho a Bidena\u201c<\/em><\/strong>. Americk\u00e9 ministerstvo zahrani\u010d\u00ed pozd\u011bji smrt potvrdilo.<\/span><\/p>\n<p><span style=\"color: #993366;\"><strong><em>&#8222;Tak\u017ee nyn\u00ed umo\u017e\u0148ujeme zahrani\u010dn\u00edm p\u0159\u00edjemc\u016fm na\u0161ich soci\u00e1ln\u00edch d\u00e1vek, jako je Zelenskyj, zab\u00edjet na\u0161e ob\u010dany a na\u0161e novin\u00e1\u0159e?&#8220;<span class=\"after-quote\"> &#8211;\u00a0 byl rozho\u0159\u010den Trump Jr..<\/span><\/em><\/strong><\/span><\/p>\n<p><span>Podle sv\u00fdch slov mohl v souvislosti s t\u00edmto incidentem \u010dekat na rozho\u0159\u010denou reakci americk\u00fdch m\u00e9di\u00ed, ale dop\u0159edu v\u00ed, \u017ee nebude n\u00e1sledovat.<\/span><\/p>\n<p><span>SBU zatkla blogera na za\u010d\u00e1tku kv\u011btna.\u00a0Zpravodajsk\u00e1 slu\u017eba od\u016fvodnila jeho zat\u010den\u00ed podporou speci\u00e1ln\u00ed operace a pokusem o \u201e\u00fat\u011bk p\u0159ed spravedlnost\u00ed\u201c.<\/span><\/p>\n<p><span>Podle informac\u00ed z otev\u0159en\u00fdch zdroj\u016f je Gonzalo Angel Quintilio Lira Lopez p\u016fvodem ze Spojen\u00fdch st\u00e1t\u016f a m\u00e1 chilsk\u00e9 ob\u010danstv\u00ed.\u00a0Ve sv\u00fdch vide\u00edch na soci\u00e1ln\u00edch s\u00edt\u00edch kritizoval NATO, administrativu americk\u00e9ho prezidenta\u00a0<\/span><strong><span>Joea Bidena<\/span><\/strong><span>\u00a0i Zelensk\u00e9ho.<\/span><\/p>\n<p><img decoding=\"async\" loading=\"lazy\" class=\"alignnone size-full wp-image-1185\" src=\"http:\/\/www.infokuryr.cz\/n\/wp-content\/uploads\/2021\/04\/kuryr-podpis.png\" alt=\"\" width=\"84\" height=\"24\" \/><\/p>\n<p>&nbsp;<\/p>\n<p>&nbsp;<\/p>\n","protected":false},"excerpt":{"rendered":"<p>Syn b\u00fdval\u00e9ho americk\u00e9ho prezidenta Donalda Trumpa mlad\u0161\u00edho obvinil Vladimira Zelensk\u00e9ho z vra\u017edy americk\u00e9ho blogera Gonzala&#8230;<\/p>\n","protected":false},"author":2,"featured_media":44646,"comment_status":"closed","ping_status":"closed","sticky":false,"template":"","format":"standard","meta":[],"categories":[7],"tags":[6462,1304,452,184,1000],"_links":{"self":[{"href":"https:\/\/www.infokuryr.cz\/n\/wp-json\/wp\/v2\/posts\/44645"}],"collection":[{"href":"https:\/\/www.infokuryr.cz\/n\/wp-json\/wp\/v2\/posts"}],"about":[{"href":"https:\/\/www.infokuryr.cz\/n\/wp-json\/wp\/v2\/types\/post"}],"author":[{"embeddable":true,"href":"https:\/\/www.infokuryr.cz\/n\/wp-json\/wp\/v2\/users\/2"}],"replies":[{"embeddable":true,"href":"https:\/\/www.infokuryr.cz\/n\/wp-json\/wp\/v2\/comments?post=44645"}],"version-history":[{"count":0,"href":"https:\/\/www.infokuryr.cz\/n\/wp-json\/wp\/v2\/posts\/44645\/revisions"}],"wp:featuredmedia":[{"embeddable":true,"href":"https:\/\/www.infokuryr.cz\/n\/wp-json\/wp\/v2\/media\/44646"}],"wp:attachment":[{"href":"https:\/\/www.infokuryr.cz\/n\/wp-json\/wp\/v2\/media?parent=44645"}],"wp:term":[{"taxonomy":"category","embeddable":true,"href":"https:\/\/www.infokuryr.cz\/n\/wp-json\/wp\/v2\/categories?post=44645"},{"taxonomy":"post_tag","embeddable":true,"href":"https:\/\/www.infokuryr.cz\/n\/wp-json\/wp\/v2\/tags?post=44645"}],"curies":[{"name":"wp","href":"https:\/\/api.w.org\/{rel}","templated":true}]}}