{"id":44636,"date":"2024-01-13T06:36:22","date_gmt":"2024-01-13T05:36:22","guid":{"rendered":"http:\/\/www.infokuryr.cz\/n\/?p=44636"},"modified":"2024-01-13T06:36:22","modified_gmt":"2024-01-13T05:36:22","slug":"michael-svatos-brusel-se-smluvne-zavazal-prijmout-250-tisic-novych-africkych-imigrantu","status":"publish","type":"post","link":"https:\/\/www.infokuryr.cz\/n\/2024\/01\/13\/michael-svatos-brusel-se-smluvne-zavazal-prijmout-250-tisic-novych-africkych-imigrantu\/","title":{"rendered":"Michael Svato\u0161: Brusel se smluvn\u011b zav\u00e1zal p\u0159ijmout 250 tis\u00edc nov\u00fdch africk\u00fdch imigrant\u016f!"},"content":{"rendered":"<div id=\"fb-root\"><\/div>\n<p><span style=\"font-size: 18pt;\"><strong>Brusel se smluvn\u011b zav\u00e1zal p\u0159ijmout 250 tis\u00edc nov\u00fdch africk\u00fdch imigrant\u016f! Uzav\u0159en\u00ed smlouvy ozn\u00e1mil mluv\u010d\u00ed ke\u0148sk\u00e9ho prezidenta Hussein Mohamad. Smlouvu podepsala t\u011bsn\u011b p\u0159ed v\u00e1noci Ursula, kdy\u017e byla na safari!<\/strong><\/span><\/p>\n<p>V\u0161ichni \u010de\u0161t\u00ed nep\u0159\u00e1tel\u00e9 Vladim\u00edra Putina mohou j\u00e1sat. Bruselsk\u00e9 komisi se 18. prosince 2023 poda\u0159ilo tvrd\u00fdm \u00faderem zhatit nejnov\u011bj\u0161\u00ed Putinovy pl\u00e1ny na rozvoj rusk\u00e9 ekonomiky. Jak v\u010dera ozn\u00e1mil mluv\u010d\u00ed ke\u0148sk\u00e9ho prezidenta Hussein Mohamad, rozd\u011blen\u00ed leto\u0161n\u00ed kv\u00f3ty imigrant\u016f z Keni, o kter\u00e9 se na jedn\u00e1n\u00edch tvrd\u011b soupe\u0159ilo, bude provedeno podle n\u00e1sleduj\u00edc\u00edho kl\u00ed\u010de: N\u011bmecko 250 tis\u00edc, Izrael 30 tis\u00edc, Srbsko 20 tis\u00edc, a Rusko jen 10 tis\u00edc p\u0159ev\u00e1\u017en\u011b stavebn\u00edch d\u011bln\u00edk\u016f. Zdravotn\u00ed sestry budou p\u0159ednostn\u011b pos\u00edl\u00e1ny do Saudsk\u00e9 Ar\u00e1bie, kter\u00e1 si vyb\u00edr\u00e1 prvn\u00ed, a zb\u00fdvaj\u00edc\u00ed budou odesl\u00e1ny do Izraele, kter\u00fd je asi nal\u00e9hav\u011b pot\u0159ebuje, proto\u017ee v\u00e1lka v Gaze se protahuje a ran\u011bn\u00ed p\u0159ib\u00fdvaj\u00ed.<\/p>\n<div id=\"attachment_8683\" class=\"wp-caption aligncenter\" style=\"width: 957px;\"><img decoding=\"async\" loading=\"lazy\" class=\" wp-image-8683\" src=\"https:\/\/www.michalapetr.com\/wp-content\/uploads\/2024\/01\/P062683-803561.jpg\" sizes=\"(max-width: 1117px) 100vw, 1117px\" srcset=\"https:\/\/www.michalapetr.com\/wp-content\/uploads\/2024\/01\/P062683-803561.jpg 1117w, https:\/\/www.michalapetr.com\/wp-content\/uploads\/2024\/01\/P062683-803561-300x200.jpg 300w, https:\/\/www.michalapetr.com\/wp-content\/uploads\/2024\/01\/P062683-803561-1030x687.jpg 1030w, https:\/\/www.michalapetr.com\/wp-content\/uploads\/2024\/01\/P062683-803561-768x512.jpg 768w, https:\/\/www.michalapetr.com\/wp-content\/uploads\/2024\/01\/P062683-803561-705x470.jpg 705w, https:\/\/www.michalapetr.com\/wp-content\/uploads\/2024\/01\/P062683-803561-450x300.jpg 450w\" alt=\"\" width=\"957\" height=\"638\" aria-describedby=\"caption-attachment-8683\" \/><\/p>\n<p id=\"caption-attachment-8683\" class=\"wp-caption-text\">18.12.2023 podepsala Ursula v Keni smlouvu \u201c<a href=\"https:\/\/www.eeas.europa.eu\/delegations\/kenya\/eu-kenya-economic-partnership-agreement_en?s=352\">O vytv\u00e1\u0159en\u00ed pracovn\u00edch m\u00edst na obou stran\u00e1ch<\/a>\u201c, a u\u017e v\u010dera Ke\u0148a ozn\u00e1mila, \u017ee po\u0161le do N\u011bmecka 250 tis\u00edc uchaze\u010d\u016f o pr\u00e1ci.<\/p>\n<\/div>\n<p>N\u011bmeck\u00e1 vl\u00e1da u\u017e asi \u0161turmuje, aby nov\u00e9 uchaze\u010de o n\u011bmeckou pr\u00e1ci m\u011bla kde ubytovat,\u00a0<a href=\"https:\/\/www.merkur.de\/wirtschaft\/bundesregierung-subventionen-48-milliarden-euro-landwirtschaft-bauernstreik-wohnungsbau-zr-92773509.html\">proto\u017ee v\u010dera schv\u00e1lila dotaci 21.8 miliardy EUR<\/a>, ( 538 miliard CZK ), na v\u00fdstavbu byt\u016f! N\u011bmecko utrat\u00ed v roce 2024 na st\u00e1tn\u00edch dotac\u00edch celkem 48 miliard EUR, (1 184 miliard CZK), 45% ze v\u0161ech dotac\u00ed p\u016fjde na bytovou v\u00fdstavbu! N\u011bmecko dramaticky o\u0159ez\u00e1v\u00e1 v\u00fddaje na Green Deal, aby odvr\u00e1tilo krizi. Srovn\u00e1n\u00ed s \u010cR je ov\u0161em zdrcuj\u00edc\u00ed.\u00a0<a href=\"https:\/\/www.parlamentnilisty.cz\/politika\/politici-volicum\/Ministr-Bartos-Na-MMR-chystame-rozsahle-investice-do-vystavby-a-rekonstrukci-bydleni-748938\">Barto\u0161 10. ledna ozn\u00e1mil,<\/a>\u00a0\u017ee fialov\u00e1 vl\u00e1da hodl\u00e1 do nov\u00fdch byt\u016f investovat v p\u0159\u00ed\u0161t\u00edch n\u011bkolika letech! 20 miliard CZK. \u010cesk\u00e1 ekonomika p\u0159edstavuje 1\/14 ekonomiky N\u011bmecka, (HDP p\u0159epo\u010dten\u00e9 na USD). \u010cesk\u00e1 vl\u00e1da by tak m\u011bla jen letos na v\u00fdstavbu nov\u00fdch byt\u016f v\u011bnovat 38 miliard CZK, aby dr\u017eela krok s v\u00fddaji na nov\u00e9 byty N\u011bmecka. Barto\u0161 ov\u0161em, proto\u017ee Pir\u00e1ti podporuj\u00ed Fialovo v\u00e1le\u010dn\u00e9 mrh\u00e1n\u00ed, a nemaj\u00ed tak na v\u00fdstavbu byt\u016f, jak p\u0159ed volbami sl\u00edbili, vymyslel vskutku zlod\u011bjsk\u00fd pl\u00e1n \u2013\u00a0<a href=\"https:\/\/www.seznamzpravy.cz\/clanek\/domaci-zivot-v-cesku-v-cesku-je-600-tisic-prazdnych-bytu-bartos-chce-tretinu-z-nich-obsadit-242818\">vl\u00e1da obsad\u00ed soukrom\u00e9 byty, a nast\u011bhuje do nich n\u00e1jemn\u00edky<\/a>. Kam v \u010cR miliardy na byty zmizely je jasn\u00e9 na prvn\u00ed pohled \u2013 Rozpo\u010det\u00a0<a href=\"https:\/\/mocr.army.cz\/informacni-servis\/zpravodajstvi\/cerpani-rozpoctu-ministerstva-obrany-v-roce-2023--248739\/\">\u010cernochov\u00e9 2023 = 110 miliard CZK<\/a>, Rozpo\u010det\u00a0<a href=\"https:\/\/www.army.cz\/images\/Ilustracni\/1_ROZPOCET_NA_ROK_2024.pdf\">\u010cernochov\u00e9 2024 = 151 miliard CZK!<\/a>\u00a0Rozd\u00edl 40 miliard!<\/p>\n<p>Germ\u00e1ni se o sv\u00e9 ob\u010dany, na rozd\u00edl od profesora Fialy a jeho politick\u00e9 bandy, vzorn\u011b staraj\u00ed. Krom byt\u016f, jim letos budou dotovat i vzd\u011bl\u00e1n\u00ed.\u00a0<a href=\"https:\/\/www.merkur.de\/leben\/geld\/eltern-kinder-leistungen-2024-bildung-teilhabe-zuschuss-schulbedarf-kinderzuschlag-kindergeld-zr-92772683.html\">Ka\u017ed\u00fd obyvatel N\u011bmecka, kter\u00fd je p\u0159\u00edjemcem d\u011btsk\u00fdch p\u0159\u00eddavk\u016f, automaticky dostane 195 EUR<\/a>, (4 810 CZK) na \u0161koln\u00ed pot\u0159eby, a o dal\u0161\u00ed d\u00e1vky si m\u016f\u017ee po\u017e\u00e1dat, a budou mu automaticky p\u0159id\u011bleny, pokud pob\u00edr\u00e1 p\u0159\u00edsp\u011bvek na bydlen\u00ed. \u010cesk\u00e1 vl\u00e1da evidentn\u011b sleduje opa\u010dn\u00fd c\u00edl, a \u010d\u00edm v\u00edce analfabet\u016f v \u010cR bude, t\u00edm bude profesor Fiala spokojen\u011bj\u0161\u00ed!\u00a0 V \u010cesku, aby chud\u00fd ob\u010dan mohl z\u00edskat dotaci na \u0161koln\u00ed pot\u0159eby pro sv\u00e9 d\u00edt\u011b, mus\u00ed:\u00a0<em>Podat \u017e\u00e1dost na\u00a0<a href=\"https:\/\/www.mpsv.cz\/web\/cz\/-\/zadost-o-mimoradnou-okamzitou-pomoc\" target=\"_blank\" rel=\"noopener noreferrer\">p\u0159edepsan\u00e9m formul\u00e1\u0159i<\/a>, ve kter\u00e9 \u017eadatel uvede, \u017ee \u017e\u00e1d\u00e1 o mimo\u0159\u00e1dnou okam\u017eitou pomoc \u201eNezbytn\u00e9 nebo od\u016fvodn\u011bn\u00e9 n\u00e1klady (vzd\u011bl\u00e1n\u00ed)\u201c. V \u017e\u00e1dosti je v\u017edy t\u0159eba p\u0159esn\u011b vymezit ve\u0161ker\u00e9 v\u00fddaje, na kter\u00e9 bude p\u0159\u00edsp\u011bvek pou\u017eit. \u00da\u0159ad pr\u00e1ce na z\u00e1klad\u011b podan\u00e9 \u017e\u00e1dosti posoud\u00ed od\u016fvodn\u011bnost uveden\u00fdch v\u00fddaj\u016f spole\u010dn\u011b s finan\u010dn\u00ed situac\u00ed rodiny. N\u00e1sledn\u011b rozhodne, zda d\u00e1vku poskytne a v jak\u00e9 v\u00fd\u0161i. \u00da\u0159ad pr\u00e1ce m\u016f\u017ee v\u00a0rozhodnut\u00ed o\u00a0p\u0159izn\u00e1n\u00ed mimo\u0159\u00e1dn\u00e9 okam\u017eit\u00e9 pomoci stanovit lh\u016ftu, ve kter\u00e9 je t\u0159eba\u00a0<strong>n\u00e1kup v\u011bci dolo\u017eit<\/strong>. Pokud se tak nestane, d\u00e1vka m\u016f\u017ee b\u00fdt po\u017eadov\u00e1na nazp\u011bt.\u00a0<\/em>\u010ce\u0161t\u00ed \u00fa\u0159edn\u00edci, tak budou absolutn\u011b zbyte\u010dnou prac\u00ed od\u010derp\u00e1vat st\u00e1tn\u00ed pen\u00edze, kter\u00e9 maj\u00ed slou\u017eit k podpo\u0159e vzd\u011bl\u00e1n\u00ed d\u011bt\u00ed ze soci\u00e1ln\u011b chud\u00fdch pom\u011br\u016f. V \u010cR je za tento absurdn\u00ed stav osobn\u011b zodpov\u011bdn\u00fd\u00a0<a href=\"https:\/\/cs.wikipedia.org\/wiki\/Mikul%C3%A1%C5%A1_Bek\">vystudovan\u00fd hudebn\u00ed v\u011bdec, n\u011bkdej\u0161\u00ed ex-kandid\u00e1t KS\u010c, PhDr.\u00a0Mikul\u00e1\u0161 Bek, Ph.\u00a0D.<\/a>\u00a0z Raku\u0161anovy politick\u00e9 party STAN-Dozimetr, kter\u00e9mu asi nedoch\u00e1z\u00ed, \u017ee vzd\u011bl\u00e1n\u00ed je z\u00e1kladem budouc\u00ed prosperity. Obdobn\u011b je to s p\u0159\u00eddavkem na bydlen\u00ed.\u00a0<a href=\"https:\/\/www.lidovky.cz\/domov\/prispevek-na-bydleni-penize-stat-skrty-snizeni-byt-najem.A240108_184212_ln_domov_rkj\">Asoci\u00e1l Fiala v lednu od\u0159\u00edznul desetitis\u00edce dom\u00e1cnost\u00ed od t\u00e9to soci\u00e1ln\u00ed d\u00e1vky<\/a>, jen aby u\u0161et\u0159il na leto\u0161n\u00ed zv\u00fd\u0161en\u00e9 v\u00e1le\u010dn\u00e9 v\u00fddaje madam \u010cernochov\u00e9. N\u011bmci stejn\u011b jako Fiala loni d\u00e1vky zdvojn\u00e1sobili, ale letos je nechali na stejn\u00e9 z\u00e1konn\u00e9 v\u00fd\u0161i,<a href=\"https:\/\/www.verbraucherzentrale.de\/wissen\/geld-versicherungen\/kredit-schulden-insolvenz\/wohngeld-wer-es-bekommt-und-wie-sie-es-beantragen-78141\">\u00a0co\u017e de facto znamen\u00e1 jejich zv\u00fd\u0161en\u00ed o inflaci a r\u016fst n\u00e1klad\u016f na bydlen\u00ed<\/a>.<\/p>\n<div id=\"attachment_8685\" class=\"wp-caption aligncenter\" style=\"width: 901px;\"><img decoding=\"async\" loading=\"lazy\" class=\" wp-image-8685\" src=\"https:\/\/www.michalapetr.com\/wp-content\/uploads\/2024\/01\/GDX3JZwXYAAJQ8l.jpg\" sizes=\"(max-width: 986px) 100vw, 986px\" srcset=\"https:\/\/www.michalapetr.com\/wp-content\/uploads\/2024\/01\/GDX3JZwXYAAJQ8l.jpg 986w, https:\/\/www.michalapetr.com\/wp-content\/uploads\/2024\/01\/GDX3JZwXYAAJQ8l-240x300.jpg 240w, https:\/\/www.michalapetr.com\/wp-content\/uploads\/2024\/01\/GDX3JZwXYAAJQ8l-823x1030.jpg 823w, https:\/\/www.michalapetr.com\/wp-content\/uploads\/2024\/01\/GDX3JZwXYAAJQ8l-768x961.jpg 768w, https:\/\/www.michalapetr.com\/wp-content\/uploads\/2024\/01\/GDX3JZwXYAAJQ8l-563x705.jpg 563w, https:\/\/www.michalapetr.com\/wp-content\/uploads\/2024\/01\/GDX3JZwXYAAJQ8l-450x563.jpg 450w\" alt=\"\" width=\"901\" height=\"1128\" aria-describedby=\"caption-attachment-8685\" \/><\/p>\n<p id=\"caption-attachment-8685\" class=\"wp-caption-text\"><a href=\"https:\/\/twitter.com\/ahmednasirlaw\/status\/1744581266886869360\/photo\/1\">Dokonce i ke\u0148sk\u00e1 vl\u00e1da u\u017e stav\u00ed v\u00edce byt\u016f pro chud\u00e9 Ke\u0148any<\/a>, ne\u017e \u010desk\u00e1 pro \u010cechy!<\/p>\n<\/div>\n<p>Sou\u010dasn\u00e1 ke\u0148sk\u00e1 vl\u00e1da zv\u00edt\u011bzila ve volb\u00e1ch 2022 podobn\u011b jako Fialov\u00e1 parta v \u010cR. Rozd\u00edl je ov\u0161em zna\u010dn\u00fd. Sou\u010dasn\u00e1 vl\u00e1da rozj\u00ed\u017ed\u00ed jeden ve\u0159ejn\u00fd\u00a0<a href=\"https:\/\/twitter.com\/WilliamsRuto\/status\/1744641756648608154\">stavebn\u00ed projekt na v\u00fdstavbu byt\u016f za druh\u00fdm<\/a>, jen aby statis\u00edc\u016fm nezam\u011bstnan\u00fdch Ke\u0148an\u016f dala pr\u00e1ci a bydlen\u00ed. Krize v Keni ude\u0159ila stejn\u011b siln\u011b jako v N\u011bmecku, \u010cR, \u010di na Slovensku. Ke\u0148a p\u0159i odvracen\u00ed krize, podobn\u011b jako N\u011bmecko,\u00a0<a href=\"https:\/\/twitter.com\/WilliamsRuto\/status\/1745831264752484632\">sleduj\u00ed osv\u011bd\u010den\u00fd Roosevelt\u016fv program ve\u0159ejn\u00fdch staveb<\/a>, zak\u00e1zek a zam\u011bstnanosti\u00a0<a href=\"https:\/\/cs.wikipedia.org\/wiki\/New_Deal\">New Dea<\/a>l, kde\u017eto \u010desk\u00e1 vl\u00e1da se vydala Hitlerovou cestou zvy\u0161ov\u00e1n\u00ed v\u00e1le\u010dn\u00fdch v\u00fddaj\u016f. Ke\u0148sk\u00fd prezident\u00a0<a href=\"https:\/\/en.wikipedia.org\/wiki\/William_Ruto\">William Ruto PhD<\/a>\u00a0na otev\u00edran\u00fdch stavb\u00e1ch podobn\u011b jako Roosevelt \u0159e\u010dn\u00ed, a slibuje ob\u010dan\u016fm lep\u0161\u00ed budoucnost.\u00a0<a href=\"https:\/\/www.arcjournals.org\/pdfs\/ijres\/v4-i4\/1.pdf\">Jeho v\u011bdeck\u00e1 pr\u00e1ce<\/a>, je graduovan\u00fd specialista na probl\u00e9my tropick\u00e9ho zem\u011bd\u011blstv\u00ed a ekologie, byla dokonce publikov\u00e1na na presti\u017en\u00edm v\u011bdeck\u00e9m port\u00e1le nadn\u00e1rodn\u00ed spole\u010dnosti Springer. A to se v \u010cR fialov\u00e9mu vl\u00e1dn\u00edmu politikovi asi st\u00e1t nem\u016f\u017ee. Sebechvaln\u00e9 a pr\u00e1zdn\u00e9 novoro\u010dn\u00ed projevy obou na\u0161ich fialov\u00fdch papal\u00e1\u0161\u016f by horkokrevn\u00e9 Ke\u0148any ur\u010dit\u011b vyhnaly do ulic, proto\u017ee ozn\u00e1men\u00ed o stovk\u00e1ch tis\u00edc p\u0159\u00edle\u017eitost\u00ed pro ke\u0148sk\u00e9 imigranty do Evropy, v\u011bt\u0161inou komentovali, \u017ee \u201cpracovn\u00ed m\u00edsta je t\u0159eba vytv\u00e1\u0159et hlavn\u011b doma\u201d!<\/p>\n<p>Krize se val\u00ed na Evropu, a ka\u017ed\u00fd politik, kter\u00fd m\u00e1 aspo\u0148 trochu za u\u0161ima, se te\u010f sna\u017e\u00ed pro sv\u00e9 ob\u010dany z\u00edskat pracovn\u00ed a obchodn\u00ed p\u0159\u00edle\u017eitosti, kde to jenom jde. Belgick\u00fd premi\u00e9r De Croo proto vyrazil podle instrukc\u00ed od Komise EU \u201cvy\u017eebrat toho, co nejv\u00edce\u201d do Pekingu.<\/p>\n<div id=\"attachment_8686\" class=\"wp-caption aligncenter\" style=\"width: 879px;\"><img decoding=\"async\" loading=\"lazy\" class=\" wp-image-8686\" src=\"https:\/\/www.michalapetr.com\/wp-content\/uploads\/2024\/01\/e354e34f-f8dc-452c-88e6-417d91048b7d.jpg\" sizes=\"(max-width: 1024px) 100vw, 1024px\" srcset=\"https:\/\/www.michalapetr.com\/wp-content\/uploads\/2024\/01\/e354e34f-f8dc-452c-88e6-417d91048b7d.jpg 1024w, https:\/\/www.michalapetr.com\/wp-content\/uploads\/2024\/01\/e354e34f-f8dc-452c-88e6-417d91048b7d-300x209.jpg 300w, https:\/\/www.michalapetr.com\/wp-content\/uploads\/2024\/01\/e354e34f-f8dc-452c-88e6-417d91048b7d-768x534.jpg 768w, https:\/\/www.michalapetr.com\/wp-content\/uploads\/2024\/01\/e354e34f-f8dc-452c-88e6-417d91048b7d-705x490.jpg 705w, https:\/\/www.michalapetr.com\/wp-content\/uploads\/2024\/01\/e354e34f-f8dc-452c-88e6-417d91048b7d-450x313.jpg 450w\" alt=\"\" width=\"879\" height=\"611\" aria-describedby=\"caption-attachment-8686\" \/><\/p>\n<p id=\"caption-attachment-8686\" class=\"wp-caption-text\">Rotuj\u00edc\u00ed p\u0159edseda EU De Croo v\u010dera v Pekingu podle direktiv p\u0159\u00edmo od bruselsk\u00e9 komise chv\u00e1lil \u010c\u00ednu, a pomlouval politiku USA o odd\u011blov\u00e1n\u00ed obchodn\u00edch \u0159et\u011bzc\u016f s \u010c\u00ednou, a vyslou\u017eil si pochvalu, a p\u0159\u00edslib rozs\u00e1hl\u00fdch \u010d\u00ednsk\u00fdch investic do zem\u00ed z\u00e1padn\u00ed EU!<\/p>\n<\/div>\n<p>De Croo je od 1. ledna tzv. rotuj\u00edc\u00ed p\u0159edseda EU, a tak vyu\u017eil p\u0159\u00edle\u017eitosti, \u017ee \u201crotuje\u201d, a EU jej pos\u00edl\u00e1 do Pekingu, a nalo\u017eil do letadla nejv\u00fdznamn\u011bj\u0161\u00ed belgick\u00e9 podnikatele, a p\u0159edstavil je prezidentovi Xi a jeho byznysmen\u016fm. S De Croo p\u0159ilet\u011bli mimo jin\u00e9 CEO\u00a0 10. nejv\u011bt\u0161\u00ed chemick\u00e9 spole\u010dnosti sv\u011bta\u00a0<a href=\"https:\/\/www.solvay.com\/en\/\">Solvay,<\/a>\u00a0a CEO mamut\u00ed \u017eelez\u00e1\u0159sk\u00e9 spole\u010dnosti\u00a0<a href=\"https:\/\/www.bekaert.com\/\">Beakert<\/a>, kter\u00e1 zam\u011bstn\u00e1v\u00e1 28 000 lid\u00ed, t\u0159eba i v Bohum\u00edn\u011b.\u00a0\u00a0<a href=\"https:\/\/www.globaltimes.cn\/page\/202401\/1305283.shtml\">De Croo chv\u00e1lil \u010c\u00ednu a l\u00e1kal ji k investic\u00edm<\/a>:\u00a0<em>Belgie je proti odd\u011blen\u00ed pr\u016fmyslov\u00fdch a dodavatelsk\u00fdch \u0159et\u011bzc\u016f, v\u00edt\u00e1 \u010d\u00ednsk\u00e9 podniky p\u0159i spolupr\u00e1ci v Belgii a douf\u00e1, \u017ee pos\u00edl\u00ed person\u00e1ln\u00ed a kulturn\u00ed v\u00fdm\u011bnu s \u010c\u00ednou<\/em>. (<a href=\"https:\/\/www.globaltimes.cn\/page\/202401\/1305283.shtml\">Srovnej!\u00a0 Lipavsk\u00fd<\/a>:\u00a0<em>Navrhl jsem pozm\u011b\u0148ovac\u00ed n\u00e1vrhy, kter\u00e9 by zajistily, \u017ee vl\u00e1da neuzav\u0159e takovou smlouvu o v\u00fdkupu elekt\u0159iny, kter\u00e1 poch\u00e1z\u00ed ze zdroje, kter\u00fd byl postaven na technologi\u00edch z Ruska anebo \u010c\u00edny =\u00a0<\/em>v roce 2020 Lipavsk\u00fd zastavil p\u0159ipravovanou v\u00fdstavbu jadern\u00e9 elektr\u00e1rny, a nepot\u011b\u0161il \u010c\u00ednu.) De Croo v Pekingu v p\u0159edve\u010der voleb na Tchaj-wanu prohl\u00e1sil:\u00a0<em>Vztahy mezi Belgi\u00ed a \u010c\u00ednou v mnoha ohledech ud\u00e1vaj\u00ed tempo ve vazb\u00e1ch evropsk\u00fdch zem\u00ed s \u010c\u00ednou. Belgie bude i nad\u00e1le dodr\u017eovat politiku jedn\u00e9 \u010c\u00edny<\/em>! (<a href=\"https:\/\/www.idnes.cz\/zpravy\/zahranicni\/tchaj-wan-prezidentka-pekarova-adamova-tchaj-pej-navsteva.A230327_103503_zahranicni_vajo\">Srovnej! Pekarov\u00e1-Adamov\u00e1 na Tchaj-wanu:<\/a>\u00a0<em>V\u00fdhr\u016f\u017eky Pekingu n\u00e1s nezastav\u00ed! \u00a0\u010cesk\u00e1 republika pat\u0159\u00ed k nejv\u011bt\u0161\u00edm podporovatel\u016fm a p\u0159\u00e1tel\u016fm Tchaj-wanu v Evrop\u011b. V\u011b\u0159\u00edm, \u017ee n\u00e1s budou n\u00e1sledovat i dal\u0161\u00ed evropsk\u00e9 zem\u011b, pokud u\u017e tak ne\u010din\u00ed!<\/em>) Jak jste si v\u0161imli, mou\u0159en\u00edni (Lipavsk\u00fd a Pekarov\u00e1) vykonali svou pr\u00e1ci, a Z\u00e1pad (De Croo) m\u00e1 nyn\u00ed voln\u00e9 pole, aby s Pekingem uzav\u0159el v\u00fdhodn\u00e9 obchodn\u00ed smlouvy a z\u00edskal \u010d\u00ednsk\u00e9 investice, a nov\u00e1 pracovn\u00ed m\u00edsta pro Z\u00e1padn\u00ed EU!<\/p>\n<p><a href=\"https:\/\/stranapro.cz\/\"><img decoding=\"async\" loading=\"lazy\" class=\"alignnone  wp-image-40285 aligncenter\" src=\"http:\/\/www.infokuryr.cz\/n\/wp-content\/uploads\/2023\/11\/11pro-300x79.png\" alt=\"\" width=\"532\" height=\"140\" srcset=\"https:\/\/www.infokuryr.cz\/n\/wp-content\/uploads\/2023\/11\/11pro-300x79.png 300w, https:\/\/www.infokuryr.cz\/n\/wp-content\/uploads\/2023\/11\/11pro.png 363w\" sizes=\"(max-width: 532px) 100vw, 532px\" \/><\/a><\/p>\n<p><a href=\"https:\/\/www.globaltimes.cn\/page\/202401\/1305283.shtml\">\u010c\u00ednsk\u00fd prezident Xi ocenil<\/a>, \u017ee Belgie vyj\u00e1d\u0159ila otev\u0159en\u00fd odpor k p\u0159eru\u0161en\u00ed pr\u016fmyslov\u00fdch a dodavatelsk\u00fdch \u0159et\u011bzc\u016f v obchodu s \u010c\u00ednou, (podle tzv. Lipavsk\u00e9ho sc\u00e9n\u00e1\u0159e), a uv\u00edtal, \u017ee belgick\u00e9 spole\u010dnost budou investovat v \u010c\u00edn\u011b, a ozn\u00e1mil, \u017ee je p\u0159ipraven investovat v Belgii do dopravy, logistiky, bio-farmaceutiky, a do rozvoje digit\u00e1ln\u00ed ekonomiky! Belgi\u010dan\u00e9 se tak mohou t\u011b\u0161it na spoustu nov\u00e9 dob\u0159e placen\u00e9 pr\u00e1ce, zat\u00edmco \u010ce\u0161i a Slov\u00e1ci,\u00a0<a href=\"https:\/\/cnn.iprima.cz\/slovensko-je-ve-sra-kach-vztekal-se-fico-rusko-podle-nej-urci-podminky-miru-na-ukrajine-422493\">d\u00edky p\u0159edchoz\u00edmu \u0159\u00e1d\u011bn\u00ed party<\/a>\u00a0\u010caputov\u00e1-Matovi\u010d-Od\u00f3r, na krachy podnik\u016f, a nezam\u011bstnanost a\u017e 30%!\u00a0<a href=\"https:\/\/www.globaltimes.cn\/page\/202401\/1305283.shtml\">\u010c\u00edna ocenila snahu EU zejm\u00e9na t\u00edmto v\u010derej\u0161\u00edm cit\u00e1tem<\/a>:\u00a0<em>\u010c\u00edna uzn\u00e1v\u00e1, \u017ee pozice EU, jej\u00ed ekonomika a bezpe\u010dnost jsou z\u00e1visl\u00e9 na USA, a tak je pro EU obt\u00ed\u017en\u00e9 udr\u017eet si zcela nez\u00e1vislou politiku, a proto \u010c\u00edna \u0159e\u0161\u00ed v\u0161echny spory s EU zp\u016fsobem, kter\u00fd je odoln\u00fd proti tomuto americk\u00e9mu tlaku<\/em>. Zkr\u00e1tka, \u010c\u00edna m\u00e1 s EU v\u017edy trp\u011blivost.<\/p>\n<p>Krize \u010desk\u00e9ho autopr\u016fmyslu bude d\u011bsiv\u00e1 \u2013\u00a0<a href=\"https:\/\/www.merkur.de\/deutschland\/saarland\/ig-metall-kurzfristig-warnstreiks-bei-ford-moeglich-zr-92772776.html\">v N\u011bmecku se u\u017e zav\u00edraj\u00ed cel\u00e9 automobilky<\/a>, a pro propu\u0161t\u011bn\u00e9 zam\u011bstnance se neda\u0159\u00ed sehnat \u017e\u00e1dnou n\u00e1hradu! Ti tak hroz\u00ed, \u017ee se p\u0159idaj\u00ed k zem\u011bd\u011blc\u016fm a dal\u0161\u00edm nespokojenc\u016fm, kte\u0159\u00ed v N\u011bmecku dnes a denn\u011b demonstruj\u00ed proti vl\u00e1d\u011b.\u00a0 Ka\u017ed\u00fd z\u00e1padn\u00ed politik nyn\u00ed u\u017e sh\u00e1n\u00ed investory, kde se d\u00e1! Jen Fiala se v televizi p\u0159ihlouple usm\u00edv\u00e1, a uji\u0161\u0165uje ob\u010dany, \u017ee krize je za n\u00e1mi. Podle toho, jak narychlo vyslal Brusel De Croo do Pekingu, a jak tam podle instrukc\u00ed \u201cvychvaloval\u201d \u010c\u00ed\u0148any, z\u00e1padn\u00ed politici u\u017e v\u011bd\u00ed, \u017ee krize je teprve p\u0159ede dve\u0159mi, a \u017ee n\u00e1s z n\u00ed podobn\u011b jako v letech 2008-13 m\u016f\u017ee vyt\u00e1hnout pouze \u010c\u00edna. Nebude tak dlouho trvat, a Brusel vy\u0161le sv\u00e9ho z\u00e1stupce i za Putinem, aby s n\u00edm uzav\u0159el, pro Z\u00e1pad EU, podobn\u011b v\u00fdhodn\u00e9 obchody. M\u016f\u017eeme se v\u0161ak spolehnout, \u017ee d\u00edky Fialovi a jeho part\u011b, \u010cR op\u011bt ostrouh\u00e1.<\/p>\n<p>Dnes 13. ledna ve 20 hodin budu diskutovat se Sk\u00e1lou na TV Bure\u0161, a hlavn\u00ed perli\u010dku, co za velmi nemil\u00e9 p\u0159ekvapen\u00ed p\u0159ichystal tento t\u00fdden \u010cech\u016fm a Slov\u00e1k\u016fm Brusel, jsem si nechal na tento po\u0159ad. (<a href=\"https:\/\/www.youtube.com\/@PetrBuresTV\/streams\">Odkaz na po\u0159ad.<\/a>)<\/p>\n<p><a href=\"https:\/\/www.michalapetr.com\/map-1881-brusel-se-smluvne-zavazal-prijmout-250-tisic-novych-africkych-imigrantu-uzavreni-smlouvy-oznamil-mluvci-kenskeho-prezidenta-hussein-mohamad-smlouvu-podepsala-tesne-pred-vanoci-ursula-kdyz\/\">Michael Svato\u0161<\/a><\/p>\n<p><img decoding=\"async\" loading=\"lazy\" class=\"alignnone size-full wp-image-27204\" src=\"http:\/\/www.infokuryr.cz\/n\/wp-content\/uploads\/2023\/05\/Michael_Svatos.png\" alt=\"\" width=\"180\" height=\"180\" srcset=\"https:\/\/www.infokuryr.cz\/n\/wp-content\/uploads\/2023\/05\/Michael_Svatos.png 180w, https:\/\/www.infokuryr.cz\/n\/wp-content\/uploads\/2023\/05\/Michael_Svatos-150x150.png 150w\" sizes=\"(max-width: 180px) 100vw, 180px\" \/><\/p>\n<p>&nbsp;<\/p>\n<p>&nbsp;<\/p>\n","protected":false},"excerpt":{"rendered":"<p>Brusel se smluvn\u011b zav\u00e1zal p\u0159ijmout 250 tis\u00edc nov\u00fdch africk\u00fdch imigrant\u016f! Uzav\u0159en\u00ed smlouvy ozn\u00e1mil mluv\u010d\u00ed ke\u0148sk\u00e9ho&#8230;<\/p>\n","protected":false},"author":2,"featured_media":21272,"comment_status":"closed","ping_status":"closed","sticky":false,"template":"","format":"standard","meta":[],"categories":[6],"tags":[1042,640,41,567],"_links":{"self":[{"href":"https:\/\/www.infokuryr.cz\/n\/wp-json\/wp\/v2\/posts\/44636"}],"collection":[{"href":"https:\/\/www.infokuryr.cz\/n\/wp-json\/wp\/v2\/posts"}],"about":[{"href":"https:\/\/www.infokuryr.cz\/n\/wp-json\/wp\/v2\/types\/post"}],"author":[{"embeddable":true,"href":"https:\/\/www.infokuryr.cz\/n\/wp-json\/wp\/v2\/users\/2"}],"replies":[{"embeddable":true,"href":"https:\/\/www.infokuryr.cz\/n\/wp-json\/wp\/v2\/comments?post=44636"}],"version-history":[{"count":0,"href":"https:\/\/www.infokuryr.cz\/n\/wp-json\/wp\/v2\/posts\/44636\/revisions"}],"wp:featuredmedia":[{"embeddable":true,"href":"https:\/\/www.infokuryr.cz\/n\/wp-json\/wp\/v2\/media\/21272"}],"wp:attachment":[{"href":"https:\/\/www.infokuryr.cz\/n\/wp-json\/wp\/v2\/media?parent=44636"}],"wp:term":[{"taxonomy":"category","embeddable":true,"href":"https:\/\/www.infokuryr.cz\/n\/wp-json\/wp\/v2\/categories?post=44636"},{"taxonomy":"post_tag","embeddable":true,"href":"https:\/\/www.infokuryr.cz\/n\/wp-json\/wp\/v2\/tags?post=44636"}],"curies":[{"name":"wp","href":"https:\/\/api.w.org\/{rel}","templated":true}]}}