{"id":44633,"date":"2024-01-13T00:51:49","date_gmt":"2024-01-12T23:51:49","guid":{"rendered":"http:\/\/www.infokuryr.cz\/n\/?p=44633"},"modified":"2024-01-13T06:25:48","modified_gmt":"2024-01-13T05:25:48","slug":"ukrajinska-vlada-stahla-z-parlamentu-navrh-novely-mobilizacniho-zakona","status":"publish","type":"post","link":"https:\/\/www.infokuryr.cz\/n\/2024\/01\/13\/ukrajinska-vlada-stahla-z-parlamentu-navrh-novely-mobilizacniho-zakona\/","title":{"rendered":"Ukrajinsk\u00e1 vl\u00e1da st\u00e1hla z parlamentu n\u00e1vrh novely mobiliza\u010dn\u00edho z\u00e1kona&#8230;"},"content":{"rendered":"<div id=\"fb-root\"><\/div>\n<h4>Ukrajinsk\u00e1 vl\u00e1da st\u00e1hla z parlamentu n\u00e1vrh novely mobiliza\u010dn\u00edho z\u00e1kona, proto\u017ee odpor poslanc\u016f byl nep\u0159ekonateln\u00fd! Vl\u00e1da m\u00e1 z\u00e1kon p\u0159epracovat, a to nebude jen tak! Britsk\u00fd premi\u00e9r sl\u00edbil Zelensk\u00e9mu zbran\u011b za 2,5 miliardy liber, ale nejprve mus\u00ed Kyjev mobilizovat novou arm\u00e1du! Pomoc 2,5 miliardy liber je kapka v mo\u0159i, proto\u017ee Kyjev na udr\u017een\u00ed ve v\u00e1lce pot\u0159ebuje 60 miliard USD na v\u00fdplaty voj\u00e1k\u016f!<\/h4>\n<p>Ve \u010dtvrtek odpoledne nastalo v kyjevsk\u00e9m parlamentu to, co se de facto ji\u017e n\u011bkolik dn\u00ed o\u010dek\u00e1valo.\u00a0<strong>Vl\u00e1da Zelensk\u00e9ho st\u00e1hla z parlamentu sv\u016fj n\u00e1vrh novely mobiliza\u010dn\u00edho z\u00e1kona, kter\u00fd narazil na obrovsk\u00fd odpor mezi poslanci,<\/strong>\u00a0a to v opravdu nezvykl\u00e9 m\u00ed\u0159e i mezi poslanci Zelensk\u00e9ho partaje Sluha n\u00e1roda. V\u00fdsledky ukrajinsk\u00e9 arm\u00e1dy na front\u011b toti\u017e uk\u00e1zaly, \u017ee sou\u010dasn\u00e1 ukrajinsk\u00e1 arm\u00e1da nem\u00e1 prost\u0159edky a s\u00edlu na por\u00e1\u017eku Rusk\u00e9 arm\u00e1dy, a proto logicky ani politici u\u017e necht\u011bj\u00ed zvedat pro dal\u0161\u00ed mobilizaci ruku.<\/p>\n<p>Vl\u00e1da st\u00e1hla z\u00e1kon\u00a0<strong>[<a href=\"https:\/\/href.li\/?https:\/\/www.swissinfo.ch\/eng\/ukraine-s-criticized-draft-bill-on-mobilization-withdrawn-for-amendments\/49118766\" target=\"_blank\" rel=\"nofollow noopener\">1<\/a>]<\/strong>\u00a0\u00fadajn\u011b k p\u0159epracov\u00e1n\u00ed a k zakomponov\u00e1n\u00ed pozm\u011b\u0148uj\u00edc\u00edch n\u00e1vrh\u016f, ale ve skute\u010dnosti se jedn\u00e1 podle novin\u00e1\u0159\u016f o taktick\u00fd zdr\u017eovac\u00ed man\u00e9vr, kter\u00fdm cht\u011bj\u00ed poslanci z\u00edskat \u010das v nad\u011bji, \u017ee mezit\u00edm v\u00e1lka skon\u010d\u00ed, anebo Zelensk\u00fd skon\u010d\u00ed ve funkci, o \u010dem\u017e se hovo\u0159\u00ed v souvislosti se st\u00e1le zablokovan\u00fdm bal\u00edkem 60 miliard USD v americk\u00e9m kongresu. Z tohoto bal\u00edku se maj\u00ed platit mandatorn\u00ed v\u00fddaje st\u00e1tu, p\u0159edev\u0161\u00edm starobn\u00ed d\u016fchody a v\u00fdplaty st\u00e1tn\u00edm zam\u011bstnanc\u016fm a \u017eoldy voj\u00e1k\u016fm.<\/p>\n<figure id=\"attachment_58289\" class=\"wp-caption aligncenter\" style=\"width: 697px;\"><a href=\"https:\/\/aeronet.news\/wp-content\/uploads\/VerchovnayaRadaAssembly.jpg\"><img decoding=\"async\" loading=\"lazy\" class=\"wp-image-58289 \" src=\"https:\/\/aeronet.news\/wp-content\/uploads\/VerchovnayaRadaAssembly-1024x682.jpg\" sizes=\"(max-width: 700px) 100vw, 700px\" srcset=\"https:\/\/aeronet.news\/wp-content\/uploads\/VerchovnayaRadaAssembly-1024x682.jpg 1024w, https:\/\/aeronet.news\/wp-content\/uploads\/VerchovnayaRadaAssembly-300x200.jpg 300w, https:\/\/aeronet.news\/wp-content\/uploads\/VerchovnayaRadaAssembly-768x512.jpg 768w, https:\/\/aeronet.news\/wp-content\/uploads\/VerchovnayaRadaAssembly-700x466.jpg 700w, https:\/\/aeronet.news\/wp-content\/uploads\/VerchovnayaRadaAssembly-536x357.jpg 536w, https:\/\/aeronet.news\/wp-content\/uploads\/VerchovnayaRadaAssembly-725x483.jpg 725w, https:\/\/aeronet.news\/wp-content\/uploads\/VerchovnayaRadaAssembly.jpg 1280w\" alt=\"\" width=\"697\" height=\"464\" \/><\/a><figcaption class=\"wp-caption-text\">Vrchn\u00ed rada Ukrajiny \u2013 Parlament<\/figcaption><\/figure>\n<p>Znovu je t\u0159eba zopakovat, \u017ee slu\u017eba na front\u011b je placen\u00e1, ka\u017ed\u00fd ukrajinsk\u00fd voj\u00e1k dost\u00e1v\u00e1 \u017eold ve v\u00fd\u0161i p\u0159ibli\u017en\u011b 2 500 USD (100 000 h\u0159iven) m\u011bs\u00ed\u010dn\u011b a Zelensk\u00fd to zd\u016fvod\u0148uje t\u00edm, \u017ee tolik pen\u011bz budou voj\u00e1ci, kte\u0159\u00ed dr\u017e\u00ed zbra\u0148 v AFU, dost\u00e1vat a\u017e do konce v\u00e1lky. Pen\u00edze na tyto mzdy poch\u00e1z\u00ed z jedin\u00e9ho zdroje, a to jsou americk\u00e9 finance, kter\u00e9 se ke konci roku 2023 vy\u010derpaly.<\/p>\n<p>Pen\u00edze byly a\u017e doned\u00e1vna jedin\u00fd motiva\u010dn\u00ed faktor, pro\u010d ukrajin\u0161t\u00ed mu\u017ei \u0161li na frontu, proto\u017ee se jim to nezd\u00e1lo jako rizikov\u00e9 povol\u00e1n\u00ed, proto\u017ee v\u0161ude sly\u0161eli, \u017ee se chyst\u00e1 mamut\u00ed ofenz\u00edva, kter\u00e1 po\u017eene Rusy pry\u010d z Ukrajiny a ti budou ut\u00edkat. To se ale nestalo. Nam\u00edsto toho, podle odhad\u016f v ne\u00fasp\u011b\u0161n\u00e9 ofenz\u00edv\u011b zah\u00e1jen\u00e9 4. \u010dervna 2023, zahynulo na 150 000 Ukrajinc\u016f, prakticky \u00fapln\u011b cel\u00fd kontingent, kter\u00fd byl od konce roku 2022 a\u017e do po\u010d\u00e1tku l\u00e9ta 2023 na tuto ofenz\u00edvu p\u0159ipravov\u00e1n. Byl to naprost\u00fd masakr a jatka. A n\u011bco se zm\u011bnilo.<\/p>\n<h6><span style=\"font-size: 18pt;\">Proklet\u00e1 linie Gener\u00e1la Armageddona<\/span><\/h6>\n<p>Ukrajin\u0161t\u00ed mu\u017ei u\u017e znaj\u00ed pravdu, \u017ee se nejedn\u00e1 o snadno vyd\u011blan\u00e9 pen\u00edze spojen\u00e9 se sl\u00e1vou a hrdinsk\u00fdm v\u00edt\u011bzstv\u00edm nad Ruskou arm\u00e1dou, ale \u017ee jde o likvida\u010dn\u00ed velkokapacitn\u00ed rusk\u00fd masoml\u00fdn, kter\u00fd p\u0159ipravil\u00a0<em>Gener\u00e1l Armageddon<\/em>, tedy Sergej Surovikin. Pr\u00e1v\u011b od toho pramen\u00ed jeho p\u0159ezd\u00edvka.<\/p>\n<p><strong>Jeho taktika spo\u010d\u00edv\u00e1 v tom, \u017ee m\u00e1 v oblib\u011b stav\u011bt n\u011bkolika-p\u00e1smov\u00e1 opevn\u011bn\u00ed a mezi nimi hust\u011b rozm\u00edstit d\u011blost\u0159eleck\u00e9 baterie, kter\u00e9 nep\u0159etr\u017eit\u011b potom sypou do zam\u011b\u0159en\u00fdch \u010dtverc\u016f d\u011blost\u0159eleckou munici<\/strong>, kter\u00e1 je k d\u011bl\u016fm dopravov\u00e1na syst\u00e9mem promy\u0161len\u00fdch z\u00e1kop\u016f, tak\u017ee d\u011blost\u0159elc\u016fm vlastn\u011b munice nikdy nedojde, proto\u017ee neust\u00e1le proud\u00ed nov\u00e1 od z\u00e1sobovac\u00edch skupinek na b\u00e1zi kyvadlov\u00e9 dopravy munice v z\u00e1kopech. Podobn\u00fd syst\u00e9m pou\u017e\u00edval za II. sv. v\u00e1lky mar\u0161\u00e1l Sov\u011btsk\u00e9ho svazu Georgij \u017dukov.<\/p>\n<figure id=\"attachment_53926\" class=\"wp-caption aligncenter\" style=\"width: 698px;\"><a href=\"https:\/\/aeronet.news\/wp-content\/uploads\/SergejSurovikinVSR.jpg\"><img decoding=\"async\" loading=\"lazy\" class=\"wp-image-53926 \" src=\"https:\/\/aeronet.news\/wp-content\/uploads\/SergejSurovikinVSR-1024x576.jpg\" sizes=\"(max-width: 700px) 100vw, 700px\" srcset=\"https:\/\/aeronet.news\/wp-content\/uploads\/SergejSurovikinVSR-1024x576.jpg 1024w, https:\/\/aeronet.news\/wp-content\/uploads\/SergejSurovikinVSR-300x169.jpg 300w, https:\/\/aeronet.news\/wp-content\/uploads\/SergejSurovikinVSR-768x432.jpg 768w, https:\/\/aeronet.news\/wp-content\/uploads\/SergejSurovikinVSR-700x394.jpg 700w, https:\/\/aeronet.news\/wp-content\/uploads\/SergejSurovikinVSR-635x357.jpg 635w, https:\/\/aeronet.news\/wp-content\/uploads\/SergejSurovikinVSR-859x483.jpg 859w, https:\/\/aeronet.news\/wp-content\/uploads\/SergejSurovikinVSR.jpg 1360w\" alt=\"\" width=\"698\" height=\"393\" \/><\/a><figcaption class=\"wp-caption-text\">Gen. Sergej Surovikin<\/figcaption><\/figure>\n<p>Prostor p\u0159ed z\u00e1kopy ve \u010dtverc\u00edch palebn\u00e9ho pole se st\u00e1v\u00e1 Armageddonem, p\u0159es kter\u00fd \u017eiv\u00fd \u010dlov\u011bk neprojde, pouze du\u0161e, kter\u00e9 opust\u00ed mrtv\u00e1 t\u011bla ukrajinsk\u00fdch voj\u00e1k\u016f. Tuto taktiku pou\u017e\u00edval Surovikin v S\u00fdrii p\u0159i obl\u00e9h\u00e1n\u00ed opevn\u011bn\u00ed ISILu. Vybudoval okolo nich opevn\u011bn\u00ed, rozm\u00edstil d\u011bla, zam\u011b\u0159il \u010dtverce a nechal na n\u011b sypat munici n\u011bkolik dn\u00ed. Identifikace t\u011bl bojovn\u00edk\u016f ISILu byla potom nemo\u017en\u00e1. Na jejich pozic\u00edch nic toti\u017e nez\u016fstalo pohromad\u011b. Tuto taktiku te\u010f pou\u017e\u00edv\u00e1 Rusk\u00e1 arm\u00e1da na Surovikinov\u011b linii a v\u00fdsledkem je zni\u010den\u00e1 ukrajinsk\u00e1 arm\u00e1da, kter\u00e1 m\u011bla ofenz\u00edvu rozhodnout. A v t\u00e9to chv\u00edli u\u017e Ukrajinci necht\u011bj\u00ed bojovat ani za ty pen\u00edze.<\/p>\n<h6><span style=\"font-size: 18pt;\">Poslanci smetli ze stolu novelu mobiliza\u010dn\u00edho z\u00e1kona a poslali ji k p\u0159epracov\u00e1n\u00ed vl\u00e1d\u011b, proto\u017ee poslanci u\u017e c\u00edt\u00ed Zelensk\u00e9ho konec<\/span><\/h6>\n<p>Zm\u011bna postoj\u016f poslanc\u016f ve Vrchn\u00ed rad\u011b je logick\u00e1. Entusiasmus o por\u00e1\u017ece Ruska je pry\u010d a politici za\u010d\u00ednaj\u00ed kalkulovat, \u017ee kdo te\u010f bude na stran\u011b Zelensk\u00e9ho, mohl by skon\u010dit na provaze na n\u00e1m\u011bst\u00ed na Majdanu, a\u017e se to zvrtne. Politik\u016fm doch\u00e1z\u00ed, \u017ee jakmile se zavedou n\u00e1siln\u00e9 mobilizace na Ukrajin\u011b, a k nim se opravdu schyluje, za\u010dne povst\u00e1n\u00ed.<\/p>\n<p>Za\u010dnou nepokoje, ozbrojen\u00e9 odpory proti odvodn\u00edm komis\u00edm a s vysokou pravd\u011bpodobnost\u00ed vypukne v Kyjev\u011b nov\u00fd Majdan s c\u00edlem svr\u017een\u00ed Zelensk\u00e9ho.\u00a0<strong>Ukrajin\u0161t\u00ed politici nejsou dne\u0161n\u00ed a maj\u00ed dobr\u00fd \u010duch na to, kdy\u017e se za\u010d\u00edn\u00e1 kym\u00e1cet re\u017eim.<\/strong>\u00a0Pr\u00e1v\u011b proto necht\u011bj\u00ed pro mobiliza\u010dn\u00ed novelu zvednout ruku, ale sou\u010dasn\u011b se st\u00e1le boj\u00ed re\u017eimu, \u017ee by je mohl ozna\u010dit za zr\u00e1dce, kdyby se postavili otev\u0159en\u011b proti v\u00e1lce jako takov\u00e9. Tak\u017ee se to maskuje obstrukcemi s novelou, kter\u00e1 se pos\u00edl\u00e1 Zelensk\u00e9mu k p\u0159epracov\u00e1n\u00ed atd. N\u00e1v\u0161t\u011bva Rishiho Sunaka v Kyjev\u011b a slib zbran\u00ed a v\u00fdcviku za 2,5 miliardy liber\u00a0<strong>[<a href=\"https:\/\/href.li\/?https:\/\/www.rt.com\/news\/590560-ukraine-sunak-uk-aid-package\/\" target=\"_blank\" rel=\"nofollow noopener\">2<\/a>]<\/strong>\u00a0je v podstat\u011b pro Zelensk\u00e9ho ochrana, sign\u00e1l ochrany p\u0159ed s\u00edl\u00edc\u00ed opozic\u00ed v Kyjev\u011b, \u017ee m\u00e1 za sebou Velkou Brit\u00e1nii.<\/p>\n<figure id=\"attachment_58288\" class=\"wp-caption aligncenter\" style=\"width: 697px;\"><a href=\"https:\/\/aeronet.news\/wp-content\/uploads\/ZelenskySunakKiev.jpg\"><img decoding=\"async\" loading=\"lazy\" class=\"wp-image-58288 \" src=\"https:\/\/aeronet.news\/wp-content\/uploads\/ZelenskySunakKiev-1024x640.jpg\" sizes=\"(max-width: 700px) 100vw, 700px\" srcset=\"https:\/\/aeronet.news\/wp-content\/uploads\/ZelenskySunakKiev-1024x640.jpg 1024w, https:\/\/aeronet.news\/wp-content\/uploads\/ZelenskySunakKiev-300x188.jpg 300w, https:\/\/aeronet.news\/wp-content\/uploads\/ZelenskySunakKiev-768x480.jpg 768w, https:\/\/aeronet.news\/wp-content\/uploads\/ZelenskySunakKiev-700x438.jpg 700w, https:\/\/aeronet.news\/wp-content\/uploads\/ZelenskySunakKiev-571x357.jpg 571w, https:\/\/aeronet.news\/wp-content\/uploads\/ZelenskySunakKiev-773x483.jpg 773w, https:\/\/aeronet.news\/wp-content\/uploads\/ZelenskySunakKiev.jpg 1280w\" alt=\"\" width=\"697\" height=\"436\" \/><\/a><figcaption class=\"wp-caption-text\">Britsk\u00fd premi\u00e9r Rishi Sunak v Kyjev\u011b<\/figcaption><\/figure>\n<p>N\u00e1vrh z\u00e1kona by Kyjevu umo\u017enil povolat do arm\u00e1dy v\u00edce lid\u00ed, proto\u017ee v\u00e1lka s Ruskem se bl\u00ed\u017e\u00ed u\u017e ke dv\u011bma let\u016fm. P\u0159edloha n\u00e1vrh\u016f novely zahrnovala elektronick\u00e9 povol\u00e1v\u00e1n\u00ed do arm\u00e1dy pomoc\u00ed povol\u00e1nek rozes\u00edlan\u00fdch na mobil jako SMS, a to nejen na Ukrajin\u011b, ale v\u0161em Ukrajinc\u016fm do cel\u00e9 EU a \u0159adu p\u0159\u00edsn\u00fdch sankc\u00ed pro ty, kte\u0159\u00ed budou z\u00e1kon o mobilizaci poru\u0161ovat.<\/p>\n<p>Nap\u0159. pro ty osoby, kter\u00e9 by ignorovaly povol\u00e1nku, kterou dostaly v EU na sv\u016fj mobil, by vedl k tomu, \u017ee Ukrajina by jim zru\u0161ila platnost cestovn\u00edho pasu a pokud by Ukrajinci cht\u011bli vycestovat ze zem\u011b, tak by od ambas\u00e1dy dostali jenom jednosm\u011brn\u00e9 v\u00fdjezdn\u00ed povolen\u00ed na Ukrajinu. Toto ustanoven\u00ed ale legislativn\u00ed v\u00fdbor Vrchn\u00ed rady ozna\u010dil za ne\u00fastavn\u00ed v rozporu s Chartou, proto\u017ee st\u00e1t nesm\u00ed sv\u00fdm ob\u010dan\u016fm ru\u0161it ochranu poskytovanou cestovn\u00edm pasem b\u011bhem jejich pobytu v zahrani\u010d\u00ed.<\/p>\n<h6><span style=\"font-size: 18pt;\">Kde se vezmou bez Ameri\u010dan\u016f pen\u00edze na v\u00fdplaty ukrajinsk\u00fdch voj\u00e1k\u016f?<\/span><\/h6>\n<p>Byla to jedna z v\u011bc\u00ed, kter\u00e1 byla Zelensk\u00e9mu vr\u00e1cena jako ne\u00fastavn\u00ed krok. Ot\u00e1zkou ale je, jestli Zelensk\u00fd bude n\u00e1mitky reflektovat. Po setk\u00e1n\u00ed veden\u00ed parlamentu s arm\u00e1dn\u00edmi veliteli p\u0159edseda parlamentu Ruslan Stefan\u010duk uvedl, \u017ee n\u00e1vrh z\u00e1kona bude celkov\u011b p\u0159epracov\u00e1n.\u00a0<strong>\u201c<em>Bylo schv\u00e1leno spole\u010dn\u00e9 rozhodnut\u00ed zaslat v\u0161echna vypracovan\u00e1 doporu\u010den\u00ed a n\u00e1vrhy vl\u00e1d\u011b,<\/em>\u201c<\/strong>\u00a0uvedl Stefan\u010duk na Telegramu.<\/p>\n<p>Z\u00e1konod\u00e1rce Jaroslav \u017delez\u0148ak uvedl, \u017ee v nejbli\u017e\u0161\u00ed dob\u011b nedojde v parlamentu k \u017e\u00e1dn\u00e9mu pohybu ohledn\u011b tohoto konkr\u00e9tn\u00edho n\u00e1vrhu novely. Odpor proti n\u00e1vrhu je toti\u017e obrovsk\u00fd a poslanci nevid\u00ed \u0159e\u0161en\u00ed v\u00e1lky v nov\u00e9 mobilizaci, ale u\u017e cht\u011bj\u00ed od Zelensk\u00e9ho nov\u00e9 n\u00e1stroje na ukon\u010den\u00ed v\u00e1lky. To ale Zelensk\u00fd ost\u0159e odm\u00edt\u00e1. Pokud jde o pen\u00edze ukrajinsk\u00fdm voj\u00e1k\u016fm, situace se za\u010dala komplikovat.<\/p>\n<figure id=\"attachment_57049\" class=\"wp-caption aligncenter\" style=\"width: 699px;\"><a href=\"https:\/\/aeronet.news\/wp-content\/uploads\/ZelenskyZebradlo.jpg\"><img decoding=\"async\" loading=\"lazy\" class=\"wp-image-57049 \" src=\"https:\/\/aeronet.news\/wp-content\/uploads\/ZelenskyZebradlo-1024x756.jpg\" sizes=\"(max-width: 700px) 100vw, 700px\" srcset=\"https:\/\/aeronet.news\/wp-content\/uploads\/ZelenskyZebradlo-1024x756.jpg 1024w, https:\/\/aeronet.news\/wp-content\/uploads\/ZelenskyZebradlo-300x222.jpg 300w, https:\/\/aeronet.news\/wp-content\/uploads\/ZelenskyZebradlo-768x567.jpg 768w, https:\/\/aeronet.news\/wp-content\/uploads\/ZelenskyZebradlo-700x517.jpg 700w, https:\/\/aeronet.news\/wp-content\/uploads\/ZelenskyZebradlo-484x357.jpg 484w, https:\/\/aeronet.news\/wp-content\/uploads\/ZelenskyZebradlo-654x483.jpg 654w, https:\/\/aeronet.news\/wp-content\/uploads\/ZelenskyZebradlo.jpg 1200w\" alt=\"\" width=\"699\" height=\"516\" \/><\/a><figcaption class=\"wp-caption-text\">Zelensk\u00e9mu nezb\u00fdv\u00e1 nic jin\u00e9ho, ne\u017e obj\u00ed\u017ed\u011bt s \u017eebradlem Evropa a Ameriku<\/figcaption><\/figure>\n<p>Kdy\u017e Rusko provedlo invazi na Ukrajinu, zv\u00fd\u0161il Volodymyr Zelensk\u00fd odm\u011bny pro voj\u00e1ky na sedmin\u00e1sobek pr\u016fm\u011brn\u00e9ho platu na Ukrajin\u011b.\u00a0<strong>\u201c<em>Vojensk\u00e9mu person\u00e1lu, kter\u00fd dr\u017e\u00ed zbran\u011b, budeme m\u011bs\u00ed\u010dn\u011b vypl\u00e1cet 100 000 h\u0159iven (2 200 liber \u2013 asi 2 500 USD)\u2026 aby v\u011bd\u011bli, \u017ee je jim zem\u011b vd\u011b\u010dn\u00e1. A tak to bude, dokud tato v\u00e1lka neskon\u010d\u00ed,<\/em>\u201c<\/strong>\u00a0\u0159ekl Zelensk\u00fd. P\u0159ed plnohodnotnou invaz\u00ed dost\u00e1val pr\u016fm\u011brn\u00fd ukrajinsk\u00fd voj\u00e1k plat zhruba na \u00farovni celost\u00e1tn\u00edho pr\u016fm\u011bru: Ukrajinsk\u00fd voj\u00e1k byl v pr\u016fm\u011bru na \u00farovni 14 000 h\u0159iven (300 liber) m\u011bs\u00ed\u010dn\u011b. Sedmin\u00e1sobn\u00fd skok si nemohl dlouhodob\u011b dovolit.<\/p>\n<p>Ale vzhledem k tomu, \u017ee se ke Kyjevu bl\u00ed\u017eily rusk\u00e9 tanky, bylo rozhodnut\u00ed zv\u00fd\u0161it platy v arm\u00e1d\u011b \u017eivotn\u011b d\u016fle\u017eit\u00fdm krokem k zaji\u0161t\u011bn\u00ed p\u0159e\u017eit\u00ed zem\u011b. Vl\u00e1da proto zavedla dva druhy p\u0159\u00edplatk\u016f: 100 000 h\u0159iven (2 200 liber) pro ty, kte\u0159\u00ed jsou na front\u011b a p\u0159\u00edmo bojuj\u00ed s nep\u0159\u00edtelem, a 30 000 h\u0159iven (650 liber) pro ostatn\u00ed voj\u00e1ky rozpt\u00fdlen\u00e9 po cel\u00e9 Ukrajin\u011b. Voj\u00e1ci c\u00edtili, \u017ee jejich odvaha bojovat za st\u00e1t bude tu\u010dn\u011b odm\u011bn\u011bna. \u0158ady vojska se rychle zaplnily tis\u00edci dobrovoln\u00edk\u016f. Odvody tak\u00e9 nabraly na obr\u00e1tk\u00e1ch.<\/p>\n<h6><span style=\"font-size: 18pt;\">Polovinu st\u00e1tn\u00edho rozpo\u010dtu Ukrajiny pohlcuj\u00ed mzdov\u00e9 n\u00e1klady arm\u00e1dy a bezpe\u010dnostn\u00edch slo\u017eek policie a SBU<\/span><\/h6>\n<p>V\u00fdsledkem bylo, \u017ee financov\u00e1n\u00ed ukrajinsk\u00e9 arm\u00e1dy a bezpe\u010dnostn\u00edch slo\u017eek pohlcuje polovinu cel\u00e9ho rozpo\u010dtu zem\u011b. Situaci komplikovala skute\u010dnost, \u017ee Ukrajina nem\u016f\u017ee na obranu vyu\u017e\u00edvat mezin\u00e1rodn\u00ed pomoc z EU ur\u010denou na obnovu Ukrajiny. To jsou podm\u00ednky, za kter\u00fdch partne\u0159i poskytuj\u00ed prost\u0159edky na pokryt\u00ed rozpo\u010dtov\u00e9ho deficitu \u2013 ten v roce 2023 dos\u00e1hl 33 miliard liber. To znamen\u00e1, \u017ee Ukrajina m\u016f\u017ee svou arm\u00e1du financovat pouze s pomoc\u00ed dan\u00ed nebo vnit\u0159n\u00edch p\u016fj\u010dek.<\/p>\n<figure id=\"attachment_57973\" class=\"wp-caption aligncenter\" style=\"width: 697px;\"><a href=\"https:\/\/aeronet.news\/wp-content\/uploads\/ZelenskyBidenPackage.jpg\"><img decoding=\"async\" loading=\"lazy\" class=\"wp-image-57973 \" src=\"https:\/\/aeronet.news\/wp-content\/uploads\/ZelenskyBidenPackage-1024x769.jpg\" sizes=\"(max-width: 700px) 100vw, 700px\" srcset=\"https:\/\/aeronet.news\/wp-content\/uploads\/ZelenskyBidenPackage-1024x769.jpg 1024w, https:\/\/aeronet.news\/wp-content\/uploads\/ZelenskyBidenPackage-300x225.jpg 300w, https:\/\/aeronet.news\/wp-content\/uploads\/ZelenskyBidenPackage-768x577.jpg 768w, https:\/\/aeronet.news\/wp-content\/uploads\/ZelenskyBidenPackage-700x526.jpg 700w, https:\/\/aeronet.news\/wp-content\/uploads\/ZelenskyBidenPackage-476x357.jpg 476w, https:\/\/aeronet.news\/wp-content\/uploads\/ZelenskyBidenPackage-643x483.jpg 643w, https:\/\/aeronet.news\/wp-content\/uploads\/ZelenskyBidenPackage.jpg 1280w\" alt=\"\" width=\"697\" height=\"524\" \/><\/a><figcaption class=\"wp-caption-text\">Situace se od lo\u0148sk\u00e9ho 12. prosince v kongresu nikam neposunula<\/figcaption><\/figure>\n<p>Kyjev tedy zjistil, \u017ee mus\u00ed ustoupit od sv\u00e9ho p\u016fvodn\u00edho slibu, ut\u00e1hnout pen\u011b\u017eenku \u2013 a sn\u00ed\u017eit platby voj\u00e1k\u016fm. V \u00fanoru minul\u00e9ho roku vl\u00e1da zm\u011bnila podm\u00ednky pro z\u00edsk\u00e1n\u00ed dodate\u010dn\u00e9 m\u011bs\u00ed\u010dn\u00ed odm\u011bny pro arm\u00e1du. Nyn\u00ed m\u016f\u017ee b\u00fdt 30 000 h\u0159iven (650 liber) vypl\u00e1ceno pouze voj\u00e1k\u016fm, kte\u0159\u00ed pln\u00ed \u201c<em>bojov\u00e9 \u00fakoly<\/em>\u201c. Odm\u011bna 100 000 h\u0159iven (2 200 liber) byla pro n\u011bkter\u00e9 bojovn\u00edky tak\u00e9 rozd\u011blena: nyn\u00ed z\u00e1vis\u00ed na tom, kde voj\u00e1k slou\u017e\u00ed, a na slo\u017eitosti bojov\u00fdch \u00fakol\u016f.<\/p>\n<h6><span style=\"font-size: 18pt;\">Bez americk\u00e9 pomoci se finan\u010dn\u011b polo\u017e\u00ed nejen vojensk\u00e9 \u00fasil\u00ed Kyjeva, ale cel\u00e1 ekonomika Ukrajiny<\/span><\/h6>\n<p>To vyvolalo pobou\u0159en\u00ed mezi voj\u00e1ky i obyvatelstvem. Jak m\u016f\u017ee vl\u00e1da v\u016fbec zm\u011b\u0159it m\u00edru nebezpe\u010d\u00ed, kter\u00e9mu ka\u017ed\u00fd voj\u00e1k \u010del\u00ed? Voj\u00e1ci p\u011bchoty \u010dasto um\u00edraj\u00ed jako prvn\u00ed, kdy\u017e bojuj\u00ed na nep\u0159\u00e1telsk\u00fdch lini\u00edch. D\u011blost\u0159eleck\u00e9 jednotky vykon\u00e1vaj\u00ed svou slu\u017ebu n\u011bkolik kilometr\u016f daleko, ale st\u00e1le jsou v ohro\u017een\u00ed. Jak lze toto nebezpe\u010d\u00ed, tuto ob\u011b\u0165 vy\u010d\u00edslit \u2013 a n\u00e1sledn\u011b p\u0159ev\u00e9st na plat? Prost\u011b tyto probl\u00e9my \u0159e\u0161il Zelensk\u00fd p\u0159ed rokem a britsk\u00fd list Spectator o tom tehdy podrobn\u011b informoval\u00a0<strong>[<a href=\"https:\/\/href.li\/?https:\/\/www.spectator.co.uk\/article\/can-ukraine-afford-to-keep-paying-its-soldiers-a-fighting-salary\/\" target=\"_blank\" rel=\"nofollow noopener\">3<\/a>]<\/strong>.<\/p>\n<figure id=\"attachment_55110\" class=\"wp-caption aligncenter\" style=\"width: 696px;\"><a href=\"https:\/\/aeronet.news\/wp-content\/uploads\/ZelenskyBidenDesk.jpg\"><img decoding=\"async\" loading=\"lazy\" class=\"wp-image-55110 \" src=\"https:\/\/aeronet.news\/wp-content\/uploads\/ZelenskyBidenDesk-1024x683.jpg\" sizes=\"(max-width: 700px) 100vw, 700px\" srcset=\"https:\/\/aeronet.news\/wp-content\/uploads\/ZelenskyBidenDesk-1024x683.jpg 1024w, https:\/\/aeronet.news\/wp-content\/uploads\/ZelenskyBidenDesk-300x200.jpg 300w, https:\/\/aeronet.news\/wp-content\/uploads\/ZelenskyBidenDesk-768x512.jpg 768w, https:\/\/aeronet.news\/wp-content\/uploads\/ZelenskyBidenDesk-700x467.jpg 700w, https:\/\/aeronet.news\/wp-content\/uploads\/ZelenskyBidenDesk-535x357.jpg 535w, https:\/\/aeronet.news\/wp-content\/uploads\/ZelenskyBidenDesk-724x483.jpg 724w, https:\/\/aeronet.news\/wp-content\/uploads\/ZelenskyBidenDesk.jpg 1280w\" alt=\"\" width=\"696\" height=\"464\" \/><\/a><figcaption class=\"wp-caption-text\">Bez pen\u011bz od toho p\u00e1na za stole\u010dkem se Ukrajina ekonomicky zhrout\u00ed<\/figcaption><\/figure>\n<p>Zkuste si p\u0159edstavit, v jak\u00e9 situace je te\u010f po roce, kdy\u017e USA skon\u010dily na Silvestra financov\u00e1n\u00ed Ukrajiny, ukrajinsk\u00e1 ofenz\u00edva selhala, americk\u00fd kongres kv\u016fli vnit\u0159n\u00edm tahanic\u00edm o bezpe\u010dnost americko-mexick\u00e9 hranice nechce dal\u0161\u00ed pen\u00edze pro Ukrajinu schv\u00e1lit a britsk\u00fd premi\u00e9r p\u0159ijede do Kyejva s nab\u00eddkou u\u0161mudlan\u00fdch 2,5 miliardy liber, kter\u00e9 maj\u00ed vydr\u017eet Ukrajin\u011b na cel\u00fd rok 2024 a v\u011bt\u0161ina t\u011bch pen\u011bz stejn\u011b skon\u010d\u00ed v britsk\u00fdch zbrojovk\u00e1ch v podob\u011b zbran\u00ed pro Ukrajinu a ne v podob\u011b hotovosti na v\u00fdplaty ukrajinsk\u00fdch voj\u00e1k\u016f. Prost\u011b ukrajin\u0161t\u00ed politici sta\u017een\u00edm mobiliza\u010dn\u00edho z\u00e1kona z projedn\u00e1v\u00e1n\u00ed parlamentu za\u0159\u00edzli Zelensk\u00e9ho, proto\u017ee se od n\u011bho za\u010d\u00ednaj\u00ed pomalu a postupn\u011b zcela distancovat. Jakmile ukrajin\u0161t\u00ed voj\u00e1ci nedostanou za leden pen\u00edze, za\u010dnou se d\u00edt v\u011bci a nebude to hezk\u00fd pohled.<\/p>\n<p><a href=\"https:\/\/aeronet.news\/ukrajinska-vlada-stahla-z-parlamentu-navrh-novely-mobilizacniho-zakona-protoze-odpor-poslancu-byl-neprekonatelny-vlada-ma-zakon-prepracovat-a-to-nebude-jen-tak\/\">-VK- \u0160\u00e9fredaktor AE News<\/a><\/p>\n<p>&nbsp;<\/p>\n<p><a href=\"https:\/\/stranapro.cz\/\"><img decoding=\"async\" loading=\"lazy\" class=\"wp-image-40286 aligncenter\" src=\"http:\/\/www.infokuryr.cz\/n\/wp-content\/uploads\/2023\/11\/12pro-300x87.png\" alt=\"\" width=\"979\" height=\"284\" srcset=\"https:\/\/www.infokuryr.cz\/n\/wp-content\/uploads\/2023\/11\/12pro-300x87.png 300w, https:\/\/www.infokuryr.cz\/n\/wp-content\/uploads\/2023\/11\/12pro.png 366w\" sizes=\"(max-width: 979px) 100vw, 979px\" \/><\/a><\/p>\n<p>&nbsp;<\/p>\n<p>&nbsp;<\/p>\n","protected":false},"excerpt":{"rendered":"<p>Ukrajinsk\u00e1 vl\u00e1da st\u00e1hla z parlamentu n\u00e1vrh novely mobiliza\u010dn\u00edho z\u00e1kona, proto\u017ee odpor poslanc\u016f byl nep\u0159ekonateln\u00fd! Vl\u00e1da&#8230;<\/p>\n","protected":false},"author":2,"featured_media":44634,"comment_status":"closed","ping_status":"closed","sticky":false,"template":"","format":"standard","meta":[],"categories":[6],"tags":[1042,1929,557,26,609],"_links":{"self":[{"href":"https:\/\/www.infokuryr.cz\/n\/wp-json\/wp\/v2\/posts\/44633"}],"collection":[{"href":"https:\/\/www.infokuryr.cz\/n\/wp-json\/wp\/v2\/posts"}],"about":[{"href":"https:\/\/www.infokuryr.cz\/n\/wp-json\/wp\/v2\/types\/post"}],"author":[{"embeddable":true,"href":"https:\/\/www.infokuryr.cz\/n\/wp-json\/wp\/v2\/users\/2"}],"replies":[{"embeddable":true,"href":"https:\/\/www.infokuryr.cz\/n\/wp-json\/wp\/v2\/comments?post=44633"}],"version-history":[{"count":0,"href":"https:\/\/www.infokuryr.cz\/n\/wp-json\/wp\/v2\/posts\/44633\/revisions"}],"wp:featuredmedia":[{"embeddable":true,"href":"https:\/\/www.infokuryr.cz\/n\/wp-json\/wp\/v2\/media\/44634"}],"wp:attachment":[{"href":"https:\/\/www.infokuryr.cz\/n\/wp-json\/wp\/v2\/media?parent=44633"}],"wp:term":[{"taxonomy":"category","embeddable":true,"href":"https:\/\/www.infokuryr.cz\/n\/wp-json\/wp\/v2\/categories?post=44633"},{"taxonomy":"post_tag","embeddable":true,"href":"https:\/\/www.infokuryr.cz\/n\/wp-json\/wp\/v2\/tags?post=44633"}],"curies":[{"name":"wp","href":"https:\/\/api.w.org\/{rel}","templated":true}]}}