{"id":44629,"date":"2024-01-13T00:53:27","date_gmt":"2024-01-12T23:53:27","guid":{"rendered":"http:\/\/www.infokuryr.cz\/n\/?p=44629"},"modified":"2024-01-13T07:23:30","modified_gmt":"2024-01-13T06:23:30","slug":"papez-jmenuje-nejnebezpecnejsi-hrich","status":"publish","type":"post","link":"https:\/\/www.infokuryr.cz\/n\/2024\/01\/13\/papez-jmenuje-nejnebezpecnejsi-hrich\/","title":{"rendered":"Pape\u017e jmenuje \u201enejnebezpe\u010dn\u011bj\u0161\u00ed\u201c h\u0159\u00edch"},"content":{"rendered":"<div id=\"fb-root\"><\/div>\n<p><span style=\"font-size: 18pt;\"><strong>Ob\u017eerstv\u00ed \u201ezab\u00edj\u00ed planetu\u201c, varoval katolick\u00fd v\u016fdce b\u011bhem k\u00e1z\u00e1n\u00ed<\/strong><\/span><\/p>\n<p>Pape\u017e Franti\u0161ek ozna\u010dil ob\u017eerstv\u00ed za mo\u017en\u00e1 nejz\u00e1va\u017en\u011bj\u0161\u00ed h\u0159\u00edch ze v\u0161ech a uvedl jeho destruktivn\u00ed dopad na planetu.\u00a0Katolick\u00fd v\u016fdce \u0159ekl, \u017ee i kdy\u017e nen\u00ed nic \u0161patn\u00e9ho na j\u00eddle, lid\u00e9 si vytvo\u0159ili zvyk nem\u00edrnosti, pokud jde o j\u00eddlo.<\/p>\n<p>Pape\u017e ji\u017e d\u0159\u00edve varoval, \u017ee sv\u011bt, jak ho zn\u00e1me, se \u201e\u00a0<em>hrout\u00ed a mo\u017en\u00e1 se bl\u00ed\u017e\u00ed bodu zlomu<\/em>\u00a0\u201c uprost\u0159ed rychle se zrychluj\u00edc\u00ed zm\u011bny klimatu a ne\u010dinnosti glob\u00e1ln\u00edch v\u016fdc\u016f.\u00a0Loni v \u0159\u00edjnu ozna\u010dil za hlavn\u00ed vin\u00edky krize rozvinut\u00e9 z\u00e1padn\u00ed zem\u011b.<\/p>\n<p>Pape\u017e ve st\u0159edu b\u011bhem sv\u00e9 t\u00fddenn\u00ed gener\u00e1ln\u00ed audience tvrdil, \u017ee ze soci\u00e1ln\u00edho hlediska je ob\u017eerstv\u00ed \u201e\u00a0<em>mo\u017en\u00e1 nejnebezpe\u010dn\u011bj\u0161\u00ed ne\u0159est\u00ed, kter\u00e1 zab\u00edj\u00ed planetu.\u00a0<\/em>\u201c Odsoudil \u201e\u00a0<em>nenasytnost, se kterou jsme v posledn\u00edch n\u011bkolika stolet\u00edch nar\u00e1\u017eeli na zbo\u017e\u00ed planety.\u00a0<\/em>\u201c<\/p>\n<p>Lid\u00e9, kte\u0159\u00ed st\u00e1le v\u00edce zaujali pred\u00e1torsk\u00fd postoj k potravin\u00e1m a zdroj\u016fm v \u0161ir\u0161\u00edm slova smyslu, se \u201ez\u0159ekli\u00a0<em>jm\u00e9na lid\u00ed<\/em>\u00a0\u201c, aby se m\u00edsto toho stali \u201e\u00a0<em>spot\u0159ebiteli<\/em>\u00a0\u201c, prohl\u00e1sil pape\u017e Franti\u0161ek.<\/p>\n<p>Pozoroval, \u017ee se zd\u00e1, \u017ee rostouc\u00ed po\u010det lid\u00ed m\u00e1 nevyrovnan\u00fd vztah k j\u00eddlu, co\u017e se projevuje poruchami p\u0159\u00edjmu potravy.\u00a0Podle pape\u017ee tyto poruchy \u201e\u00a0<em>v\u011bt\u0161inou souvis\u00ed s mukami psychiky a du\u0161e.\u00a0<\/em>\u201c<\/p>\n<p>\u201e\u00a0<em>J\u00eddlo je projevem n\u011b\u010deho vnit\u0159n\u00edho: n\u00e1chylnosti k rovnov\u00e1ze nebo nem\u00edrnosti\u2026 empatie t\u011bch, kte\u0159\u00ed v\u011bd\u00ed, jak se pod\u011blit o j\u00eddlo s pot\u0159ebn\u00fdmi, nebo sobectv\u00ed t\u011bch, kte\u0159\u00ed si v\u0161e hromad\u00ed pro sebe,<\/em>\u00a0\u201c \u0159ekl.<\/p>\n<p>Katolick\u00fd v\u016fdce ve sv\u00e9 \u0159\u00edjnov\u00e9 apo\u0161tolsk\u00e9 exhortaci napsal, \u017ee d\u016fsledky klimatick\u00fdch zm\u011bn v podob\u011b \u201e\u00a0<em>extr\u00e9mn\u00edch klimatick\u00fdch jev\u016f<\/em>\u00a0\u201c je st\u00e1le t\u011b\u017e\u0161\u00ed ignorovat.<\/p>\n<p>D\u00e1le odm\u00edtl n\u00e1zor, \u017ee chud\u0161\u00ed n\u00e1rody nesou lv\u00ed d\u00edl odpov\u011bdnosti za glob\u00e1ln\u00ed oteplov\u00e1n\u00ed, a pouk\u00e1zal na to, \u017ee \u201e\u00a0<em>emise na jednotlivce ve Spojen\u00fdch st\u00e1tech jsou asi dvakr\u00e1t vy\u0161\u0161\u00ed ne\u017e u jedinc\u016f \u017eij\u00edc\u00edch v \u010c\u00edn\u011b a asi sedmkr\u00e1t vy\u0161\u0161\u00ed ne\u017e pr\u016fm\u011br nejchud\u0161\u00edch zem\u00ed.\u00a0<\/em>\u201c<\/p>\n<p>Pape\u017e si tak\u00e9 posteskl nad zjevn\u00fdm nez\u00e1jmem o \u0159e\u0161en\u00ed situace ze strany hlavn\u00edch ekonomick\u00fdch mocnost\u00ed.<\/p>\n<p>No mo\u017en\u00e1 by m\u011bl za\u010d\u00edt u sebe: m\u00e9n\u011b \u017er\u00e1t a zhubnout 20 kilo! Vypasen\u00fd je dost a dost&#8230;a p\u0159\u00edklady nakonec t\u00e1hnou.<\/p>\n<p><img decoding=\"async\" loading=\"lazy\" class=\"alignnone size-full wp-image-1185\" src=\"http:\/\/www.infokuryr.cz\/n\/wp-content\/uploads\/2021\/04\/kuryr-podpis.png\" alt=\"\" width=\"84\" height=\"24\" \/><\/p>\n<p>&nbsp;<\/p>\n<p>&nbsp;<\/p>\n","protected":false},"excerpt":{"rendered":"<p>Ob\u017eerstv\u00ed \u201ezab\u00edj\u00ed planetu\u201c, varoval katolick\u00fd v\u016fdce b\u011bhem k\u00e1z\u00e1n\u00ed Pape\u017e Franti\u0161ek ozna\u010dil ob\u017eerstv\u00ed za mo\u017en\u00e1 nejz\u00e1va\u017en\u011bj\u0161\u00ed&#8230;<\/p>\n","protected":false},"author":2,"featured_media":44630,"comment_status":"closed","ping_status":"closed","sticky":false,"template":"","format":"standard","meta":[],"categories":[7],"tags":[6623,6624,254,811],"_links":{"self":[{"href":"https:\/\/www.infokuryr.cz\/n\/wp-json\/wp\/v2\/posts\/44629"}],"collection":[{"href":"https:\/\/www.infokuryr.cz\/n\/wp-json\/wp\/v2\/posts"}],"about":[{"href":"https:\/\/www.infokuryr.cz\/n\/wp-json\/wp\/v2\/types\/post"}],"author":[{"embeddable":true,"href":"https:\/\/www.infokuryr.cz\/n\/wp-json\/wp\/v2\/users\/2"}],"replies":[{"embeddable":true,"href":"https:\/\/www.infokuryr.cz\/n\/wp-json\/wp\/v2\/comments?post=44629"}],"version-history":[{"count":0,"href":"https:\/\/www.infokuryr.cz\/n\/wp-json\/wp\/v2\/posts\/44629\/revisions"}],"wp:featuredmedia":[{"embeddable":true,"href":"https:\/\/www.infokuryr.cz\/n\/wp-json\/wp\/v2\/media\/44630"}],"wp:attachment":[{"href":"https:\/\/www.infokuryr.cz\/n\/wp-json\/wp\/v2\/media?parent=44629"}],"wp:term":[{"taxonomy":"category","embeddable":true,"href":"https:\/\/www.infokuryr.cz\/n\/wp-json\/wp\/v2\/categories?post=44629"},{"taxonomy":"post_tag","embeddable":true,"href":"https:\/\/www.infokuryr.cz\/n\/wp-json\/wp\/v2\/tags?post=44629"}],"curies":[{"name":"wp","href":"https:\/\/api.w.org\/{rel}","templated":true}]}}