{"id":44623,"date":"2024-01-13T00:40:21","date_gmt":"2024-01-12T23:40:21","guid":{"rendered":"http:\/\/www.infokuryr.cz\/n\/?p=44623"},"modified":"2024-01-12T20:22:31","modified_gmt":"2024-01-12T19:22:31","slug":"eva-hrindova-kdyz-je-za-co-nebojme-se-chvalit","status":"publish","type":"post","link":"https:\/\/www.infokuryr.cz\/n\/2024\/01\/13\/eva-hrindova-kdyz-je-za-co-nebojme-se-chvalit\/","title":{"rendered":"Eva Hrindov\u00e1: Kdy\u017e je za co, nebojme se chv\u00e1lit!"},"content":{"rendered":"<div id=\"fb-root\"><\/div>\n<p><strong>Fotka s v\u00fdroky Aleny Schillerov\u00e9 v negativn\u00edm smyslu obl\u00e9tla internet. \u0160\u00e9fka poslaneck\u00e9ho klubu ANO dost\u00e1v\u00e1 docela vyhubov\u00e1no a cel\u00e9 ANO je ozna\u010dov\u00e1no jako prorusk\u00e9 a nezodpov\u011bdn\u00e9. Tak si jej\u00ed v\u00fdrok poj\u010fme trochu rozebrat.<\/strong><\/p>\n<p><span style=\"font-size: 18pt;\"><strong>1.<\/strong><\/span> J\u00e1 za tento v\u00fdrok pan\u00ed Schillerov\u00e9 tlesk\u00e1m. Neust\u00e1l\u00e9 stra\u0161en\u00ed v\u00e1lkou a vyvol\u00e1v\u00e1n\u00ed strachu p\u0159ed Ruskem v situaci, kdy p\u0159edev\u0161\u00edm senio\u0159i a mlad\u00e9 rodiny maj\u00ed co d\u011blat, aby zvl\u00e1dli setrvalou inflaci, je nezodpov\u011bdn\u00e9. Je dobr\u00e9, kdy\u017e zazn\u00edvaj\u00ed i hlasy rozumu, za kter\u00fdmi tu\u0161\u00edme i zodpov\u011bdn\u011bj\u0161\u00ed zahrani\u010dn\u00ed politiku&lt; kter\u00e1 by do konflikt\u016f ve sv\u011bt\u011b nep\u0159il\u00e9vala ohe\u0148.<\/p>\n<p><span style=\"font-size: 18pt;\"><strong>2.<\/strong><\/span> Cht\u00edt \u017e\u00edt v m\u00edru neznamen\u00e1 oslabovat obranu. Je ale nutn\u00e9 si p\u0159iznat, \u017ee kroky sou\u010dasn\u00e9 vl\u00e1dy k zaji\u0161t\u011bn\u00ed obrany nevedou. Mal\u00e1 zem\u011b s prakticky neexistuj\u00edc\u00ed arm\u00e1dou mus\u00ed d\u011blat p\u0159edev\u0161\u00edm zodpov\u011bdnou politiku a nestav\u011bt se do ohnisek sv\u011btov\u00fdch konflikt\u016f. Co\u017e neznamen\u00e1, \u017ee nem\u00e1 m\u00edt postoj a n\u00e1zor. Sta\u010d\u00ed se pod\u00edvat okolo n\u00e1s &#8211; obvykl\u00e9 zp\u016fsoby v\u00e1lky, kter\u00e9 praktikoval Z\u00e1pad v \u010dele s USA, u\u017e nefunguj\u00ed. Mnoh\u00e9 zem\u011b maj\u00ed z\u00e1padn\u00edho protektorstv\u00ed pln\u00e9 zuby a jsou p\u0159ipraveni se br\u00e1nit v\u0161emi prost\u0159edky &#8211; i terorismem &#8211; a na to \u017e\u00e1dn\u00e9 drah\u00e9 st\u00edha\u010dky a letadlov\u00e9 lod\u011b nepom\u00e1haj\u00ed.<\/p>\n<p><span style=\"font-size: 18pt;\"><strong>3.<\/strong> <\/span>Cht\u00edt \u017e\u00edt v m\u00edru znamen\u00e1 i nevyvol\u00e1vat konflikty, chovat se um\u00edrn\u011bn\u011b a zodpov\u011bdn\u011b, zva\u017eovat v\u017edy v\u0161echny rizika. Hodnoty jsou fajn, ale lidsk\u00e9 \u017eivoty jsou v\u00edc. M\u00e1m jistou nad\u011bji, \u017ee se ANO trochu posunulo od ideologick\u00fdch hodnot k re\u00e1ln\u00e9mu hodnocen\u00ed situac\u00ed.<\/p>\n<p><span style=\"font-size: 18pt;\"><strong>4.<\/strong> <\/span>Nejv\u00edce odsudk\u016f jsem op\u011bt vid\u011bla na stran\u011b &#8222;vlasteneck\u00e9&#8220; sc\u00e9ny, kter\u00e9 ANO pod veden\u00edm Babi\u0161e nemohou odpustit covid, Vrb\u011btice a podporu r\u016fzn\u00fdch usnesen\u00ed na podporu Ukrajiny. J\u00e1 si to taky pamatuju. Ale v\u00e1\u017een\u00ed, vstupte si do sv\u011bdom\u00ed &#8211; vy jste v\u0161echno v\u011bd\u011bli hned? Va\u0161e n\u00e1zory se nevyv\u00edjely? Potkala jsem spoustu &#8222;vlastenc\u016f&#8220;, kte\u0159\u00ed t\u0159eba hlasovali pro vstup \u010cR do EU. Potkala jsem spoustu t\u011bch, kter\u00fdm se o\u010di otev\u00edraly postupn\u011b. M\u00e1me je snad zatratit za to, \u017ee jim n\u011bkter\u00e9 v\u011bci z r\u016fzn\u00fdch d\u016fvod\u016f do\u0161ly pozd\u011bji ne\u017e n\u00e1m? J\u00e1 m\u00e1m radost z ka\u017ed\u00e9ho, kdo za\u010dne vid\u011bt realitu jasn\u011bji &#8211; lep\u0161\u00ed pozd\u011b ne\u017eli pozd\u011bji. Co n\u00e1m pom\u016f\u017ee, kdy\u017e budeme tyhle opozdilce k\u00e1drovat a ur\u00e1\u017eet je? P\u0159em\u00fd\u0161lejte o tom&#8230;<\/p>\n<p><span style=\"font-size: 18pt;\"><strong>5.<\/strong> <\/span>\u017d\u00e1dn\u00fd politik, \u017e\u00e1dn\u00e1 politick\u00e1 strana ani \u017e\u00e1dn\u00e9 hnut\u00ed n\u00e1s nespas\u00ed. NIKDY! Spasit se mus\u00edme sami sv\u00fdm chov\u00e1n\u00edm. V tomto \u017e\u00e1dn\u00ed politici nepomohou. Proto na n\u011b p\u0159esta\u0148te kl\u00e1st nesplniteln\u00e9 n\u00e1roky. N\u011bkte\u0159\u00ed politici h\u00e1j\u00ed na\u0161e z\u00e1jmy v \u010dase l\u00e9pe, n\u011bkdy h\u016f\u0159e, n\u011bkdy to jde l\u00e9pe jedn\u011bm, jindy druh\u00fdm. A je jen na n\u00e1s, jak vyhodnot\u00edme svou podporu. Slep\u00e9 n\u00e1sledov\u00e1n\u00ed jedn\u011bch n\u00e1m br\u00e1n\u00ed vid\u011bt v\u00fdhod druh\u00fdch a to\u010d\u00edme se pak v kruhu. Mo\u017enosti nejsou velk\u00e9 a mus\u00edme se nau\u010dit vyu\u017e\u00edvat ka\u017ed\u00e9 tro\u0161ky mo\u017enost\u00ed.<\/p>\n<p><a href=\"https:\/\/www.evahrindova.cz\/kdyz-je-za-co-nebojme-se-chvalit\">Eva Hrindov\u00e1<\/a><\/p>\n<p>&nbsp;<\/p>\n<p><a href=\"https:\/\/stranapro.cz\/\"><img decoding=\"async\" loading=\"lazy\" class=\"wp-image-40286 aligncenter\" src=\"http:\/\/www.infokuryr.cz\/n\/wp-content\/uploads\/2023\/11\/12pro-300x87.png\" alt=\"\" width=\"959\" height=\"278\" srcset=\"https:\/\/www.infokuryr.cz\/n\/wp-content\/uploads\/2023\/11\/12pro-300x87.png 300w, https:\/\/www.infokuryr.cz\/n\/wp-content\/uploads\/2023\/11\/12pro.png 366w\" sizes=\"(max-width: 959px) 100vw, 959px\" \/><\/a><\/p>\n<p>&nbsp;<\/p>\n<p>&nbsp;<\/p>\n","protected":false},"excerpt":{"rendered":"<p>Fotka s v\u00fdroky Aleny Schillerov\u00e9 v negativn\u00edm smyslu obl\u00e9tla internet. \u0160\u00e9fka poslaneck\u00e9ho klubu ANO dost\u00e1v\u00e1&#8230;<\/p>\n","protected":false},"author":2,"featured_media":44624,"comment_status":"closed","ping_status":"closed","sticky":false,"template":"","format":"standard","meta":[],"categories":[6],"tags":[29,565,122,6622],"_links":{"self":[{"href":"https:\/\/www.infokuryr.cz\/n\/wp-json\/wp\/v2\/posts\/44623"}],"collection":[{"href":"https:\/\/www.infokuryr.cz\/n\/wp-json\/wp\/v2\/posts"}],"about":[{"href":"https:\/\/www.infokuryr.cz\/n\/wp-json\/wp\/v2\/types\/post"}],"author":[{"embeddable":true,"href":"https:\/\/www.infokuryr.cz\/n\/wp-json\/wp\/v2\/users\/2"}],"replies":[{"embeddable":true,"href":"https:\/\/www.infokuryr.cz\/n\/wp-json\/wp\/v2\/comments?post=44623"}],"version-history":[{"count":1,"href":"https:\/\/www.infokuryr.cz\/n\/wp-json\/wp\/v2\/posts\/44623\/revisions"}],"predecessor-version":[{"id":44625,"href":"https:\/\/www.infokuryr.cz\/n\/wp-json\/wp\/v2\/posts\/44623\/revisions\/44625"}],"wp:featuredmedia":[{"embeddable":true,"href":"https:\/\/www.infokuryr.cz\/n\/wp-json\/wp\/v2\/media\/44624"}],"wp:attachment":[{"href":"https:\/\/www.infokuryr.cz\/n\/wp-json\/wp\/v2\/media?parent=44623"}],"wp:term":[{"taxonomy":"category","embeddable":true,"href":"https:\/\/www.infokuryr.cz\/n\/wp-json\/wp\/v2\/categories?post=44623"},{"taxonomy":"post_tag","embeddable":true,"href":"https:\/\/www.infokuryr.cz\/n\/wp-json\/wp\/v2\/tags?post=44623"}],"curies":[{"name":"wp","href":"https:\/\/api.w.org\/{rel}","templated":true}]}}