{"id":44622,"date":"2024-01-13T00:37:41","date_gmt":"2024-01-12T23:37:41","guid":{"rendered":"http:\/\/www.infokuryr.cz\/n\/?p=44622"},"modified":"2024-01-12T20:17:18","modified_gmt":"2024-01-12T19:17:18","slug":"ivan-david-je-jureckovi-odpusteno","status":"publish","type":"post","link":"https:\/\/www.infokuryr.cz\/n\/2024\/01\/13\/ivan-david-je-jureckovi-odpusteno\/","title":{"rendered":"Ivan David: Je Jure\u010dkovi odpu\u0161t\u011bno?"},"content":{"rendered":"<div id=\"fb-root\"><\/div>\n<p><strong>Jede se d\u00e1l, stoosmi\u010dka je nerozborn\u00e1. Premi\u00e9rovi Jure\u010dk\u016fv mejdan v\u00a0pr\u016fb\u011bhu vra\u017ed\u011bn\u00ed nevad\u00ed. Ministr se omluvil, bylo to p\u0159ijato, bylo odpu\u0161t\u011bno. Oba jsou katol\u00edci a\u00a0v\u011bd\u00ed, jak je odpu\u0161t\u011bn\u00ed osvobozuj\u00edc\u00ed. Nen\u00ed ov\u0161em zdaleka pravda, \u017ee kup\u010den\u00ed s\u00a0odpustky skon\u010dilo ve st\u0159edov\u011bku.<\/strong><\/p>\n<p>Korupce fungovala, funguje a\u00a0fungovat bude, proto\u017ee prosp\u00edv\u00e1 korumpuj\u00edc\u00edmu i\u00a0korumpovan\u00e9mu, ka\u017ed\u00fd dostane sv\u016fj d\u00edl. Pan premi\u00e9r Fiala si nemohl dovolit neodpustit p\u0159edsedovi by\u0165 jen dvouprocentn\u00ed strany. Rozpadla by se mu vl\u00e1da, za jej\u00ed\u017e celistvost odpov\u00edd\u00e1 vlastn\u00ed ODS i\u00a0koali\u010dn\u00edm stran\u00e1m. Marian Jure\u010dka jako provinil\u00fd m\u011bl navrch. Za nepostradatelnost lidovc\u016f v\u00a0koalici si koupil odpustek.<\/p>\n<p>Ze strany zku\u0161en\u00e9ho politika Jure\u010dky je ov\u0161em jeho selh\u00e1n\u00ed p\u0159ekvapuj\u00edc\u00ed. Kdy\u017e u\u017e jemu samotn\u00e9mu pokra\u010dov\u00e1n\u00ed v\u00a0mejdanu nep\u0159ipadalo nevhodn\u00e9, dalo by se o\u010dek\u00e1vat, \u017ee dok\u00e1\u017ee odhadnout, jak ho bude vid\u011bt ve\u0159ejnost. Neodhadl. Jde opravdu o\u00a0tak velk\u00fd defekt soci\u00e1ln\u00ed inteligence u\u00a0ministra pr\u00e1ce a\u00a0soci\u00e1ln\u00edch v\u011bc\u00ed? Nebo ho zaslepuje pocit bohorovnosti?<\/p>\n<p><a href=\"https:\/\/stranapro.cz\/\"><img decoding=\"async\" loading=\"lazy\" class=\"alignnone  wp-image-40285 aligncenter\" src=\"http:\/\/www.infokuryr.cz\/n\/wp-content\/uploads\/2023\/11\/11pro-300x79.png\" alt=\"\" width=\"509\" height=\"134\" srcset=\"https:\/\/www.infokuryr.cz\/n\/wp-content\/uploads\/2023\/11\/11pro-300x79.png 300w, https:\/\/www.infokuryr.cz\/n\/wp-content\/uploads\/2023\/11\/11pro.png 363w\" sizes=\"(max-width: 509px) 100vw, 509px\" \/><\/a><\/p>\n<p>Tato vl\u00e1da a\u00a0jej\u00ed minist\u0159i neselh\u00e1vaj\u00ed jen mor\u00e1ln\u011b nap\u0159\u00edklad jako sluhov\u00e9 ciz\u00edch z\u00e1jm\u016f, nebo ok\u00e1zal\u00fdm pl\u00fdtv\u00e1n\u00edm, ale i\u00a0vlastn\u00edm rozhodov\u00e1n\u00ed v\u00a0r\u00e1mci kompetence nejvy\u0161\u0161\u00edch p\u0159edstavitel\u016f st\u00e1tn\u00ed spr\u00e1vy. Mor\u00e1ln\u00ed selh\u00e1n\u00ed se pak jev\u00ed jako prkotina. N\u011bkte\u0159\u00ed dareb\u00e1ci se v\u0161ak nedo\u010dkaj\u00ed trestu za sv\u00e9 zlo\u010diny, ale sp\u00ed\u0161e za mor\u00e1ln\u00ed poklesky, kter\u00e9 jsou sn\u00e1ze prokazateln\u00e9 a\u00a0pro ve\u0159ejnost srozumiteln\u011bj\u0161\u00ed. Al Capone neskon\u010dil ve v\u011bzen\u00ed za vra\u017edy, ale za nepln\u011bn\u00ed da\u0148ov\u00fdch povinnost\u00ed, komisa\u0159 Evropsk\u00e9 komise Phil Hogan neskon\u010dil kv\u016fli nadr\u017eov\u00e1n\u00ed nadn\u00e1rodn\u00edm korporac\u00edm, ale kv\u016fli \u00fa\u010dasti na ve\u010d\u00edrku v\u00a0golfov\u00e9m klubu, a\u00a0to bez rou\u0161ky v\u00a0dob\u011b covidov\u00fdch opat\u0159en\u00ed. \u00dadajn\u011b se nedostate\u010dn\u011b omluvil. Jure\u010dka se z\u0159ejm\u011b omluvil \u201edostate\u010dn\u011b\u201c.<\/p>\n<p>Jen\u017ee ani rozh\u0159e\u0161en\u00ed duchovn\u00edho, by\u0165 by to byl s\u00e1m pape\u017e, nesmaz\u00e1v\u00e1 vinu v\u00a0o\u010d\u00edch ve\u0159ejnosti. Ten, komu je stokr\u00e1t odpu\u0161t\u011bno, z\u016fst\u00e1v\u00e1 ston\u00e1sobn\u00fdm dareb\u00e1kem.<\/p>\n<p>Ursula von der Leyenov\u00e1 z\u016fst\u00e1v\u00e1 ve funkci i\u00a0po\u00a0skand\u00e1lech, jejich\u017e p\u0159\u00ed\u010dina je zcela re\u00e1ln\u00e1. Jak budou lid\u00e9 d\u00e1l vn\u00edmat Vl\u00e1du \u010cR nebo Evropskou komisi? Jakou ale bude m\u00edt autoritu, jakou v\u00e1\u017enost?<\/p>\n<p>Ve skute\u010dnosti ka\u017ed\u00fd dal\u0161\u00ed \u010din, kter\u00fd lid\u00e9 vn\u00edmaj\u00ed jako proh\u0159e\u0161ek, by\u0165 by byl u\u017e t\u0159eba stopades\u00e1t\u00fd, oslabuje osobnosti i\u00a0instituce, kter\u00e9 reprezentuj\u00ed. Klesaj\u00ed z\u00e1brany lid\u00ed se proti provinil\u00fdm postavit. Ten, kdo padne pro mor\u00e1ln\u00ed proh\u0159e\u0161ky, m\u016f\u017ee b\u00fdt nakonec odsouzen pro zlo\u010diny, kter\u00e9 m\u00e9dia hlavn\u00edho proudu zaml\u010dovala.<\/p>\n<p><a href=\"https:\/\/www.novarepublika.cz\/2024\/01\/je-jureckovi-odpusteno\">MUDr. Ivan David, CSc.<\/a><\/p>\n<p><img decoding=\"async\" loading=\"lazy\" class=\"alignnone size-medium wp-image-922\" src=\"http:\/\/www.infokuryr.cz\/n\/wp-content\/uploads\/2021\/04\/Ivan-David-1-222x300.jpg\" alt=\"\" width=\"222\" height=\"300\" srcset=\"https:\/\/www.infokuryr.cz\/n\/wp-content\/uploads\/2021\/04\/Ivan-David-1-222x300.jpg 222w, https:\/\/www.infokuryr.cz\/n\/wp-content\/uploads\/2021\/04\/Ivan-David-1.jpg 466w\" sizes=\"(max-width: 222px) 100vw, 222px\" \/><\/p>\n<p>&nbsp;<\/p>\n","protected":false},"excerpt":{"rendered":"<p>Jede se d\u00e1l, stoosmi\u010dka je nerozborn\u00e1. Premi\u00e9rovi Jure\u010dk\u016fv mejdan v\u00a0pr\u016fb\u011bhu vra\u017ed\u011bn\u00ed nevad\u00ed. Ministr se omluvil,&#8230;<\/p>\n","protected":false},"author":2,"featured_media":44251,"comment_status":"closed","ping_status":"closed","sticky":false,"template":"","format":"standard","meta":[],"categories":[6],"tags":[2301,29,122],"_links":{"self":[{"href":"https:\/\/www.infokuryr.cz\/n\/wp-json\/wp\/v2\/posts\/44622"}],"collection":[{"href":"https:\/\/www.infokuryr.cz\/n\/wp-json\/wp\/v2\/posts"}],"about":[{"href":"https:\/\/www.infokuryr.cz\/n\/wp-json\/wp\/v2\/types\/post"}],"author":[{"embeddable":true,"href":"https:\/\/www.infokuryr.cz\/n\/wp-json\/wp\/v2\/users\/2"}],"replies":[{"embeddable":true,"href":"https:\/\/www.infokuryr.cz\/n\/wp-json\/wp\/v2\/comments?post=44622"}],"version-history":[{"count":0,"href":"https:\/\/www.infokuryr.cz\/n\/wp-json\/wp\/v2\/posts\/44622\/revisions"}],"wp:featuredmedia":[{"embeddable":true,"href":"https:\/\/www.infokuryr.cz\/n\/wp-json\/wp\/v2\/media\/44251"}],"wp:attachment":[{"href":"https:\/\/www.infokuryr.cz\/n\/wp-json\/wp\/v2\/media?parent=44622"}],"wp:term":[{"taxonomy":"category","embeddable":true,"href":"https:\/\/www.infokuryr.cz\/n\/wp-json\/wp\/v2\/categories?post=44622"},{"taxonomy":"post_tag","embeddable":true,"href":"https:\/\/www.infokuryr.cz\/n\/wp-json\/wp\/v2\/tags?post=44622"}],"curies":[{"name":"wp","href":"https:\/\/api.w.org\/{rel}","templated":true}]}}