{"id":44620,"date":"2024-01-13T00:33:07","date_gmt":"2024-01-12T23:33:07","guid":{"rendered":"http:\/\/www.infokuryr.cz\/n\/?p=44620"},"modified":"2024-01-12T20:12:30","modified_gmt":"2024-01-12T19:12:30","slug":"jindrich-kulhavy-vsude-se-to-mele","status":"publish","type":"post","link":"https:\/\/www.infokuryr.cz\/n\/2024\/01\/13\/jindrich-kulhavy-vsude-se-to-mele\/","title":{"rendered":"Jind\u0159ich Kulhav\u00fd: V\u0161ude se to mele\u2026."},"content":{"rendered":"<div id=\"fb-root\"><\/div>\n<p><span class=\"anotation\">\u00a0\u2026jen my kouk\u00e1me jako tele\u2026na nov\u00e1 vrata. O d\u011bn\u00ed v\u00a0N\u011bmecku jsme informov\u00e1ni jen velmi povrchn\u011b, p\u0159esto\u017ee se k\u00a0zem\u011bd\u011blc\u016fm p\u0159idali nejen \u017eelezni\u010d\u00e1\u0159i, ale i plno dal\u0161\u00edch obor\u016f i jednotlivc\u016f. Tamn\u00ed protivl\u00e1dn\u00ed m\u00edtinky a hromadn\u00e9 akce jsou dokonce v\u011bt\u0161\u00ed, ne\u017e organiz\u00e1to\u0159i o\u010dek\u00e1vali. Nespokojenost N\u011bmc\u016f vygradovala a skute\u010dn\u011b p\u0159ipom\u00edn\u00e1 kanadsk\u00e9 truckery, kte\u0159\u00ed sice svou bitvu s\u00a0Trudeauem nevyhr\u00e1li, nicm\u00e9n\u011b jej dok\u00e1zali zatla\u010dit do rohu na plno dn\u00ed. Naopak holand\u0161t\u00ed farm\u00e1\u0159i v\u00a0podobn\u00e9m boji p\u0159ipravili Ruttuovi por\u00e1\u017eku a uk\u00e1zali \u010d\u00e1ste\u010dn\u011b cestu ostatn\u00edm. N\u011bmci dok\u00e1\u017e\u00ed b\u00fdt d\u016fsledn\u00ed a Olaf Scholz m\u00e1 jist\u011b t\u011b\u017e\u0161\u00ed span\u00ed. Na\u0161e m\u00e9dia ml\u017e\u00ed a hledaj\u00ed cokoliv jin\u00e9ho, \u010d\u00edm by n\u00e1s zabavila, jen abychom si moc nev\u0161\u00edmali d\u011bn\u00ed kolem n\u00e1s.<\/span><\/p>\n<div id=\"pagetext\">\n<p>\u00a0 A\u0165 u\u017e to v\u00a0N\u011bmecku dopadne jakkoliv, jist\u00e9 je, \u017ee n\u00e1m nepom\u016f\u017ee nic a m\u016f\u017ee b\u00fdt h\u016f\u0159e. Sl\u00edb\u00ed li Scholz levn\u011bj\u0161\u00ed elekt\u0159inu, n\u00e1m se zdra\u017e\u00ed. Vytvo\u0159\u00ed li tlak na v\u00fdrobce potravin, u n\u00e1s to zkus\u00ed zahrani\u010dn\u00ed majitel\u00e9 dohnat, podobn\u011b obchodn\u00ed \u0159et\u011bzce. Snaha Fialy a jeho vl\u00e1dy o sn\u00ed\u017een\u00ed cen na\u0161ich potravin m\u00e1 sm\u011b\u0161n\u00fd v\u00fdsledek v\u00a0hal\u00e9\u0159ov\u00fdch hodnot\u00e1ch, ov\u0161em kdy\u017e vl\u00e1da sousedn\u00ed spolkov\u00e9 republiky zavel\u00ed, prodejci i v\u00fdrobci poslechnou. Ov\u0161em jen ve sv\u00e9 zemi, u n\u00e1s se usm\u011bj\u00ed a my to cel\u00e9 zaplat\u00edme. Tak\u017ee m\u016f\u017eeme m\u00edt radost z\u00a0aktivit demonstrant\u016f, ov\u0161em p\u0159\u00edpadn\u00e9 dopady dle z\u00e1kona o padaj\u00edc\u00edm lejnu n\u00e1s u\u017e tolik pot\u011b\u0161it nemus\u00ed. Za to nem\u016f\u017eeme vinit tamn\u00ed agr\u00e1rn\u00edky, strojvedouc\u00ed, kamio\u0148\u00e1ky a ostatn\u00ed, ti si jdou za sv\u00fdm, chyba je na na\u0161\u00ed stran\u011b a v neochot\u011b a neschopnosti spr\u00e1vc\u016f a politik\u016f chr\u00e1nit ob\u010dany jim sv\u011b\u0159en\u00e9 \u010cesk\u00e9 republiky. Net\u00fdk\u00e1 se to pouze vl\u00e1dn\u00ed P\u011btikoalice, i kdy\u017e ta je perlou v\u00a0n\u00e1hrdeln\u00edku sestaven\u00e9ho z\u00a0kolaborant\u016f se Z\u00e1padem, ale i vl\u00e1d p\u0159ede\u0161l\u00fdch ji\u017e od dob vstupu tat\u00ed\u010dka Havla na pomysln\u00fd piedestal.<\/p>\n<p>Aby toho nebylo dost, v\u010dera, ani\u017e by op\u011bt redakto\u0159i z\u00a0nejv\u011bt\u0161\u00edch m\u00e9di\u00edch byli na m\u00edst\u011b a p\u0159in\u00e1\u0161eli informace, vy\u0161li do ulic Pol\u00e1ci. Jestli\u017ee polsk\u00fd euro\u0159i\u0165olezec Donald Tusk ve volb\u00e1ch nevyhr\u00e1l, p\u0159esto se stejn\u00fdm zp\u016fsobem jako na\u0161e P\u011btikoalice spojilo v\u00edce stran, aby v\u00edt\u011bze PIS odstavily od vl\u00e1dy, za\u010dal svou premi\u00e9rskou pou\u0165 zat\u010den\u00edm opozi\u010dn\u00edch poslanc\u016f a p\u0159evzet\u00edm moci nad nejv\u011bt\u0161\u00edmi m\u00e9dii, pol\u0161t\u00ed ob\u010dan\u00e9 se \u0161li hned zeptat, jak to tedy s\u00a0tou demokraci\u00ed mysl\u00ed. A bylo jich mnohem v\u00edce ne\u017e \u010cech\u016f na pra\u017esk\u00e9m V\u00e1clav\u00e1ku. Netu\u0161\u00edme, dok\u00e1\u017eou li na\u0161tvan\u00ed Pol\u00e1ci p\u0159ist\u0159ihnout Tuskovi jeho eurohujersk\u00e1 k\u0159\u00eddla, nicm\u00e9n\u011b se ukazuje, \u017ee to ti liber\u00e1lov\u00e9 za\u010d\u00ednaj\u00ed m\u00edt se svou p\u0159em\u011bnou Evropy v\u00a0americkou chudnouc\u00ed kolonii druh\u00e9ho \u0159\u00e1du t\u011b\u017e\u0161\u00ed. Po volb\u00e1ch v\u00a0Holandsku, kde vyhr\u00e1li euroskeptici vedeni Wildersem a nen\u00e1vid\u011bn\u00fd Ruttu ut\u0159el nos, na Slovensku se vr\u00e1til zase Fico odkazuj\u00edc\u00ed dal\u0161\u00edho eurosatanistu \u0160ime\u010dka do jeho kouta a Ma\u010farsko u\u017e n\u011bkolik let vede i p\u0159es enormn\u00ed snahu Sorose to zm\u011bnit pro Brusel nep\u0159\u00edjemn\u00fd pot\u00ed\u017eista Orb\u00e1n, je tak horko i v\u00a0dal\u0161\u00edch zem\u00edch.<\/p>\n<p><a href=\"https:\/\/stranapro.cz\/\"><img decoding=\"async\" loading=\"lazy\" class=\"alignnone  wp-image-40285 aligncenter\" src=\"http:\/\/www.infokuryr.cz\/n\/wp-content\/uploads\/2023\/11\/11pro-300x79.png\" alt=\"\" width=\"497\" height=\"131\" srcset=\"https:\/\/www.infokuryr.cz\/n\/wp-content\/uploads\/2023\/11\/11pro-300x79.png 300w, https:\/\/www.infokuryr.cz\/n\/wp-content\/uploads\/2023\/11\/11pro.png 363w\" sizes=\"(max-width: 497px) 100vw, 497px\" \/><\/a><\/p>\n<p>U n\u00e1s je zat\u00edm klid. P\u011btikoalice si \u0159e\u0161\u00ed vnit\u0159n\u00ed probl\u00e9my s\u00a0mejdanem na Ministerstvu pr\u00e1ce a soci\u00e1ln\u00edch v\u011bc\u00ed a spustila komedii kolem \u00fadajn\u00e9 sebereflexe Jure\u010dky, kter\u00e9ho nakonec jeho u\u017e t\u00e9m\u011b\u0159 nik\u00fdm nevolen\u00e1 strana podr\u017eel. Tak\u017ee z\u00a0demise nic nebude. Ministerstvo vnitra pro zm\u011bnu zase vys\u00edl\u00e1 sign\u00e1ly o kvalitn\u00ed pr\u00e1ci Policie \u010cR a velmi nekvalitn\u00ed PR p\u0159ipravilo tiskovou konferenci vracej\u00edc\u00ed se ke st\u0159elb\u011b na Karlov\u011b univerzit\u011b. Jestli\u017ee dote\u010f m\u011bla \u0159ada pochybova\u010d\u016f o skute\u010dn\u00e9m pr\u016fb\u011bhu obou kauz, tedy t\u00e9 z\u00a0Kl\u00e1novick\u00e9ho lesa i univerzity, jist\u00e9 pochyby a teorie, pak po pokusu policist\u016f v\u0161e uv\u00e9st na pravou m\u00edru vyta\u017een\u00edm dal\u0161\u00edho nov\u011b nalezen\u00e9ho \u00fadajn\u00e9ho dopisu domn\u011bl\u00e9ho vraha u\u017e je t\u0159eba se pt\u00e1t, zda li se minister\u0161t\u00ed tv\u016frci jedin\u00e9 pravdy skute\u010dn\u011b nezbl\u00e1znili. Po tiskov\u00e9 konferenci je otazn\u00edk\u016f mnohem v\u00edce a cel\u00e9 se to zd\u00e1 b\u00fdt u\u017e hodn\u011b p\u0159ita\u017een\u00e9 za vlasy. Kdyby Policie \u010cR ml\u010dela a nevyn\u00e1\u0161ela na sv\u011btlo smy\u0161len\u00e9 informace, p\u0159\u00edpadn\u011b v\u0161e zjednodu\u0161ila, lidem by asi nedo\u0161lo, \u017ee v\u0161e mohlo b\u00fdt jinak. Jen\u017ee \u010ce\u0161i jsou r\u00fdpalov\u00e9 a nejsou \u00fapln\u011b blb\u00ed, tak\u017ee klasick\u00fdm \u0161vejkovsk\u00fdm p\u0159\u00edstupem dokonale rozeb\u00edraj\u00ed jednu policejn\u00ed teorii za druhou. U\u017e se asi nikdy nedozv\u00edme pravdu ani o jedn\u00e9 z\u00a0obou ud\u00e1lost\u00ed, nicm\u00e9n\u011b t\u011bch podivnost\u00ed je tolik, \u017ee machinace s\u00a0fakty tlu\u010dou do o\u010d\u00ed i slep\u00e9. Hlavn\u011b, \u017ee se poda\u0159\u00ed zp\u0159\u00edsnit u\u017e tak velmi tvrd\u00fd z\u00e1kon o zbran\u00edch. A nejlep\u0161\u00ed by pro eurona\u0161ept\u00e1va\u010de bylo n\u00e1m je vz\u00edt v\u0161echny.<\/p>\n<p>Fialova pozice je zat\u00edm pevn\u00e1, nicm\u00e9n\u011b se kolem P\u011btikoalice vytv\u00e1\u0159\u00ed dojem, \u017ee m\u00e1 \u0161ir\u0161\u00ed podporu ne\u017e skute\u010dn\u011b m\u00e1. Op\u011bt se v\u00edce anga\u017euj\u00ed herci a zn\u00e1m\u00e9 ,,osobnosti\u201c. Nap\u0159\u00edklad Ond\u0159ej Vetch\u00fd propaguje sb\u00edrku na drony pro Ukrajinu, Pekarov\u00e1 Adamov\u00e1 s\u00a0Vystr\u010dilem toti\u017e sl\u00edbili v\u00a0Kyjev\u011b dal\u0161\u00ed zbran\u011b. Tak\u00e9 kolem Petrem Pavlem vyhl\u00e1\u0161en\u00e9m tahu na euro, tedy poh\u0159ben\u00ed koruny, bylo celkem ru\u0161no a vyjad\u0159uje se k\u00a0n\u011bmu kde kdo. Jen\u017ee realita i u n\u00e1s se m\u011bn\u00ed. Fiala jako premi\u00e9r zklamal v\u011bt\u0161inu ob\u010dan\u016f \u010cesk\u00e9 republiky, d\u016fkaz\u016f o pochyben\u00edch je skute\u010dn\u011b mnoho. Stanjura tah\u00e1 \u010d\u00edsla o rozpo\u010dtu z\u00a0klobouku podobn\u011b jako Raku\u0161an dopisy hromadn\u00e9ho st\u0159elce. Snad jen Kupka sv\u00fdmi kontroln\u00edmi dny na stavb\u00e1ch tunel\u016f a d\u00e1lnic boduje, ov\u0161em podstatn\u00e9 komunikace se nestav\u00ed dva dny a nen\u00ed to z\u00e1sluha P\u011btikolky. Jo, to kdyby do\u0161lo na dostavbu Pra\u017esk\u00e9ho okruhu, to by byla jin\u00e1. Jen\u017ee to by nesm\u011bli existovat Pir\u00e1ti. Ostatn\u00ed minist\u0159i, a \u017ee jich je, jsou tak n\u011bjak rad\u0161i skryti ve\u0159ejnosti. Jak dlouho budeme u n\u00e1s je\u0161t\u011b v\u00a0klidu? V\u00a0mnoha zem\u00edch u\u017e lidem doch\u00e1z\u00ed, \u017ee migrace, covid, Ukrajina a Green Deal jsou jen pl\u00e1n, jak n\u00e1s v\u0161ech dostat na kolena. Norm\u00e1ln\u00ed je br\u00e1nit se \u00fatlaku a represi. Pochop\u00ed to n\u011bkdy i \u010ce\u0161i.<\/p>\n<p><a href=\"https:\/\/www.inadhled.live\/zajimavosti\/vsude-se-to-mele-\/\">Jind\u0159ich Kulhav\u00fd<\/a><\/p>\n<\/div>\n<p><img decoding=\"async\" loading=\"lazy\" class=\"alignnone size-medium wp-image-22653\" src=\"http:\/\/www.infokuryr.cz\/n\/wp-content\/uploads\/2023\/02\/jindra-kulhavy-221x300.jpg\" alt=\"\" width=\"221\" height=\"300\" srcset=\"https:\/\/www.infokuryr.cz\/n\/wp-content\/uploads\/2023\/02\/jindra-kulhavy-221x300.jpg 221w, https:\/\/www.infokuryr.cz\/n\/wp-content\/uploads\/2023\/02\/jindra-kulhavy.jpg 311w\" sizes=\"(max-width: 221px) 100vw, 221px\" \/><\/p>\n<p>&nbsp;<\/p>\n","protected":false},"excerpt":{"rendered":"<p>\u00a0\u2026jen my kouk\u00e1me jako tele\u2026na nov\u00e1 vrata. O d\u011bn\u00ed v\u00a0N\u011bmecku jsme informov\u00e1ni jen velmi povrchn\u011b,&#8230;<\/p>\n","protected":false},"author":2,"featured_media":44621,"comment_status":"closed","ping_status":"closed","sticky":false,"template":"","format":"standard","meta":[],"categories":[6],"tags":[2155,59,1203,29,122],"_links":{"self":[{"href":"https:\/\/www.infokuryr.cz\/n\/wp-json\/wp\/v2\/posts\/44620"}],"collection":[{"href":"https:\/\/www.infokuryr.cz\/n\/wp-json\/wp\/v2\/posts"}],"about":[{"href":"https:\/\/www.infokuryr.cz\/n\/wp-json\/wp\/v2\/types\/post"}],"author":[{"embeddable":true,"href":"https:\/\/www.infokuryr.cz\/n\/wp-json\/wp\/v2\/users\/2"}],"replies":[{"embeddable":true,"href":"https:\/\/www.infokuryr.cz\/n\/wp-json\/wp\/v2\/comments?post=44620"}],"version-history":[{"count":0,"href":"https:\/\/www.infokuryr.cz\/n\/wp-json\/wp\/v2\/posts\/44620\/revisions"}],"wp:featuredmedia":[{"embeddable":true,"href":"https:\/\/www.infokuryr.cz\/n\/wp-json\/wp\/v2\/media\/44621"}],"wp:attachment":[{"href":"https:\/\/www.infokuryr.cz\/n\/wp-json\/wp\/v2\/media?parent=44620"}],"wp:term":[{"taxonomy":"category","embeddable":true,"href":"https:\/\/www.infokuryr.cz\/n\/wp-json\/wp\/v2\/categories?post=44620"},{"taxonomy":"post_tag","embeddable":true,"href":"https:\/\/www.infokuryr.cz\/n\/wp-json\/wp\/v2\/tags?post=44620"}],"curies":[{"name":"wp","href":"https:\/\/api.w.org\/{rel}","templated":true}]}}