{"id":44555,"date":"2024-01-12T06:47:17","date_gmt":"2024-01-12T05:47:17","guid":{"rendered":"http:\/\/www.infokuryr.cz\/n\/?p=44555"},"modified":"2024-01-12T06:47:17","modified_gmt":"2024-01-12T05:47:17","slug":"rusko-v-souvislosti-s-agresivnimi-udery-na-jemen-zada-o-urychlene-zasedani-rady-bezpecnosti-osn","status":"publish","type":"post","link":"https:\/\/www.infokuryr.cz\/n\/2024\/01\/12\/rusko-v-souvislosti-s-agresivnimi-udery-na-jemen-zada-o-urychlene-zasedani-rady-bezpecnosti-osn\/","title":{"rendered":"Rusko v souvislosti s agresivn\u00edmi \u00fadery na Jemen \u017e\u00e1d\u00e1 o urychlen\u00e9 zased\u00e1n\u00ed Rady bezpe\u010dnosti OSN"},"content":{"rendered":"<div id=\"fb-root\"><\/div>\n<p class=\"lead\"><strong>Rusko po\u017e\u00e1dalo dnes v p\u00e1tek r\u00e1no o nal\u00e9hav\u00e9 zased\u00e1n\u00ed Rady bezpe\u010dnosti OSN v souvislosti s agresivn\u00edmi \u00fadery Spojen\u00fdch st\u00e1t\u016f a jejich spojenc\u016f na c\u00edle v Jemenu, uvedla St\u00e1l\u00e1 rusk\u00e1 mise p\u0159i OSN.<\/strong><\/p>\n<p><em>&#8222;Rusko po\u017e\u00e1dalo o nal\u00e9hav\u00e9 zased\u00e1n\u00ed Rady bezpe\u010dnosti OSN 12. ledna v souvislosti s \u00fatoky USA a Spojen\u00e9ho kr\u00e1lovstv\u00ed na Jemen,&#8220;<span class=\"after-quote\">\u00a0&#8211; hl\u00e1\u0161eno v telegramov\u00e9m kan\u00e1lu st\u00e1l\u00e9 mise.<\/span><\/em><\/p>\n<p><span>Sch\u016fzka byla vy\u017e\u00e1d\u00e1na na 10:00 (17:00 evropsk\u00e9ho \u010dasu), \u0159ekl novin\u00e1\u0159\u016fm zdroj z Rady bezpe\u010dnosti OSN.<\/span><\/p>\n<p>Nov\u00e1 agrese proti suver\u00e9nn\u00edmu st\u00e1tu a \u010dlenu OSN ze strany Anglosas\u016f je op\u011bt uk\u00e1zkou dvoj\u00edho metru tzv. z\u00e1padn\u00edch hodnot. Bude zaj\u00edmav\u00e9 jak se k tomu postav\u00ed \u010desk\u00e1 vl\u00e1da a dojde-li k odsouzen\u00ed a uvalen\u00ed sankc\u00ed na USA a Velkou Brit\u00e1nii. Odpov\u011b\u010f samoz\u0159ejm\u011b mnoz\u00ed ji\u017e znaj\u00ed!<\/p>\n<p><img decoding=\"async\" loading=\"lazy\" class=\"alignnone size-full wp-image-1185\" src=\"http:\/\/www.infokuryr.cz\/n\/wp-content\/uploads\/2021\/04\/kuryr-podpis.png\" alt=\"\" width=\"84\" height=\"24\" \/><\/p>\n<p>&nbsp;<\/p>\n<p>&nbsp;<\/p>\n","protected":false},"excerpt":{"rendered":"<p>Rusko po\u017e\u00e1dalo dnes v p\u00e1tek r\u00e1no o nal\u00e9hav\u00e9 zased\u00e1n\u00ed Rady bezpe\u010dnosti OSN v souvislosti s&#8230;<\/p>\n","protected":false},"author":2,"featured_media":44556,"comment_status":"closed","ping_status":"closed","sticky":false,"template":"","format":"standard","meta":[],"categories":[7],"tags":[738,186,1408,22,37,303],"_links":{"self":[{"href":"https:\/\/www.infokuryr.cz\/n\/wp-json\/wp\/v2\/posts\/44555"}],"collection":[{"href":"https:\/\/www.infokuryr.cz\/n\/wp-json\/wp\/v2\/posts"}],"about":[{"href":"https:\/\/www.infokuryr.cz\/n\/wp-json\/wp\/v2\/types\/post"}],"author":[{"embeddable":true,"href":"https:\/\/www.infokuryr.cz\/n\/wp-json\/wp\/v2\/users\/2"}],"replies":[{"embeddable":true,"href":"https:\/\/www.infokuryr.cz\/n\/wp-json\/wp\/v2\/comments?post=44555"}],"version-history":[{"count":0,"href":"https:\/\/www.infokuryr.cz\/n\/wp-json\/wp\/v2\/posts\/44555\/revisions"}],"wp:featuredmedia":[{"embeddable":true,"href":"https:\/\/www.infokuryr.cz\/n\/wp-json\/wp\/v2\/media\/44556"}],"wp:attachment":[{"href":"https:\/\/www.infokuryr.cz\/n\/wp-json\/wp\/v2\/media?parent=44555"}],"wp:term":[{"taxonomy":"category","embeddable":true,"href":"https:\/\/www.infokuryr.cz\/n\/wp-json\/wp\/v2\/categories?post=44555"},{"taxonomy":"post_tag","embeddable":true,"href":"https:\/\/www.infokuryr.cz\/n\/wp-json\/wp\/v2\/tags?post=44555"}],"curies":[{"name":"wp","href":"https:\/\/api.w.org\/{rel}","templated":true}]}}