{"id":4453,"date":"2021-09-01T03:26:02","date_gmt":"2021-09-01T01:26:02","guid":{"rendered":"http:\/\/www.infokuryr.cz\/n\/?p=4453"},"modified":"2021-09-01T03:26:02","modified_gmt":"2021-09-01T01:26:02","slug":"vakcina-mrna-do-kazde-paze","status":"publish","type":"post","link":"https:\/\/www.infokuryr.cz\/n\/2021\/09\/01\/vakcina-mrna-do-kazde-paze\/","title":{"rendered":"Vakc\u00edna mRNA do ka\u017ed\u00e9 pa\u017ee"},"content":{"rendered":"<div id=\"fb-root\"><\/div>\n<p>V\u010derej\u0161\u00ed rozhodnut\u00ed nab\u00eddnout posilovac\u00ed o\u010dkov\u00e1n\u00ed osm m\u011bs\u00edc\u016f po pln\u011b dokon\u010den\u00e9 vakcinaci &#8211; a\u00a0nikoli pouze nejv\u00edce ohro\u017een\u00fdm skupin\u00e1m &#8211; je p\u0159ekvapiv\u00fdm krokem a\u00a0znamen\u00e1, \u017ee \u010desk\u00e1 vl\u00e1da nezaznamen\u00e1v\u00e1 v\u016f\u010di sv\u00e9 agresivn\u00ed o\u010dkovac\u00ed kampani p\u0159\u00edli\u0161 velk\u00fd odpor. Nejz\u00e1sadn\u011bj\u0161\u00ed je pak rozhodnut\u00ed povolit p\u0159eo\u010dkov\u00e1n\u00ed pouze dv\u011bma mRNA vakc\u00ednami (Pfizer a\u00a0Moderna). Vektorov\u00e9 vakc\u00edny jsou pos\u00edl\u00e1ny do p\u0159ed\u010dasn\u00e9ho d\u016fchodu. Pokud\u00a0<a href=\"https:\/\/www.fsfinalword.cz\/?page=archive&amp;show=1&amp;day=2021-8-9\" target=\"_blank\" rel=\"noopener\">Sv\u011btov\u00e1 zdravotnick\u00e1 organizace<\/a>\u00a0nezas\u00e1hne, znamen\u00e1 to, \u017ee zhruba do l\u00e9ta p\u0159\u00ed\u0161t\u00edho roku budou lid\u00e9 bez mRNA o\u010dkov\u00e1n\u00ed vylou\u010deni z\u00a0n\u011bkter\u00fdch aktivit. Ve sv\u00e9m obvykl\u00e9m stylu\u00a0<a href=\"https:\/\/www.vlada.cz\/cz\/media-centrum\/tiskove-konference\/tiskova-konference-po-jednani-vlady--30--srpna-2021-190411\/\" target=\"_blank\" rel=\"noopener\">ministr zdravotnictv\u00ed Adam Vojt\u011bch<\/a>\u00a0tuto z\u00e1le\u017eitost v\u010dera zaml\u010del, kdy\u017e za pou\u017eit\u00ed fr\u00e1z\u00ed jako \u201ezat\u00edm\u201c a\u00a0\u201ev tuto chv\u00edli\u201c uvedl, \u017ee t\u0159et\u00ed o\u010dkov\u00e1n\u00ed nebude pro cestov\u00e1n\u00ed a\u00a0vyu\u017e\u00edv\u00e1n\u00ed slu\u017eeb pot\u0159eba. Postupuje sice rychle a\u00a0nar\u00e1\u017e\u00ed na mal\u00fd odpor, ale jeho posledn\u00ed krok je riskantn\u00ed. Dokonce i\u00a0horliv\u00ed zast\u00e1nci vakc\u00edn proti covidu by se mohli divit, pro\u010d tak sp\u011bch\u00e1, aby se d\u00e1vka mRNA vakc\u00edny dostala do pa\u017ee ka\u017ed\u00e9mu.<\/p>\n<p><a href=\"https:\/\/www.fsfinalword.cz\/?page=archive&amp;day=2021-08-31&amp;utm_source=utm_source%3Dnewsletter&amp;utm_medium=utm_medium%3De-mail&amp;utm_campaign=utm_campaign%3Dfinal_word_31.8.2021\">Erik Best<\/a><\/p>\n<p><img decoding=\"async\" loading=\"lazy\" class=\"alignnone  wp-image-1179\" src=\"http:\/\/www.infokuryr.cz\/n\/wp-content\/uploads\/2021\/04\/erik-best.jpg\" alt=\"\" width=\"144\" height=\"162\" \/><\/p>\n<p>&nbsp;<\/p>\n<p>&nbsp;<\/p>\n","protected":false},"excerpt":{"rendered":"<p>V\u010derej\u0161\u00ed rozhodnut\u00ed nab\u00eddnout posilovac\u00ed o\u010dkov\u00e1n\u00ed osm m\u011bs\u00edc\u016f po pln\u011b dokon\u010den\u00e9 vakcinaci &#8211; a\u00a0nikoli pouze nejv\u00edce&#8230;<\/p>\n","protected":false},"author":2,"featured_media":3632,"comment_status":"closed","ping_status":"closed","sticky":false,"template":"","format":"standard","meta":[],"categories":[6],"tags":[315,46,99],"_links":{"self":[{"href":"https:\/\/www.infokuryr.cz\/n\/wp-json\/wp\/v2\/posts\/4453"}],"collection":[{"href":"https:\/\/www.infokuryr.cz\/n\/wp-json\/wp\/v2\/posts"}],"about":[{"href":"https:\/\/www.infokuryr.cz\/n\/wp-json\/wp\/v2\/types\/post"}],"author":[{"embeddable":true,"href":"https:\/\/www.infokuryr.cz\/n\/wp-json\/wp\/v2\/users\/2"}],"replies":[{"embeddable":true,"href":"https:\/\/www.infokuryr.cz\/n\/wp-json\/wp\/v2\/comments?post=4453"}],"version-history":[{"count":0,"href":"https:\/\/www.infokuryr.cz\/n\/wp-json\/wp\/v2\/posts\/4453\/revisions"}],"wp:featuredmedia":[{"embeddable":true,"href":"https:\/\/www.infokuryr.cz\/n\/wp-json\/wp\/v2\/media\/3632"}],"wp:attachment":[{"href":"https:\/\/www.infokuryr.cz\/n\/wp-json\/wp\/v2\/media?parent=4453"}],"wp:term":[{"taxonomy":"category","embeddable":true,"href":"https:\/\/www.infokuryr.cz\/n\/wp-json\/wp\/v2\/categories?post=4453"},{"taxonomy":"post_tag","embeddable":true,"href":"https:\/\/www.infokuryr.cz\/n\/wp-json\/wp\/v2\/tags?post=4453"}],"curies":[{"name":"wp","href":"https:\/\/api.w.org\/{rel}","templated":true}]}}