{"id":44462,"date":"2024-01-11T06:52:29","date_gmt":"2024-01-11T05:52:29","guid":{"rendered":"http:\/\/www.infokuryr.cz\/n\/?p=44462"},"modified":"2024-01-11T06:52:29","modified_gmt":"2024-01-11T05:52:29","slug":"uvezneny-polsky-exministr-zahajil-hladovku","status":"publish","type":"post","link":"https:\/\/www.infokuryr.cz\/n\/2024\/01\/11\/uvezneny-polsky-exministr-zahajil-hladovku\/","title":{"rendered":"Uv\u011bzn\u011bn\u00fd polsk\u00fd exministr zah\u00e1jil hladovku"},"content":{"rendered":"<div id=\"fb-root\"><\/div>\n<p><span style=\"font-size: 18pt;\"><strong>Mariusz Kaminski trv\u00e1 na tom, \u017ee jeho trest za zneu\u017eit\u00ed pravomoci je politicky motivovan\u00fd<\/strong><\/span><\/p>\n<p><span>B\u00fdval\u00fd polsk\u00fd ministr vnitra Mariusz Kaminski ozn\u00e1mil, \u017ee dr\u017e\u00ed hladovku na protest proti sv\u00e9mu uv\u011bzn\u011bn\u00ed za zneu\u017eit\u00ed pravomoci.\u00a0Kaminski byl u\u0161et\u0159en trestu odn\u011bt\u00ed svobody, kdy\u017e byla jeho strana u moci, ale kv\u016fli zm\u011bn\u011b vl\u00e1dy byl tento t\u00fdden zat\u010den.<\/span><\/p>\n<p><span>Kaminski a jeho b\u00fdval\u00fd z\u00e1stupce Maciej Wonsik byli v \u00fater\u00fd zadr\u017eeni po patov\u00e9 situaci p\u0159ed prezidentsk\u00fdm pal\u00e1cem, kde je chr\u00e1nil prezident Andrzej Duda.\u00a0Oba mu\u017ei byli v prosinci odsouzeni ke dv\u011bma let\u016fm v\u011bzen\u00ed a v pond\u011bl\u00ed na n\u011b byl vyd\u00e1n zatyka\u010d.<\/span><\/p>\n<p><span>V prohl\u00e1\u0161en\u00ed, kter\u00e9 v \u00fater\u00fd p\u0159e\u010detl b\u00fdval\u00fd poradce p\u0159ed \u00fa\u0159adem premi\u00e9ra Donalda Tuska, Kaminski popsal sv\u016fj trest jako\u00a0<\/span><em><span>\u201eakt politick\u00e9 pomsty\u201c.<\/span><\/em><\/p>\n<p><em><span>\u201eJako politick\u00fd v\u011bze\u0148 jsem od prvn\u00edho dne sv\u00e9ho uv\u011bzn\u011bn\u00ed zah\u00e1jil hladovku,\u201c<\/span><\/em><span>\u00a0prohl\u00e1sil.\u00a0<\/span><\/p>\n<p><span>P\u0159\u00edpad proti Kaminskimu a Wonsikovi za\u010dal v roce 2009, kdy byli obvin\u011bni z toho, \u017ee p\u0159ed dv\u011bma lety umo\u017enili agent\u016fm protikorup\u010dn\u00edho org\u00e1nu, na kter\u00e9ho m\u00ed\u0159ili, pou\u017e\u00edt p\u0159i vy\u0161et\u0159ov\u00e1n\u00ed nastra\u017een\u00ed.\u00a0Oba mu\u017ei byli v roce 2015 odsouzeni ke t\u0159em a p\u016fl let\u016fm v\u011bzen\u00ed, ale Duda, kter\u00fd se toho roku ujal funkce, je omilostnil.<\/span><\/p>\n<p><span>Kaminski a Wonsik byli v t\u00e9 dob\u011b \u010dleny konzervativn\u00ed strany Pr\u00e1vo a spravedlnost (PiS), zat\u00edmco Duda je nez\u00e1visl\u00fd, kter\u00fd se musel vzd\u00e1t \u010dlenstv\u00ed ve stran\u011b PiS p\u0159i n\u00e1stupu do prezidentsk\u00e9ho \u00fa\u0159adu.\u00a0St\u00e1le je pova\u017eov\u00e1n za bl\u00edzk\u00e9ho spojence konzervativc\u016f.\u00a0<\/span><\/p>\n<p><span>Dudova milost byla n\u00e1sledn\u011b anulov\u00e1na nejvy\u0161\u0161\u00edm soudem zem\u011b, ale potvrzena tribun\u00e1lem ovl\u00e1dan\u00fdm PiS.<\/span><\/p>\n<p><span>Nov\u00e1 polsk\u00e1 vl\u00e1da v \u010dele s prounijn\u00edm Donaldem Tuskem tvrdila, \u017ee Duda nem\u011bl pr\u00e1vo ud\u011blit ob\u011bma poslanc\u016fm amnestii.\u00a0Po v\u00edt\u011bzstv\u00ed ve v\u0161eobecn\u00fdch volb\u00e1ch a sesazen\u00ed PiS minul\u00fd m\u011bs\u00edc nov\u00e1 vl\u00e1da znovu otev\u0159ela p\u0159\u00edpad b\u00fdval\u00e9ho ministra a jeho z\u00e1stupce.<\/span><\/p>\n<p><span>Zat\u00edmco Tuskova strana Ob\u010dansk\u00e1 platforma ovl\u00e1d\u00e1 parlament, Duda st\u00e1le p\u016fsob\u00ed jako prezident.\u00a0<\/span><\/p>\n<p><em><span>&#8222;Nebudu odpo\u010d\u00edvat, dokud ministr Mariusz Kaminski a jeho kolega nebudou znovu svobodn\u00fdmi mu\u017ei, jak by m\u011bli b\u00fdt, dokud nebudou propu\u0161t\u011bni z v\u011bzen\u00ed,&#8220;<\/span><\/em><span>\u00a0\u0159ekl ve st\u0159edu Duda.\u00a0<\/span><em><span>&#8222;Nebudu se b\u00e1t.&#8220;\u00a0Budu jednat leg\u00e1ln\u011b, v souladu s \u00fastavou a z\u00e1konem, jako dosud,\u201c<\/span><\/em><span>\u00a0dodal.<\/span><\/p>\n<p><span>V\u016fdce PiS Jaroslaw Kaczynski na \u010dtvrtek vyzval ke dni masov\u00fdch protest\u016f a\u00a0<\/span><a href=\"https:\/\/swentr.site\/news\/590126-poland-opposition-democracy-protest\/\" target=\"_blank\" rel=\"noopener noreferrer\"><span>obvinil<\/span><\/a><span>\u00a0Tuskovu vl\u00e1du z prodeje zem\u011b EU.\u00a0<\/span><\/p>\n<p><span style=\"font-size: 10pt;\"><em><strong>SOUBOROV\u00c1 FOTOGRAFIE:<\/strong> Mariusz Kaminski vstupuje do s\u00eddla polsk\u00e9 ve\u0159ejnopr\u00e1vn\u00ed televize ve Var\u0161av\u011b, Polsko, 20. prosince 2023\u00a0\u00a9\u00a0\u00a0AFP \/ Wojtek Radwanski<\/em><\/span><\/p>\n<p><img decoding=\"async\" loading=\"lazy\" class=\"alignnone size-full wp-image-1185\" src=\"http:\/\/www.infokuryr.cz\/n\/wp-content\/uploads\/2021\/04\/kuryr-podpis.png\" alt=\"\" width=\"84\" height=\"24\" \/><\/p>\n<p>&nbsp;<\/p>\n<p>&nbsp;<\/p>\n","protected":false},"excerpt":{"rendered":"<p>Mariusz Kaminski trv\u00e1 na tom, \u017ee jeho trest za zneu\u017eit\u00ed pravomoci je politicky motivovan\u00fd B\u00fdval\u00fd&#8230;<\/p>\n","protected":false},"author":2,"featured_media":44463,"comment_status":"closed","ping_status":"closed","sticky":false,"template":"","format":"standard","meta":[],"categories":[7],"tags":[6614,5487,31],"_links":{"self":[{"href":"https:\/\/www.infokuryr.cz\/n\/wp-json\/wp\/v2\/posts\/44462"}],"collection":[{"href":"https:\/\/www.infokuryr.cz\/n\/wp-json\/wp\/v2\/posts"}],"about":[{"href":"https:\/\/www.infokuryr.cz\/n\/wp-json\/wp\/v2\/types\/post"}],"author":[{"embeddable":true,"href":"https:\/\/www.infokuryr.cz\/n\/wp-json\/wp\/v2\/users\/2"}],"replies":[{"embeddable":true,"href":"https:\/\/www.infokuryr.cz\/n\/wp-json\/wp\/v2\/comments?post=44462"}],"version-history":[{"count":0,"href":"https:\/\/www.infokuryr.cz\/n\/wp-json\/wp\/v2\/posts\/44462\/revisions"}],"wp:featuredmedia":[{"embeddable":true,"href":"https:\/\/www.infokuryr.cz\/n\/wp-json\/wp\/v2\/media\/44463"}],"wp:attachment":[{"href":"https:\/\/www.infokuryr.cz\/n\/wp-json\/wp\/v2\/media?parent=44462"}],"wp:term":[{"taxonomy":"category","embeddable":true,"href":"https:\/\/www.infokuryr.cz\/n\/wp-json\/wp\/v2\/categories?post=44462"},{"taxonomy":"post_tag","embeddable":true,"href":"https:\/\/www.infokuryr.cz\/n\/wp-json\/wp\/v2\/tags?post=44462"}],"curies":[{"name":"wp","href":"https:\/\/api.w.org\/{rel}","templated":true}]}}