{"id":44432,"date":"2024-01-11T00:33:37","date_gmt":"2024-01-10T23:33:37","guid":{"rendered":"http:\/\/www.infokuryr.cz\/n\/?p=44432"},"modified":"2024-01-10T18:49:00","modified_gmt":"2024-01-10T17:49:00","slug":"vypsani-referenda-o-prijeti-eura-vlada-a-prezident-nejsou-diktatori-ale-sluzebnici-lidu","status":"publish","type":"post","link":"https:\/\/www.infokuryr.cz\/n\/2024\/01\/11\/vypsani-referenda-o-prijeti-eura-vlada-a-prezident-nejsou-diktatori-ale-sluzebnici-lidu\/","title":{"rendered":"Vyps\u00e1n\u00ed referenda o p\u0159ijet\u00ed Eura: vl\u00e1da a prezident nejsou dikt\u00e1to\u0159i, ale slu\u017eebn\u00edci lidu!"},"content":{"rendered":"<div id=\"fb-root\"><\/div>\n<p><span style=\"font-size: 14pt;\"><strong>Ivana Turkov\u00e1, ekonomick\u00fd expert strany PRO: Nejsem pro p\u0159ijet\u00ed EURa, nebo\u0165 by se \u010cR stala je\u0161t\u011b v\u00edce z\u00e1vislou na rozhodnut\u00edch mimo na\u0161i zem.\u00a0 V\u011bt\u0161ina star\u0161\u00edch a bohat\u0161\u00edch \u010dlensk\u00fdch zem\u00ed EU, je\u017e jsou sou\u010dasn\u011b v Euroz\u00f3n\u011b, je daleko v\u00edce zadlu\u017eena a tyto jejich dluhy by na\u0161i ob\u010dan\u00e9 platit nem\u011bli.<\/strong><\/span><\/p>\n<p>&nbsp;<\/p>\n<p><iframe loading=\"lazy\" title=\"Tiskov\u00e1 konference strany PRO o p\u0159ijet\u00ed eura\" width=\"640\" height=\"360\" src=\"https:\/\/www.youtube.com\/embed\/V2VD3vX6Gok?start=718&#038;feature=oembed\" frameborder=\"0\" allow=\"accelerometer; autoplay; clipboard-write; encrypted-media; gyroscope; picture-in-picture; web-share\" allowfullscreen><\/iframe><\/p>\n<p>&nbsp;<\/p>\n<p><span style=\"font-size: 14pt;\"><strong>A dle pr\u016fzkum\u016f je v\u011bt\u0161ina n\u00e1roda proti t\u00e9to divn\u00e9 m\u011bn\u011b. Jak\u00fdm pr\u00e1vem do\u010dasn\u00ed politici berou n\u00e1rod jako rukojm\u00ed a plaz\u00ed se po zemi p\u0159ed sv\u00e1tost\u00ed Brusel za cenu obrovsk\u00e9ho zadlu\u017een\u00ed?<\/strong><\/span><\/p>\n<p>&nbsp;<\/p>\n<p><a href=\"https:\/\/stranapro.cz\/\"><img decoding=\"async\" loading=\"lazy\" class=\"wp-image-40286 aligncenter\" src=\"http:\/\/www.infokuryr.cz\/n\/wp-content\/uploads\/2023\/11\/12pro-300x87.png\" alt=\"\" width=\"1031\" height=\"299\" srcset=\"https:\/\/www.infokuryr.cz\/n\/wp-content\/uploads\/2023\/11\/12pro-300x87.png 300w, https:\/\/www.infokuryr.cz\/n\/wp-content\/uploads\/2023\/11\/12pro.png 366w\" sizes=\"(max-width: 1031px) 100vw, 1031px\" \/><\/a><\/p>\n<p>&nbsp;<\/p>\n<p>&nbsp;<\/p>\n<p>&nbsp;<\/p>\n","protected":false},"excerpt":{"rendered":"<p>Ivana Turkov\u00e1, ekonomick\u00fd expert strany PRO: Nejsem pro p\u0159ijet\u00ed EURa, nebo\u0165 by se \u010cR stala&#8230;<\/p>\n","protected":false},"author":2,"featured_media":44433,"comment_status":"closed","ping_status":"closed","sticky":false,"template":"","format":"standard","meta":[],"categories":[6],"tags":[2663,1370,5031,889],"_links":{"self":[{"href":"https:\/\/www.infokuryr.cz\/n\/wp-json\/wp\/v2\/posts\/44432"}],"collection":[{"href":"https:\/\/www.infokuryr.cz\/n\/wp-json\/wp\/v2\/posts"}],"about":[{"href":"https:\/\/www.infokuryr.cz\/n\/wp-json\/wp\/v2\/types\/post"}],"author":[{"embeddable":true,"href":"https:\/\/www.infokuryr.cz\/n\/wp-json\/wp\/v2\/users\/2"}],"replies":[{"embeddable":true,"href":"https:\/\/www.infokuryr.cz\/n\/wp-json\/wp\/v2\/comments?post=44432"}],"version-history":[{"count":1,"href":"https:\/\/www.infokuryr.cz\/n\/wp-json\/wp\/v2\/posts\/44432\/revisions"}],"predecessor-version":[{"id":44434,"href":"https:\/\/www.infokuryr.cz\/n\/wp-json\/wp\/v2\/posts\/44432\/revisions\/44434"}],"wp:featuredmedia":[{"embeddable":true,"href":"https:\/\/www.infokuryr.cz\/n\/wp-json\/wp\/v2\/media\/44433"}],"wp:attachment":[{"href":"https:\/\/www.infokuryr.cz\/n\/wp-json\/wp\/v2\/media?parent=44432"}],"wp:term":[{"taxonomy":"category","embeddable":true,"href":"https:\/\/www.infokuryr.cz\/n\/wp-json\/wp\/v2\/categories?post=44432"},{"taxonomy":"post_tag","embeddable":true,"href":"https:\/\/www.infokuryr.cz\/n\/wp-json\/wp\/v2\/tags?post=44432"}],"curies":[{"name":"wp","href":"https:\/\/api.w.org\/{rel}","templated":true}]}}