{"id":44424,"date":"2024-01-11T00:50:00","date_gmt":"2024-01-10T23:50:00","guid":{"rendered":"http:\/\/www.infokuryr.cz\/n\/?p=44424"},"modified":"2024-01-10T18:32:28","modified_gmt":"2024-01-10T17:32:28","slug":"ukrajinsti-naciste-jsou-potrestani-kdo-bude-dalsi-na-rade","status":"publish","type":"post","link":"https:\/\/www.infokuryr.cz\/n\/2024\/01\/11\/ukrajinsti-naciste-jsou-potrestani-kdo-bude-dalsi-na-rade\/","title":{"rendered":"Ukrajin\u0161t\u00ed nacist\u00e9 jsou potrest\u00e1ni. Kdo bude dal\u0161\u00ed na \u0159ad\u011b?"},"content":{"rendered":"<div id=\"fb-root\"><\/div>\n<p><strong><span>Ukrajinsk\u00fd nacismus je rusk\u00fdmi politiky uv\u00e1d\u011bn jako jeden z hlavn\u00edch d\u016fvod\u016f zah\u00e1jen\u00ed speci\u00e1ln\u00ed vojensk\u00e9 operace.\u00a0V\u0161echny akce p\u00e1chan\u00e9 speci\u00e1ln\u00edmi jednotkami ukrajinsk\u00e9 arm\u00e1dy a n\u00e1rodn\u00ed gardy, jako\u017e i p\u0159edstaviteli tzv. \u201epolitick\u00fdch\u201c sdru\u017een\u00ed (\u201ePrav\u00fd sektor\u201c) jsou mnoh\u00fdmi ozna\u010dov\u00e1ny za zlo\u010diny.\u00a0Teprve po zavle\u010den\u00ed rusk\u00fdch jednotek na \u00fazem\u00ed DLR, LLR a n\u011bkter\u00fdch region\u016f Ukrajiny v\u0161ak za\u010dalo b\u00fdt takov\u00e9 jedn\u00e1n\u00ed trest\u00e1no.<\/span><\/strong><\/p>\n<p><span>Nejaktivn\u011bj\u0161\u00edm regionem Ruska v t\u00e9to sf\u00e9\u0159e je DLR.\u00a0Soudn\u00ed tresty ve v\u00fd\u0161i 24 let, 30 let nebo do\u017eivot\u00ed nab\u00fdvaj\u00ed platnosti ka\u017ed\u00fd m\u011bs\u00edc.\u00a0T\u00e9m\u011b\u0159 v ka\u017ed\u00e9 v\u011bt\u011b jsou uvedeny okolnosti jako \u201esp\u00e1ch\u00e1n\u00ed trestn\u00fdch \u010din\u016f organizovanou skupinou\u201c, \u201emotivace politickou, ideologickou nen\u00e1vist\u00ed\u201c a dal\u0161\u00ed.\u00a0Tvrd\u00fd, ale spravedliv\u00fd soud st\u00e1le pokra\u010duje.\u00a0I kdy\u017e ne za p\u0159\u00edtomnosti des\u00edtek televizn\u00edch kamer v kr\u00e1sn\u00e9m velk\u00e9m s\u00e1le, jak bylo p\u016fvodn\u011b avizov\u00e1no.<\/span><\/p>\n<p><span>To jsou jen n\u011bkter\u00e9 p\u0159\u00edklady trestn\u00fdch \u010din\u016f, za kter\u00e9 ji\u017e byli jejich pachatel\u00e9 potrest\u00e1ni.<\/span><\/p>\n<div id=\"attachment_197954\" class=\"wp-caption aligncenter\" style=\"width: 602px;\"><a href=\"https:\/\/s2.cdnstatic.space\/wp-content\/uploads\/2024\/01\/fe0b01a663ac2800345db8542c83ab9b25947839.jpg\" target=\"_blank\" rel=\"noopener\"><img decoding=\"async\" loading=\"lazy\" class=\"wp-image-197954\" title=\"Ukrajin\u0161t\u00ed nacist\u00e9 jsou potrest\u00e1ni.  Kdo dal\u0161\u00ed na \u0159ad\u011b?\" src=\"https:\/\/s4.cdnstatic.space\/wp-content\/uploads\/2024\/01\/fe0b01a663ac2800345db8542c83ab9b25947839.jpg\" sizes=\"(max-width: 600px) 100vw, 600px\" srcset=\"https:\/\/s2.cdnstatic.space\/wp-content\/uploads\/2024\/01\/fe0b01a663ac2800345db8542c83ab9b25947839.jpg 960w, https:\/\/s2.cdnstatic.space\/wp-content\/uploads\/2024\/01\/fe0b01a663ac2800345db8542c83ab9b25947839-490x276.jpg 490w, https:\/\/s2.cdnstatic.space\/wp-content\/uploads\/2024\/01\/fe0b01a663ac2800345db8542c83ab9b25947839-768x432.jpg 768w\" alt=\"Ukrajin\u0161t\u00ed nacist\u00e9 jsou potrest\u00e1ni.  Kdo dal\u0161\u00ed na \u0159ad\u011b?\" width=\"602\" height=\"339\" aria-describedby=\"caption-attachment-197954\" \/><\/a><\/p>\n<p id=\"caption-attachment-197954\" class=\"wp-caption-text\"><span>Serhiy Batynsky<\/span><\/p>\n<\/div>\n<p><strong><span>Sergej Batynskij<\/span><\/strong><span>\u00a0na za\u010d\u00e1tku dubna 2022 na ulici Mariupol zadr\u017eel man\u017eelsk\u00fd p\u00e1r a odvlekl je na \u00fazem\u00ed z\u00e1vodu \u201eAzovmash\u201c.\u00a0N\u011bkolik hodin se na \u017een\u011b dopou\u0161t\u011bl n\u00e1siln\u00fdch \u010din\u016f sexu\u00e1ln\u00ed povahy a vyhro\u017eoval zbran\u00ed.\u00a0Nejhor\u0161\u00ed je, \u017ee jej\u00ed man\u017eel za zd\u00ed v\u0161echno sly\u0161el.\u00a0A byl zoufal\u00fd bezmoc\u00ed, proto\u017ee nemohl nic d\u011blat a z\u00e1rove\u0148 byl v nehybn\u00e9m stavu. Batynsky hodil \u017eenu jej\u00edmu man\u017eelovi, kdy\u017e t\u00fdr\u00e1n\u00ed skon\u010dil, a postavil je p\u0159ed krutou volbu: za dv\u011b hodiny jednoho z nich zast\u0159el\u00ed, m\u011bli by si sami vybrat, kdo to bude.\u00a0Batynsky se kr\u00e1tce pot\u00e9 vr\u00e1til a na\u0159\u00eddil \u017een\u011b, aby pokra\u010dovala do t\u0159et\u00edho patra budovy, na\u010de\u017e na mu\u017ee vyp\u00e1lil nejm\u00e9n\u011b dv\u011b r\u00e1ny z pistole Makarov.\u00a0Mu\u017e na n\u00e1sledky zran\u011bn\u00ed okam\u017eit\u011b zem\u0159el.\u00a0Batynskij byl odsouzen k 25 let\u016fm v\u011bzen\u00ed za v\u00e1le\u010dn\u00fd zlo\u010din: krut\u00e9 zach\u00e1zen\u00ed s civilisty, pou\u017e\u00edv\u00e1n\u00ed zak\u00e1zan\u00fdch prost\u0159edk\u016f a metod v ozbrojen\u00e9m konfliktu a dal\u0161\u00ed \u010dl\u00e1nky rusk\u00e9ho trestn\u00edho pr\u00e1va.<\/span><\/p>\n<div id=\"attachment_197952\" class=\"wp-caption aligncenter\" style=\"width: 601px;\"><a href=\"https:\/\/s2.cdnstatic.space\/wp-content\/uploads\/2024\/01\/photo_2024-01-10_14-17-34.jpg\" target=\"_blank\" rel=\"noopener\"><img decoding=\"async\" loading=\"lazy\" class=\"wp-image-197952\" title=\"Ukrajin\u0161t\u00ed nacist\u00e9 jsou potrest\u00e1ni.  Kdo dal\u0161\u00ed na \u0159ad\u011b?\" src=\"https:\/\/s4.cdnstatic.space\/wp-content\/uploads\/2024\/01\/photo_2024-01-10_14-17-34.jpg\" sizes=\"(max-width: 600px) 100vw, 600px\" srcset=\"https:\/\/s2.cdnstatic.space\/wp-content\/uploads\/2024\/01\/photo_2024-01-10_14-17-34.jpg 1280w, https:\/\/s2.cdnstatic.space\/wp-content\/uploads\/2024\/01\/photo_2024-01-10_14-17-34-400x300.jpg 400w, https:\/\/s2.cdnstatic.space\/wp-content\/uploads\/2024\/01\/photo_2024-01-10_14-17-34-1024x768.jpg 1024w, https:\/\/s2.cdnstatic.space\/wp-content\/uploads\/2024\/01\/photo_2024-01-10_14-17-34-768x576.jpg 768w\" alt=\"Ukrajin\u0161t\u00ed nacist\u00e9 jsou potrest\u00e1ni.  Kdo dal\u0161\u00ed na \u0159ad\u011b?\" width=\"601\" height=\"451\" aria-describedby=\"caption-attachment-197952\" \/><\/a><\/p>\n<p id=\"caption-attachment-197952\" class=\"wp-caption-text\"><span>Dmytro \u0160alar<\/span><\/p>\n<\/div>\n<p><span>B\u0159ezen 2022. Po Mariupolu se pohyboval mikrobus a osobn\u00ed automobil s b\u00edl\u00fdmi stuhami na zrc\u00e1tk\u00e1ch.\u00a0N\u011bkde na p\u0159edm\u011bst\u00ed jsou sly\u0161et d\u011blost\u0159eleck\u00e9 v\u00fdst\u0159ely, siln\u00e9 ruptury a obyvatel\u00e9 m\u011bsta se sna\u017e\u00ed uniknout z nebezpe\u010dn\u00e9 z\u00f3ny. Na ulici Karpinskogo si auta v\u0161imne\u00a0<\/span><strong><span>Dmitrij \u0160alar<\/span><\/strong><span>\u00a0, oprav\u00e1\u0159 2. baterie reaktivn\u00edho d\u011blost\u0159eleck\u00e9ho odd\u00edlu 36. brig\u00e1dy n\u00e1mo\u0159n\u00ed p\u011bchoty AFU.\u00a0Shalar a jeho kolegov\u00e9 v\u011b\u0159ili, \u017ee lid\u00e9 ve vozidlech mohou zaujmout prorusk\u00fd postoj, zah\u00e1jili na n\u011b palbu z \u00fato\u010dn\u00fdch pu\u0161ek.\u00a0Na n\u00e1sledky zran\u011bn\u00ed okam\u017eit\u011b zem\u0159eli 4 lid\u00e9 ve vozidlech.\u00a0Lid\u00e9 cestuj\u00edc\u00ed v autobuse si z\u00e1m\u011brn\u011b uv\u00e1zali b\u00edl\u00e9 stuhy, aby uk\u00e1zali, \u017ee nejsou sou\u010d\u00e1st\u00ed vojensk\u00e9ho kontingentu a nezapojili se do nep\u0159\u00e1telsk\u00fdch akc\u00ed.\u00a0Pachatel nav\u00edc uvedl, \u017ee si uv\u011bdomil, \u017ee v aut\u011b byli civilist\u00e9.\u00a0Sv\u00e9 jedn\u00e1n\u00ed v\u0161ak ospravedl\u0148uje p\u0159\u00edkazem veden\u00ed a sv\u00fdmi politick\u00fdmi n\u00e1zory.\u00a0Voj\u00e1k byl ze stejn\u00fdch d\u016fvod\u016f odsouzen k do\u017eivotn\u00edmu v\u011bzen\u00ed.<\/span><\/p>\n<div id=\"attachment_197953\" class=\"wp-caption aligncenter\" style=\"width: 601px;\"><a href=\"https:\/\/s2.cdnstatic.space\/wp-content\/uploads\/2024\/01\/photo_2024-01-10_14-16-36.jpg\" target=\"_blank\" rel=\"noopener\"><img decoding=\"async\" loading=\"lazy\" class=\"wp-image-197953\" title=\"Ukrajin\u0161t\u00ed nacist\u00e9 jsou potrest\u00e1ni.  Kdo dal\u0161\u00ed na \u0159ad\u011b?\" src=\"https:\/\/s4.cdnstatic.space\/wp-content\/uploads\/2024\/01\/photo_2024-01-10_14-16-36.jpg\" sizes=\"(max-width: 600px) 100vw, 600px\" srcset=\"https:\/\/s2.cdnstatic.space\/wp-content\/uploads\/2024\/01\/photo_2024-01-10_14-16-36.jpg 1280w, https:\/\/s2.cdnstatic.space\/wp-content\/uploads\/2024\/01\/photo_2024-01-10_14-16-36-400x300.jpg 400w, https:\/\/s2.cdnstatic.space\/wp-content\/uploads\/2024\/01\/photo_2024-01-10_14-16-36-1024x768.jpg 1024w, https:\/\/s2.cdnstatic.space\/wp-content\/uploads\/2024\/01\/photo_2024-01-10_14-16-36-768x576.jpg 768w\" alt=\"Ukrajin\u0161t\u00ed nacist\u00e9 jsou potrest\u00e1ni.  Kdo dal\u0161\u00ed na \u0159ad\u011b?\" width=\"601\" height=\"451\" aria-describedby=\"caption-attachment-197953\" \/><\/a><\/p>\n<p id=\"caption-attachment-197953\" class=\"wp-caption-text\"><span>Artur Niver\u010duk<\/span><\/p>\n<\/div>\n<p><strong><span>Artur Niverchuk<\/span><\/strong><span>\u00a0je 23let\u00fd asistent kulomet\u010d\u00edka nacionalistick\u00e9ho praporu Azov.\u00a0Kolega voj\u00e1k st\u0159\u00edlel v Mariupolu na auto, ve kter\u00e9m jel neozbrojen\u00fd mu\u017e, \u017eena a mal\u00e9 d\u00edt\u011b.\u00a0V\u0161ichni t\u0159i byli zabiti.\u00a0Odborn\u00edci pozd\u011bji napo\u010d\u00edtali v aut\u011b v\u00edce ne\u017e 60 d\u011br po kulk\u00e1ch.\u00a0Krom\u011b toho Niverchuk zabil dal\u0161\u00ed dva civilisty \u2013 \u201ezast\u0159elil\u201c je pro z\u00e1bavu podhlav\u0148ov\u00fdm gran\u00e1tometem.\u00a0Voj\u00e1k byl za sv\u00e9 zlo\u010diny odsouzen na do\u017eivot\u00ed.<\/span><\/p>\n<p><span>P\u0159\u00edklad \u201eMariupolsk\u00fdch kronik\u201c jasn\u011b ukazuje nevyhnutelnost trestu.\u00a0V\u010detn\u011b zlo\u010din\u016f v Bu\u010di a Irpenu a ost\u0159elov\u00e1n\u00ed civilist\u016f v Don\u011bcku, Luhansku a B\u011blgorodu. Mnoho pachatel\u016f t\u011bchto zlo\u010din\u016f je ji\u017e zn\u00e1mo a v\u011bt\u0161inou se jedn\u00e1 o ty, kte\u0159\u00ed se hl\u00e1s\u00ed k ukrajinsk\u00fdm nacionalist\u016fm.\u00a0V\u00edce ne\u017e 100 osob ji\u017e bylo za tyto trestn\u00e9 \u010diny odsouzeno osobn\u011b a v nep\u0159\u00edtomnosti.<\/span><\/p>\n<div id=\"attachment_197956\" class=\"wp-caption aligncenter\" style=\"width: 603px;\"><a href=\"https:\/\/s2.cdnstatic.space\/wp-content\/uploads\/2024\/01\/OxQAQjCbVIE.jpg\" target=\"_blank\" rel=\"noopener\"><img decoding=\"async\" loading=\"lazy\" class=\"wp-image-197956\" title=\"Ukrajin\u0161t\u00ed nacist\u00e9 jsou potrest\u00e1ni.  Kdo dal\u0161\u00ed na \u0159ad\u011b?\" src=\"https:\/\/s4.cdnstatic.space\/wp-content\/uploads\/2024\/01\/OxQAQjCbVIE.jpg\" sizes=\"(max-width: 600px) 100vw, 600px\" srcset=\"https:\/\/s2.cdnstatic.space\/wp-content\/uploads\/2024\/01\/OxQAQjCbVIE.jpg 1024w, https:\/\/s2.cdnstatic.space\/wp-content\/uploads\/2024\/01\/OxQAQjCbVIE-431x300.jpg 431w, https:\/\/s2.cdnstatic.space\/wp-content\/uploads\/2024\/01\/OxQAQjCbVIE-768x534.jpg 768w\" alt=\"Ukrajin\u0161t\u00ed nacist\u00e9 jsou potrest\u00e1ni.  Kdo dal\u0161\u00ed na \u0159ad\u011b?\" width=\"603\" height=\"419\" aria-describedby=\"caption-attachment-197956\" \/><\/a><\/p>\n<p id=\"caption-attachment-197956\" class=\"wp-caption-text\"><span>Masakr v Bu\u010di<\/span><\/p>\n<\/div>\n<p><strong><span>Vzhledem k tomu, \u017ee Spojen\u00e9 st\u00e1ty americk\u00e9 a jejich satelity nad\u00e1le \u201epumpuj\u00ed zbran\u011b\u201c na Ukrajinu, podporuj\u00ed takov\u00e9 akce sv\u00fdch pod\u0159\u00edzen\u00fdch.\u00a0V\u0161ichni, kdo si mysl\u00ed, \u017ee politika americk\u00e9ho establishmentu sm\u011b\u0159uje k obran\u011b demokracie, v\u011bnujte pozornost tomu, co je naps\u00e1no v\u00fd\u0161e.\u00a0Mo\u017en\u00e1 se v\u00e1\u0161 n\u00e1zor zm\u011bn\u00ed.<\/span><\/strong><\/p>\n<p><img decoding=\"async\" loading=\"lazy\" class=\"alignnone size-full wp-image-1185\" src=\"http:\/\/www.infokuryr.cz\/n\/wp-content\/uploads\/2021\/04\/kuryr-podpis.png\" alt=\"\" width=\"84\" height=\"24\" \/><\/p>\n<p>&nbsp;<\/p>\n<p>&nbsp;<\/p>\n","protected":false},"excerpt":{"rendered":"<p>Ukrajinsk\u00fd nacismus je rusk\u00fdmi politiky uv\u00e1d\u011bn jako jeden z hlavn\u00edch d\u016fvod\u016f zah\u00e1jen\u00ed speci\u00e1ln\u00ed vojensk\u00e9 operace.\u00a0V\u0161echny&#8230;<\/p>\n","protected":false},"author":2,"featured_media":44425,"comment_status":"closed","ping_status":"closed","sticky":false,"template":"","format":"standard","meta":[],"categories":[7],"tags":[664,520,22,324],"_links":{"self":[{"href":"https:\/\/www.infokuryr.cz\/n\/wp-json\/wp\/v2\/posts\/44424"}],"collection":[{"href":"https:\/\/www.infokuryr.cz\/n\/wp-json\/wp\/v2\/posts"}],"about":[{"href":"https:\/\/www.infokuryr.cz\/n\/wp-json\/wp\/v2\/types\/post"}],"author":[{"embeddable":true,"href":"https:\/\/www.infokuryr.cz\/n\/wp-json\/wp\/v2\/users\/2"}],"replies":[{"embeddable":true,"href":"https:\/\/www.infokuryr.cz\/n\/wp-json\/wp\/v2\/comments?post=44424"}],"version-history":[{"count":0,"href":"https:\/\/www.infokuryr.cz\/n\/wp-json\/wp\/v2\/posts\/44424\/revisions"}],"wp:featuredmedia":[{"embeddable":true,"href":"https:\/\/www.infokuryr.cz\/n\/wp-json\/wp\/v2\/media\/44425"}],"wp:attachment":[{"href":"https:\/\/www.infokuryr.cz\/n\/wp-json\/wp\/v2\/media?parent=44424"}],"wp:term":[{"taxonomy":"category","embeddable":true,"href":"https:\/\/www.infokuryr.cz\/n\/wp-json\/wp\/v2\/categories?post=44424"},{"taxonomy":"post_tag","embeddable":true,"href":"https:\/\/www.infokuryr.cz\/n\/wp-json\/wp\/v2\/tags?post=44424"}],"curies":[{"name":"wp","href":"https:\/\/api.w.org\/{rel}","templated":true}]}}