{"id":44408,"date":"2024-01-11T00:44:48","date_gmt":"2024-01-10T23:44:48","guid":{"rendered":"http:\/\/www.infokuryr.cz\/n\/?p=44408"},"modified":"2024-01-10T17:32:31","modified_gmt":"2024-01-10T16:32:31","slug":"hizballah-popira-ze-jeho-velitele-zabil-izrael","status":"publish","type":"post","link":"https:\/\/www.infokuryr.cz\/n\/2024\/01\/11\/hizballah-popira-ze-jeho-velitele-zabil-izrael\/","title":{"rendered":"Hizball\u00e1h pop\u00edr\u00e1, \u017ee jeho velitele zabil Izrael"},"content":{"rendered":"<div id=\"fb-root\"><\/div>\n<p><strong><span>Hizball\u00e1h pop\u0159el, \u017ee by bojovn\u00edk zabit\u00fd izraelsk\u00fdmi obrann\u00fdmi silami (IDF) 9. ledna byl velitelem jeho dronov\u00e9 jednotky nebo letectva.<\/span><\/strong><\/p>\n<p><span>Doty\u010dn\u00fd bojovn\u00edk, Ali Hussein Burji, byl jedn\u00edm ze \u010dty\u0159, jejich\u017e smrt Hizball\u00e1h v ten den uznal.\u00a0Byl zabit p\u0159i \u00fatoku izraelsk\u00e9ho dronu, kter\u00fd zam\u00ed\u0159il na m\u011bsto Khirbet Selm v ji\u017en\u00edm Libanonu.<\/span><\/p>\n<p><em>&#8222;Velitel [jednotky dron\u016f] nebyl nikdy vystaven \u017e\u00e1dn\u00e9mu pokusu o atent\u00e1t, jak tvrdil nep\u0159\u00edtel,&#8220; uvedl Hizball\u00e1h v prohl\u00e1\u0161en\u00ed.<\/em><\/p>\n<p><span>P\u0159edt\u00edm mluv\u010d\u00ed IDF kontradmir\u00e1l Daniel Hagari tvrdil, \u017ee Burji je zodpov\u011bdn\u00e1 za des\u00edtky \u00fatok\u016f dron\u016f na severn\u00ed Izrael.<\/span><\/p>\n<p><em>&#8222;Na severu jsme dnes zlikvidovali velitele vzdu\u0161n\u00fdch sil Hizball\u00e1hu v ji\u017en\u00edm Libanonu,&#8220; \u0159ekl Hagari b\u011bhem tiskov\u00e9 konference.<\/em><\/p>\n<p><span>Burji provedl \u201edes\u00edtky operac\u00ed s pou\u017eit\u00edm dron\u016f proti Izraeli,\u201c poznamenal mluv\u010d\u00ed, v\u010detn\u011b \u00fatoku, kter\u00fd byl ve stejn\u00fd den zam\u011b\u0159en na velitelstv\u00ed Severn\u00edho velitelstv\u00ed IDF.\u00a0Men\u0161\u00ed \u0161kody byly zp\u016fsobeny pot\u00e9, co dva sebevra\u017eedn\u00e9 drony zas\u00e1hly z\u00e1kladnu v severoizraelsk\u00e9m m\u011bst\u011b Safed.\u00a0Videoz\u00e1znamy \u00faderu, kter\u00fd \u00fadajn\u011b zabil Burjiho, zve\u0159ejnila IDF.<\/span><\/p>\n<p><iframe loading=\"lazy\" src=\"https:\/\/s2.cdnstatic.space\/wp-content\/uploads\/2024\/01\/twitsave.com_qYiYMjPEqEDVNH4Q.mp4\" width=\"600\" height=\"338\" data-mce-fragment=\"1\"><\/iframe><\/p>\n<p><span>Hizball\u00e1h uvedl, \u017ee \u00fatok na s\u00eddlo IDF byl proveden v reakci na atent\u00e1t na Wissama al-Tawila, vysok\u00e9ho velitele elitn\u00edch jednotek Redwan Force, a Saleha al-Arouriho, z\u00e1stupce v\u016fdce palestinsk\u00e9ho Hnut\u00ed Ham\u00e1s.<\/span><\/p>\n<p><span>Al-Arouri byl zabit spolu s dal\u0161\u00edmi \u0161esti \u010dleny Ham\u00e1su, v\u010detn\u011b dvou velitel\u016f brig\u00e1d Izz ad-Din al-Qassam, p\u0159i n\u00e1letu, kter\u00fd zam\u00ed\u0159il na ji\u017en\u00ed Bejr\u00fat p\u0159edm\u011bst\u00ed Dahiyeh, ba\u0161tu Hizball\u00e1hu, 2. ledna. Tawil byl zabit p\u0159i \u00fatoku dronu, kter\u00fd se zam\u011b\u0159il na Khirbet Selm 8. ledna. Izrael se nep\u0159ihl\u00e1sil k odpov\u011bdnosti za \u017e\u00e1dn\u00fd atent\u00e1t.<\/span><\/p>\n<p><span>Od 8. \u0159\u00edjna zah\u00e1jil Hizball\u00e1h a jeho spojenci stovky p\u0159eshrani\u010dn\u00edch \u00fatok\u016f z ji\u017en\u00edho Libanonu na podporu Hamasu a dal\u0161\u00edch palestinsk\u00fdch ozbrojen\u00fdch frakc\u00ed uprost\u0159ed invaze IDF do p\u00e1sma Gazy, kter\u00e1 n\u00e1sledovala po p\u0159ekvapiv\u00e9m \u00fatoku na Izrael 7. \u0159\u00edjna.<\/span><\/p>\n<p><span>Dosavadn\u00ed st\u0159ety na hranic\u00edch si vy\u017e\u00e1daly na izraelsk\u00e9 stran\u011b \u010dty\u0159i ob\u011bti civilist\u016f a tak\u00e9 dev\u011bt voj\u00e1k\u016f IDF.\u00a0Na libanonsk\u00e9 stran\u011b bylo zabito v\u00edce ne\u017e 180 lid\u00ed.\u00a0Po\u010det zahrnuje 149 bojovn\u00edk\u016f Hizball\u00e1hu, z nich\u017e 14 bylo zabito v S\u00fdrii, 25 Palestinc\u016f, libanonsk\u00e9ho voj\u00e1ka a nejm\u00e9n\u011b 21 civilist\u016f.<\/span><\/p>\n<p><em>Fotku Aliho Husseina Burjiho zve\u0159ejnila vojensk\u00e1 m\u00e9dia Hizball\u00e1hu.<\/em><\/p>\n<p><img decoding=\"async\" loading=\"lazy\" class=\"alignnone size-full wp-image-1185\" src=\"http:\/\/www.infokuryr.cz\/n\/wp-content\/uploads\/2021\/04\/kuryr-podpis.png\" alt=\"\" width=\"84\" height=\"24\" \/><\/p>\n<p>&nbsp;<\/p>\n<p>&nbsp;<\/p>\n","protected":false},"excerpt":{"rendered":"<p>Hizball\u00e1h pop\u0159el, \u017ee by bojovn\u00edk zabit\u00fd izraelsk\u00fdmi obrann\u00fdmi silami (IDF) 9. ledna byl velitelem jeho&#8230;<\/p>\n","protected":false},"author":2,"featured_media":44409,"comment_status":"closed","ping_status":"closed","sticky":false,"template":"","format":"standard","meta":[],"categories":[7],"tags":[2306,107,3526,889],"_links":{"self":[{"href":"https:\/\/www.infokuryr.cz\/n\/wp-json\/wp\/v2\/posts\/44408"}],"collection":[{"href":"https:\/\/www.infokuryr.cz\/n\/wp-json\/wp\/v2\/posts"}],"about":[{"href":"https:\/\/www.infokuryr.cz\/n\/wp-json\/wp\/v2\/types\/post"}],"author":[{"embeddable":true,"href":"https:\/\/www.infokuryr.cz\/n\/wp-json\/wp\/v2\/users\/2"}],"replies":[{"embeddable":true,"href":"https:\/\/www.infokuryr.cz\/n\/wp-json\/wp\/v2\/comments?post=44408"}],"version-history":[{"count":1,"href":"https:\/\/www.infokuryr.cz\/n\/wp-json\/wp\/v2\/posts\/44408\/revisions"}],"predecessor-version":[{"id":44410,"href":"https:\/\/www.infokuryr.cz\/n\/wp-json\/wp\/v2\/posts\/44408\/revisions\/44410"}],"wp:featuredmedia":[{"embeddable":true,"href":"https:\/\/www.infokuryr.cz\/n\/wp-json\/wp\/v2\/media\/44409"}],"wp:attachment":[{"href":"https:\/\/www.infokuryr.cz\/n\/wp-json\/wp\/v2\/media?parent=44408"}],"wp:term":[{"taxonomy":"category","embeddable":true,"href":"https:\/\/www.infokuryr.cz\/n\/wp-json\/wp\/v2\/categories?post=44408"},{"taxonomy":"post_tag","embeddable":true,"href":"https:\/\/www.infokuryr.cz\/n\/wp-json\/wp\/v2\/tags?post=44408"}],"curies":[{"name":"wp","href":"https:\/\/api.w.org\/{rel}","templated":true}]}}