{"id":44399,"date":"2024-01-11T00:41:32","date_gmt":"2024-01-10T23:41:32","guid":{"rendered":"http:\/\/www.infokuryr.cz\/n\/?p=44399"},"modified":"2024-01-10T17:04:45","modified_gmt":"2024-01-10T16:04:45","slug":"96-den-izrael-bude-celit-obvineni-z-genocidy-u-icj-bitvy-zuri-na-severu-gazy","status":"publish","type":"post","link":"https:\/\/www.infokuryr.cz\/n\/2024\/01\/11\/96-den-izrael-bude-celit-obvineni-z-genocidy-u-icj-bitvy-zuri-na-severu-gazy\/","title":{"rendered":"96. den: Izrael bude \u010delit obvin\u011bn\u00ed z genocidy u ICJ, bitvy zu\u0159\u00ed na severu Gazy"},"content":{"rendered":"<div id=\"fb-root\"><\/div>\n<p><span style=\"font-size: 18pt;\"><strong>10. ledna 2024<\/strong><\/span><\/p>\n<p><span style=\"font-size: 14pt;\"><strong>Ham\u00e1s odm\u00edt\u00e1 Blinkenovu n\u00e1v\u0161t\u011bvu Ramall\u00e1hu s t\u00edm, \u017ee neexistuj\u00ed \u201e\u017e\u00e1dn\u00e9 rozd\u00edly mezi Izraelem a Ameri\u010dany\u201c, kdy\u017e americk\u00e9 a britsk\u00e9 n\u00e1mo\u0159n\u00ed s\u00edly sest\u0159elily 21 jemensk\u00fdch bezpilotn\u00edch letoun\u016f nad Rud\u00fdm mo\u0159em.\u00a0Mezit\u00edm se Corbyn p\u0159ipoj\u00ed k jihoafrick\u00e9 delegaci ICJ.<\/strong><\/span><\/p>\n<h2 class=\"wp-block-heading\"><strong><span>Ztr\u00e1ty<\/span><\/strong><\/h2>\n<ul>\n<li><span>23 357+ zabito* a nejm\u00e9n\u011b 59 410 zran\u011bn\u00fdch v p\u00e1smu Gazy.<\/span><\/li>\n<li><span>Na okupovan\u00e9m Z\u00e1padn\u00edm b\u0159ehu a ve v\u00fdchodn\u00edm Jeruzal\u00e9m\u011b bylo zabito 385 Palestinc\u016f<\/span><\/li>\n<li><span>Izrael reviduje sv\u016fj odhadovan\u00fd po\u010det ob\u011bt\u00ed ze 7. \u0159\u00edjna na 1 400 na 1 147.<\/span><\/li>\n<li><span>Od 7. \u0159\u00edjna bylo zabito 520 izraelsk\u00fdch voj\u00e1k\u016f a nejm\u00e9n\u011b 2 193 zran\u011bno.**<\/span><\/li>\n<\/ul>\n<p><span>*\u00a0<\/span><em><span>Toto \u010d\u00edslo bylo potvrzeno ministerstvem zdravotnictv\u00ed Gazy 10. ledna. N\u011bkter\u00e9 organizace bojuj\u00edc\u00ed za lidsk\u00e1 pr\u00e1va p\u0159ibli\u017euj\u00ed po\u010det ob\u011bt\u00ed\u00a0\u00a0<\/span><\/em><a href=\"https:\/\/twitter.com\/EuroMedHR\/status\/1738558892643123665\"><em><span>30 000<\/span><\/em><\/a><em><span>\u00a0\u00a0, kdy\u017e po\u010d\u00edtaj\u00ed s t\u011bmi, o kter\u00fdch se p\u0159edpokl\u00e1d\u00e1, \u017ee jsou mrtv\u00ed.<\/span><\/em><\/p>\n<p><em><span>**Toto \u010d\u00edslo je zve\u0159ejn\u011bno\u00a0<\/span><\/em><a href=\"https:\/\/www.idf.il\/%D7%A0%D7%95%D7%A4%D7%9C%D7%99%D7%9D\/%D7%97%D7%9C%D7%9C%D7%99-%D7%94%D7%9E%D7%9C%D7%97%D7%9E%D7%94\/\"><em><span>izraelskou arm\u00e1dou<\/span><\/em><\/a><em><span>\u00a0.\u00a0<\/span><\/em><\/p>\n<h2 class=\"wp-block-heading\"><strong><span>Kl\u00ed\u010dov\u00fd v\u00fdvoj<\/span><\/strong><\/h2>\n<ul>\n<li><span>B\u00fdval\u00fd v\u016fdce britsk\u00e9 opozice Jeremy Corbyn se z\u00fa\u010dastn\u00ed sly\u0161en\u00ed ICJ jako sou\u010d\u00e1st jihoafrick\u00e9 delegace, aby Izrael pohnal k odpov\u011bdnosti za genocidn\u00ed akce v Gaze.<\/span><\/li>\n<li><span>B\u00edl\u00fd d\u016fm popisuje \u017ealobu Jihoafrick\u00e9 republiky u ICJ jako \u201ebezd\u016fvodnou a kontraproduktivn\u00ed\u201c, zem\u011b EU ml\u010d\u00ed.<\/span><\/li>\n<li><span>Nissim Vaturi, \u010dlen backbench Likud v Knessetu, \u0159\u00edk\u00e1, \u017ee nelituje toho, \u017ee v listopadu napsal \u201e\u00a0<\/span><a href=\"https:\/\/www.timesofisrael.com\/liveblog_entry\/ahead-of-hague-hearing-likud-mk-doubles-down-on-call-to-burn-gaza\/\"><span>sp\u00e1lit Gazu nyn\u00ed<\/span><\/a><span>\u00a0\u201c.<\/span><\/li>\n<li><span>Izraelsk\u00e9 s\u00edly ni\u010d\u00ed stovky historick\u00fdch a kulturn\u00edch m\u00edst v Gaze a zab\u00edjej\u00ed des\u00edtky palestinsk\u00fdch intelektu\u00e1l\u016f, spisovatel\u016f, um\u011blc\u016f a akademik\u016f, uv\u00e1d\u00ed ministerstvo kultury PA.\u00a0<\/span><\/li>\n<li><span>Brig\u00e1dy Hamasu Izz al-Din al-Qassam p\u0159epadnou izraelskou p\u011bchotn\u00ed jednotku ve \u010dtvrti Al-Zaytoun jihov\u00fdchodn\u011b od m\u011bsta Gaza a p\u00e1l\u00ed protitankov\u00e9 gran\u00e1ty na izraelsk\u00e9 vojensk\u00e9 vozidlo.<\/span><\/li>\n<li><span>Abu Hamza, mluv\u010d\u00ed brig\u00e1d Al-Quds Isl\u00e1msk\u00e9ho d\u017eih\u00e1du, \u0159\u00edk\u00e1 izraelsk\u00fdm osadn\u00edk\u016fm: &#8222;Netanjahuovy sliby, \u017ee se vr\u00e1t\u00edte do Gazy, jsou p\u0159elud.&#8220;<\/span><\/li>\n<li><span>Hizball\u00e1h pop\u00edr\u00e1, \u017ee by v \u00fater\u00fd Izrael zabil velitele leteck\u00e9 jednotky.\u00a0<\/span><\/li>\n<li><span>Britsk\u00e9 a americk\u00e9 n\u00e1mo\u0159n\u00ed s\u00edly \u00fadajn\u011b zni\u010dily 21 bojov\u00fdch dron\u016f a raket vypu\u0161t\u011bn\u00fdch jemensk\u00fdmi vojensk\u00fdmi silami veden\u00fdmi Ansar All\u00e1hem.<\/span><\/li>\n<li><span>Americk\u00fd ministr zahrani\u010d\u00ed Anthony Blinken nav\u0161t\u00edvil Ramall\u00e1h, aby se setkal s prezidentem Palestinsk\u00e9 spr\u00e1vy Mahm\u00fadem Abb\u00e1sem, \u0159ekl, \u017ee USA podporuj\u00ed \u201ekonkr\u00e9tn\u00ed opat\u0159en\u00ed\u201c k realizaci palestinsk\u00e9ho st\u00e1tu.<\/span><\/li>\n<li><span>Hamas Blinkenovu n\u00e1v\u0161t\u011bvu odm\u00edt\u00e1 a \u0159\u00edk\u00e1, \u017ee \u201eje to podpora bezpe\u010dnosti okupace.\u00a0Mezi Izraelem a Ameri\u010dany nejsou \u017e\u00e1dn\u00e9 rozd\u00edly.&#8220;<\/span><\/li>\n<\/ul>\n<h2 class=\"wp-block-heading\"><strong><span>Izrael se postav\u00ed Mezin\u00e1rodn\u00edmu soudn\u00edmu dvoru kv\u016fli genocid\u011b v Gaze<\/span><\/strong><\/h2>\n<p><span>Izrael\u0161t\u00ed p\u0159edstavitel\u00e9 se p\u0159ipravuj\u00ed na sly\u0161en\u00ed u Mezin\u00e1rodn\u00edho soudn\u00edho dvora (ICJ) z\u00edtra pot\u00e9, co Jihoafrick\u00e1 republika v prosinci podala \u017ealobu obvi\u0148uj\u00edc\u00ed Tel Aviv ze sp\u00e1ch\u00e1n\u00ed genocidn\u00edch akc\u00ed proti Palestinc\u016fm v p\u00e1smu Gazy.<\/span><\/p>\n<p><span>Sly\u0161en\u00ed ICJ bude vys\u00edlat \u017eiv\u011b ve \u010dtvrtek a p\u00e1tek.\u00a0Bezuzdn\u00e1 americk\u00e1 podpora izraelsk\u00fdch vojensk\u00fdch akc\u00ed a bombardov\u00e1n\u00ed v Gaze imunizovala Tel Aviv p\u0159ed jakoukoli kontrolou podle rezoluc\u00ed OSN.<\/span><\/p>\n<p><span>Rozsudek ICJ by mohl skon\u010dit jako dal\u0161\u00ed mezin\u00e1rodn\u00ed z\u00e1kon, kter\u00fd Izrael nerespektuje.\u00a0Existuje v\u0161ak velk\u00e1 o\u010dek\u00e1v\u00e1n\u00ed, \u017ee soud se s\u00eddlem v Haagu tentokr\u00e1t po\u017eene Izrael k odpov\u011bdnosti a zavede trval\u00e9 p\u0159\u00edm\u011b\u0159\u00ed.\u00a0<\/span><\/p>\n<p><span>B\u00fdval\u00fd v\u016fdce britsk\u00e9 opozice\u00a0<\/span><a href=\"https:\/\/apnews.com\/article\/south-africa-israel-genocide-corbyn-court-5e59a67d7ec109530a74a5e6a888a04a?mc_cid=8c85a78142\"><span>Jeremy Corbyn<\/span><\/a><span>\u00a0se z\u00fa\u010dastn\u00ed sly\u0161en\u00ed ICJ jako sou\u010d\u00e1st jihoafrick\u00e9 delegace.\u00a0Corbyn, dlouholet\u00fd zast\u00e1nce Palestinc\u016f a aktivista proti apartheidu, kritizoval postoj britsk\u00e9 vl\u00e1dy za to, \u017ee ne\u017e\u00e1d\u00e1 o p\u0159\u00edm\u011b\u0159\u00ed.<\/span><\/p>\n<p><span>&#8222;Ka\u017ed\u00fd den je v Gaze sp\u00e1ch\u00e1no dal\u0161\u00ed nepopsateln\u00e9 zv\u011brstvo,&#8220; \u0159ekl.<\/span><\/p>\n<p><span>\u201eMiliony lid\u00ed po cel\u00e9m sv\u011bt\u011b podporuj\u00ed snahy Ji\u017en\u00ed Afriky pohnat Izrael k odpov\u011bdnosti.\u00a0Pro\u010d by nemohla na\u0161e vl\u00e1da?&#8220;<\/span><\/p>\n<p><span>Zvl\u00e1\u0161tn\u00ed zpravodaj OSN,\u00a0<\/span><a href=\"https:\/\/twitter.com\/adequatehousing\/status\/1744931374669222220\"><span>Balakrishnan Rajagopal<\/span><\/a><span>\u00a0, napsal na X, \u017ee ICJ by m\u011bl vz\u00edt v \u00favahu jako d\u016fkaz zpr\u00e1vu\u00a0<\/span><a href=\"https:\/\/www.conflict-damage.org\/\"><span>Decentralized Damage Mapping Group<\/span><\/a><span>\u00a0o ni\u010den\u00ed palestinsk\u00fdch domov\u016f a infrastruktury v p\u00e1smu Gazy.<\/span><\/p>\n<p><span>\u201eICJ by to m\u011bl pova\u017eovat za d\u016fkaz genocidy ve spojen\u00ed s ve\u0159ejn\u00fdmi prohl\u00e1\u0161en\u00edmi, kter\u00e1 p\u0159ed n\u00edm zdokumentovala Ji\u017en\u00ed Afrika,\u201c napsal.\u00a0\u201e45,3 a\u017e 55,9 procenta budov v p\u00e1smu Gazy bylo \u201epravd\u011bpodobn\u011b po\u0161kozeno nebo zni\u010deno\u201c.\u00a0<\/span><\/p>\n<p><span>Nav\u00edc 71,1 a\u017e 82,7 procenta budov v oblasti kolem m\u011bsta Gaza na severu Gazy bylo \u201epravd\u011bpodobn\u011b po\u0161kozeno nebo zni\u010deno,\u201c dodal.<\/span><\/p>\n<p><span>Izraelsk\u00fd prezident Isaac Herzog \u0159ekl, \u017ee jeho zem\u011b uplatn\u00ed sv\u00e9 pr\u00e1vo na sebeobranu na sly\u0161en\u00ed ICJ.<\/span><\/p>\n<p><span>&#8222;[Py\u0161n\u011b] p\u0159edstav\u00edme n\u00e1\u0161 p\u0159\u00edpad pou\u017eit\u00ed sebeobrany v r\u00e1mci na\u0161eho nejp\u0159irozen\u011bj\u0161\u00edho pr\u00e1va podle mezin\u00e1rodn\u00edho humanit\u00e1rn\u00edho pr\u00e1va,&#8220; \u0159ekl.\u00a0V minulosti se Izrael odm\u00edtl zapojit do\u00a0<\/span><a href=\"https:\/\/www.jpost.com\/breaking-news\/article-780436\"><span>soudn\u00edho \u0159\u00edzen\u00ed<\/span><\/a><span>\u00a0p\u0159ed soudy OSN kv\u016fli brut\u00e1ln\u00edm akc\u00edm proti Palestinc\u016fm.<\/span><\/p>\n<p><span>ICJ vytvo\u0159il n\u011bkolik prohl\u00e1\u0161en\u00ed od palestinsk\u00fdch, z\u00e1padn\u00edch a dokonce i\u00a0<\/span><a href=\"https:\/\/www.newarab.com\/news\/over-650-israelis-back-south-africa-icj-case-against-israel\"><span>izraelsk\u00fdch<\/span><\/a><span>\u00a0skupin.\u00a0<\/span><\/p>\n<p><span>Mezi zem\u011b, kter\u00e9 v ICJ vyj\u00e1d\u0159ily podporu Palestin\u011b k ukon\u010den\u00ed izraelsk\u00fdch zv\u011brstev v p\u00e1smu Gazy, pat\u0159\u00ed Turecko, Jord\u00e1nsko, Malajsie, Bol\u00edvie a 57\u010dlenn\u00fd blok Organizace isl\u00e1msk\u00fdch zem\u00ed (OIC).<\/span><\/p>\n<p><span>Proti \u017ealob\u011b Jihoafrick\u00e9 republiky u ICJ protestovaly pouze USA.\u00a0B\u00edl\u00fd d\u016fm to popsal jako \u201ebezd\u016fvodn\u00e9, kontraproduktivn\u00ed a zcela nepodlo\u017een\u00e9\u201c, zat\u00edmco zem\u011b EU ml\u010dely.<\/span><\/p>\n<h2 class=\"wp-block-heading\"><strong><span>Izraelsk\u00fd poslanec \u0159\u00edk\u00e1, \u017ee nelituje nad tweetem \u201esp\u00e1lit Gazu nyn\u00ed\u201c.<\/span><\/strong><\/h2>\n<p><span>P\u0159esto n\u011bkte\u0159\u00ed izrael\u0161t\u00ed p\u0159edstavitel\u00e9 st\u00e1le trvaj\u00ed na sv\u00fdch v\u00fdzv\u00e1ch ke genocid\u011b v Gaze p\u0159ed sly\u0161en\u00edm v Haagu.<\/span><\/p>\n<p><span>Ve st\u0159edu r\u00e1no Nissim Vaturi, \u010dlen backbench Likud v Knessetu, \u0159ekl m\u00edstn\u00edmu r\u00e1diu, \u017ee nelituje toho, \u017ee v listopadu napsal na X \u201e\u00a0<\/span><a href=\"https:\/\/www.timesofisrael.com\/liveblog_entry\/ahead-of-hague-hearing-likud-mk-doubles-down-on-call-to-burn-gaza\/\"><span>Burn Gaza now<\/span><\/a><span>\u00a0\u201c.<\/span><\/p>\n<p><span>&#8222;Za sv\u00fdmi slovy si stoj\u00edm.&#8220;\u00a0Je lep\u0161\u00ed sp\u00e1lit budovy, ne\u017e nechat ubl\u00ed\u017eit voj\u00e1k\u016fm.\u00a0Nejsou tam \u017e\u00e1dn\u00ed nevinn\u00ed&#8230; Zb\u00fdv\u00e1 sto tis\u00edc.\u00a0Nem\u00e1m slitov\u00e1n\u00ed s t\u011bmi, kte\u0159\u00ed tam st\u00e1le jsou.\u00a0Mus\u00edme je odstranit,\u201c \u0159ekl Vaturi.<\/span><\/p>\n<p><span>V \u00fater\u00fd ve\u010der bylo p\u0159i izraelsk\u00e9m leteck\u00e9m \u00fatoku ve \u010dtvrti Tal Al-Sultan v Rafahu ji\u017en\u011b od p\u00e1sma Gazy zabito nejm\u00e9n\u011b 15 \u010dlen\u016f rodiny Nofalov\u00fdch.\u00a0<\/span><a href=\"https:\/\/www.wafa.ps\/Pages\/Details\/87837\"><span>Zpr\u00e1vy Wafa<\/span><\/a><span>\u00a0uvedly, \u017ee kuvajtsk\u00e1 nemocnice p\u0159ijala po n\u00e1letu des\u00edtky zran\u011bn\u00fdch.<\/span><\/p>\n<h2 class=\"wp-block-heading\"><strong><span>UNRWA varuje, \u017ee humanit\u00e1rn\u00ed podm\u00ednky v Rafahu jsou na pokraji kolapsu<\/span><\/strong><\/h2>\n<p><span>Agentura OSN pro uprchl\u00edky pro Palestince (URWA) varovala, \u017ee humanit\u00e1rn\u00ed podm\u00ednky v Rafahu jsou na pokraji zhroucen\u00ed, proto\u017ee des\u00edtky tis\u00edc Palestinc\u016f se t\u00edsn\u00ed ve stanech na hlavn\u00edm n\u00e1m\u011bst\u00ed.<\/span><\/p>\n<p><span>UNRWA odhaduje, \u017ee Rafah v sou\u010dasnosti host\u00ed 1,4 milionu Palestinc\u016f, kte\u0159\u00ed uprchli ze severn\u00ed Gazy, Khan Yunis a Deir Al-Balah.\u00a0P\u0159edv\u00e1le\u010dn\u00e1 populace v Rafahu byla 300 000 obyvatel.\u00a0<\/span><\/p>\n<p><span>Mluv\u010d\u00ed UNRWA, Adnan Abu Hasna, \u0159ekl\u00a0<\/span><a href=\"https:\/\/www.wafa.ps\/Pages\/Details\/87834\"><span>WAFA<\/span><\/a><span>\u00a0, \u017ee Palestinci v p\u00e1smu Gazy jsou tla\u010deni izraelsk\u00fdmi silami pobl\u00ed\u017e egyptsk\u00fdch hranic.<\/span><\/p>\n<p><span>Dodal, \u017ee UNRWA provozuje 155 \u0161kol, kter\u00e9 se zm\u011bnily na \u00fakryty, ale humanit\u00e1rn\u00ed podm\u00ednky jsou na pokraji zhroucen\u00ed.<\/span><\/p>\n<p><span>&#8222;Gaza je nejhor\u0161\u00ed m\u00edsto na zemi a p\u00e1smo se m\u011bn\u00ed v neobyvateln\u00e9 m\u00edsto,&#8220; \u0159ekl.<\/span><\/p>\n<p><span>&#8222;Vys\u00eddlenci jsou tla\u010deni do t\u00e9to oblasti, kter\u00e1 je na pokraji exploze, zejm\u00e9na proto, \u017ee podm\u00ednky jsou mizern\u00e9 na v\u0161ech \u00farovn\u00edch ka\u017edodenn\u00edho \u017eivota, soci\u00e1ln\u00ed a ekonomick\u00e9, stejn\u011b jako na \u00farovni poskytov\u00e1n\u00ed pomoci,&#8220; \u0159ekl.\u00a0<\/span><\/p>\n<p><span>Abu Hasna dodal, \u017ee ne\u00fanavn\u00e9 izraelsk\u00e9 bombardov\u00e1n\u00ed severn\u00ed a st\u0159edn\u00ed Gazy br\u00e1n\u00ed \u00fasil\u00ed o dod\u00e1n\u00ed pomoci do t\u011bchto oblast\u00ed.<\/span><\/p>\n<p><span>\u201eTo, co se d\u011bje, p\u0159esahuje nejen mo\u017enosti UNRWA, ale i mo\u017enosti st\u00e1t\u016f, proto\u017ee cel\u00fd lid je vys\u00eddlov\u00e1n do m\u011bsta Rafah,\u201c \u0159ekl Hasna.<\/span><\/p>\n<h2 class=\"wp-block-heading\"><strong><span>Izraelsk\u00e9 s\u00edly bombarduj\u00ed palestinsk\u00e9 domy a sp\u00e1chaj\u00ed 14 masakr\u016f<\/span><\/strong><\/h2>\n<p><span>Za posledn\u00edch 24 hodin izraelsk\u00e9 s\u00edly zast\u0159elily \u0161est Palestinc\u016f, kte\u0159\u00ed \u0161li po pob\u0159e\u017en\u00ed silnici v Al-Sheikh Ajleen, jihoz\u00e1padn\u011b od m\u011bsta Gaza.<\/span><\/p>\n<p><span>V uprchlick\u00e9m t\u00e1bo\u0159e Deir Al-Balah v centr\u00e1ln\u00ed Gaze izraelsk\u00e1 v\u00e1le\u010dn\u00e1 letadla bombardovala d\u016fm, zabila a zranila n\u011bkolik Palestinc\u016f, zat\u00edmco d\u011blost\u0159eleck\u00e9 s\u00edly ost\u0159elovaly v\u00fdchodn\u00ed a ji\u017en\u00ed \u010d\u00e1sti Khan Younis.<\/span><\/p>\n<p><span>V uprchlick\u00fdch t\u00e1borech Al-Bureij a Al-Maghazi v centr\u00e1ln\u00ed Gaze zabilo izraelsk\u00e9 d\u011blost\u0159electvo p\u0159es noc nejm\u00e9n\u011b 20 Palestinc\u016f.\u00a0Izrael tak\u00e9 bombardoval d\u016fm rodiny Asalia v Jabalia, severn\u011b od Gazy.<\/span><\/p>\n<p><span>V uprchlick\u00e9m t\u00e1bo\u0159e Al-Shati, z\u00e1padn\u011b od m\u011bsta Gaza, izraelsk\u00e9 n\u00e1mo\u0159nictvo bombardovalo okol\u00ed t\u00e1bora a zranilo des\u00edtky Palestinc\u016f v oblastech Al-Waha a S\u00fadaniya, uvedl\u00a0<\/span><a href=\"https:\/\/www.wafa.ps\/Pages\/Details\/87851\"><span>Wafa<\/span><\/a><span>\u00a0.\u00a0<\/span><\/p>\n<p><span>Jen v centru Gazy bylo p\u0159i izraelsk\u00e9m bombardov\u00e1n\u00ed zabito nejm\u00e9n\u011b 58 Palestinc\u016f, dodal korespondent\u00a0<\/span><a href=\"https:\/\/www.wafa.ps\/Pages\/Details\/87851\"><span>Wafa<\/span><\/a><span>\u00a0.<\/span><\/p>\n<p><span>Ministerstvo zdravotnictv\u00ed Gazy ve st\u0159edu uvedlo, \u017ee p\u0159i izraelsk\u00e9m bombardov\u00e1n\u00ed bylo zabito nejm\u00e9n\u011b 23 357 Palestinc\u016f a 59 410 bylo zran\u011bno, p\u0159i\u010dem\u017e tis\u00edce z\u016fst\u00e1vaj\u00ed nezv\u011bstn\u00e9 pod troskami.<\/span><\/p>\n<p><span>Za posledn\u00edch 24 hodin sp\u00e1chal Izrael v Gaze 14 masakr\u016f, p\u0159i nich\u017e zahynulo nejm\u00e9n\u011b 147 Palestinc\u016f a 243 dal\u0161\u00edch bylo zran\u011bno, dodalo ministerstvo.\u00a0<\/span><\/p>\n<h2 class=\"wp-block-heading\"><strong><span>Izrael ni\u010d\u00ed stovky historick\u00fdch a kulturn\u00edch pam\u00e1tek v Gaze<\/span><\/strong><\/h2>\n<p><span>Izraelsk\u00e1 agrese v Gaze zni\u010dila a po\u0161kodila v\u00edce ne\u017e dv\u011b st\u011b kulturn\u00edch pam\u00e1tek a pam\u00e1tek a p\u0159ipravila o \u017eivot des\u00edtky palestinsk\u00fdch spisovatel\u016f, intelektu\u00e1l\u016f, akademik\u016f a um\u011blc\u016f.<\/span><\/p>\n<p><span>Byl mezi nimi i akademik a b\u00e1sn\u00edk Refaat Al-Areer, kter\u00fd do\u00a0<\/span><a href=\"https:\/\/mondoweiss.net\/author\/refaat-alareer\/\"><em><span>Mondoweiss<\/span><\/em><\/a><span>\u00a0v minulosti p\u0159isp\u00edval.\u00a0<\/span><a href=\"https:\/\/www.wafa.ps\/Pages\/Details\/87824\"><span>Podle zpr\u00e1vy ministerstva kultury<\/span><\/a><span>\u00a0palestinsk\u00e9 samospr\u00e1vy (PA) Izrael v Gaze tak\u00e9 zabil nejm\u00e9n\u011b 41 palestinsk\u00fdch um\u011blc\u016f a pracovn\u00edk\u016f v kreativn\u00ed oblasti\u00a0.<\/span><\/p>\n<p><span>Ministerstvo uvedlo, \u017ee \u010dty\u0159i ze zabit\u00fdch um\u011blc\u016f byli mlad\u0161\u00ed 18 let. Izrael zcela nebo \u010d\u00e1ste\u010dn\u011b zni\u010dil 24 kulturn\u00edch center a 195 historick\u00fdch pam\u00e1tek, v\u010detn\u011b 10 me\u0161it a kostel\u016f.\u00a0<\/span><\/p>\n<p><span>Izraelsk\u00e9 s\u00edly tak\u00e9 po\u0161kodily osm vydavatelstv\u00ed a tisk\u00e1ren a t\u0159i um\u011bleck\u00e1 a medi\u00e1ln\u00ed produk\u010dn\u00ed studia.<\/span><\/p>\n<p><span>Atef Abu Seif, ministr kultury Palestinsk\u00e9 spr\u00e1vy, \u0159ekl, \u017ee Izrael se zam\u011b\u0159uje na muzea, divadla, ve\u0159ejn\u00e9 knihovny, univerzity, \u0161koly, um\u011bleck\u00e9 n\u00e1st\u011bnn\u00e9 malby a sb\u00edrky knih.<\/span><\/p>\n<p><span>\u201e[Toto je] uboh\u00fd pokus vymazat n\u00e1rodn\u00ed identitu, vymazat kolektivn\u00ed pam\u011b\u0165 na\u0161ich lid\u00ed a zni\u010dit v\u0161echny d\u016fkazy o jejich existenci a spojen\u00ed se zem\u00ed,\u201c \u0159ekl Abu Seif, romanopisec z Gazy.<\/span><\/p>\n<p><span>\u201ePalestinsk\u00e1 kultura je genetick\u00fdm genem na\u0161\u00ed n\u00e1rodn\u00ed identity a je podstatou a z\u00e1kladem na\u0161eho historick\u00e9ho vypr\u00e1v\u011bn\u00ed,\u201c dodal.<\/span><\/p>\n<h2 class=\"wp-block-heading\"><strong><span>Bojovn\u00edci Hamasu p\u0159epadaj\u00ed izraelskou p\u011bchotu, zat\u00edmco USA sest\u0159eluj\u00ed jemensk\u00e9 bojov\u00e9 drony<\/span><\/strong><\/h2>\n<p><span>Brig\u00e1dy Hamasu Izz al-Din al-Qassam v \u00fater\u00fd\u00a0<\/span><a href=\"https:\/\/www.youtube.com\/watch?v=H2C7jYZvI5k\"><span>zve\u0159ejnily video<\/span><\/a><span>\u00a0zachycuj\u00edc\u00ed p\u0159epaden\u00ed izraelsk\u00e9 p\u011bchotn\u00ed jednotky ve \u010dtvrti Al-Zaytoun jihov\u00fdchodn\u011b od m\u011bsta Gaza.\u00a0Bojovn\u00edci Hamasu tak\u00e9 vyp\u00e1lili protitankov\u00fd gran\u00e1t na izraelsk\u00e9 vojensk\u00e9 vozidlo, kter\u00e9 p\u0159ijelo jednotku zachr\u00e1nit.<\/span><\/p>\n<figure class=\"wp-block-embed is-type-video is-provider-youtube wp-block-embed-youtube wp-embed-aspect-16-9 wp-has-aspect-ratio\">\n<div class=\"wp-block-embed__wrapper\">\n<div class=\"fluid-width-video-wrapper\"><iframe id=\"fitvid235931\" class=\"entered lazyloaded\" title=\"\u0627\u0644\u0642\u0633\u0627\u0645 \u062a\u0646\u0634\u0631.. \u0643\u0645\u064a\u0646 \u0644\u0642\u0648\u0629 \u0625\u0633\u0631\u0627\u0626\u064a\u0644\u064a\u0629 \u0631\u0627\u062c\u0644\u0629 \u0628\u062d\u064a \u0627\u0644\u0632\u064a\u062a\u0648\u0646\" src=\"https:\/\/www.youtube.com\/embed\/H2C7jYZvI5k?feature=oembed\" frameborder=\"0\" allowfullscreen=\"allowfullscreen\" data-rocket-lazyload=\"fitvidscompatible\" data-lazy-src=\"https:\/\/www.youtube.com\/embed\/H2C7jYZvI5k?feature=oembed\" data-ll-status=\"loaded\" data-mce-fragment=\"1\"><\/iframe><\/div>\n<\/div>\n<\/figure>\n<p><span>Brig\u00e1dy Kass\u00e1m uvedly, \u017ee tak\u00e9 sest\u0159elily izraelsk\u00fd pr\u016fzkumn\u00fd dron Skylark ve v\u00fdchodn\u00ed \u010d\u00e1sti Al-Zaytounu, jedn\u00e9 z prvn\u00edch oblast\u00ed, kter\u00e9 izraelsk\u00e9 s\u00edly napadly koncem \u0159\u00edjna.<\/span><\/p>\n<p><span>Ab\u00fa Hamza, mluv\u010d\u00ed brig\u00e1d Al-Quds Isl\u00e1msk\u00e9ho d\u017eih\u00e1du, v \u00fater\u00fd ve\u010der ve videoposelstv\u00ed uvedl, \u017ee palestinsk\u00fd odpor bude pokra\u010dovat v nezmen\u0161en\u00e9 m\u00ed\u0159e.<\/span><\/p>\n<p><span>&#8222;\u0158\u00edk\u00e1me osadn\u00edk\u016fm, \u017ee sliby [premi\u00e9ra Benjamina] Netanjahua, \u017ee se vr\u00e1t\u00edte do ob\u00e1lky Gazy, jsou p\u0159eludem,&#8220; \u0159ekl Abu Hamza.<\/span><\/p>\n<p><span>Izraelsk\u00fd vojensk\u00fd mluv\u010d\u00ed uvedl, \u017ee v boj\u00edch v Gaze za posledn\u00edch 24 hodin zahynul jeden izraelsk\u00fd voj\u00e1k a od 7. \u0159\u00edjna bylo zabito celkem\u00a0<\/span><a href=\"https:\/\/www.idf.il\/%D7%A0%D7%95%D7%A4%D7%9C%D7%99%D7%9D\/%D7%97%D7%9C%D7%9C%D7%99-%D7%94%D7%9E%D7%9C%D7%97%D7%9E%D7%94\/\"><span>520 voj\u00e1k\u016f<\/span><\/a><span>\u00a0.<\/span><\/p>\n<p><span>Sa\u00fadskou Ar\u00e1bi\u00ed financovan\u00fd list\u00a0<\/span><a href=\"https:\/\/aawsat.com\/%D8%A7%D9%84%D8%B9%D8%A7%D9%84%D9%85-%D8%A7%D9%84%D8%B9%D8%B1%D8%A8%D9%8A\/%D8%A7%D9%84%D9%85%D8%B4%D8%B1%D9%82-%D8%A7%D9%84%D8%B9%D8%B1%D8%A8%D9%8A\/4779666-%C2%AB%D8%A7%D9%84%D8%B7%D9%88%D9%81%D8%A7%D9%86%C2%BB-%D8%A8%D8%AF%D8%A3-%D8%A8%D9%8070-%D9%85%D9%86-%C2%AB%D9%86%D8%AE%D8%A8%D8%A9-%D8%A7%D9%84%D9%86%D8%AE%D8%A8%D8%A9%C2%BB-%D9%885-%D9%85%D8%B3%D8%A4%D9%88%D9%84%D9%8A%D9%86-%D8%AE%D8%B7%D8%B7%D9%88%D8%A7-%D9%84%D9%87\"><span>Asharq Al-Awsat<\/span><\/a><span>\u00a0ve zpr\u00e1v\u011b s odkazem na zdroje z palestinsk\u00e9ho odporu uvedl, \u017ee po\u010d\u00e1te\u010dn\u00ed \u00fatok p\u0159es plot na izraelsk\u00e9 vojensk\u00e9 z\u00e1kladny a osady 7. \u0159\u00edjna provedlo 70 elitn\u00edch bojovn\u00edk\u016f Ham\u00e1su.<\/span><\/p>\n<p><span>Bojovn\u00edci Ham\u00e1su byli \u00fadajn\u011b \u0161okov\u00e1ni lehkost\u00ed, s jakou p\u0159ekro\u010dili siln\u011b opevn\u011bn\u00fd a n\u00e1kladn\u011b vybudovan\u00fd izraelsk\u00fd plot kolem Gazy, na\u010de\u017e se veden\u00ed Ham\u00e1su \u00fadajn\u011b pozd\u011bji v sobotu rozhodlo vytla\u010dit dal\u0161\u00ed bojovn\u00edky do osad jako z\u00e1lo\u017en\u00ed s\u00edly a zajistit p\u0159esun izraelsk\u00fdch zajatci v Gaze.\u00a0<\/span><\/p>\n<p><span>70 bojovn\u00edk\u016f Ham\u00e1su cvi\u010dilo na operaci povodn\u011b Al-Aks\u00e1 od roku 2014. P\u0159edstavitel\u00e9 Ham\u00e1su byli varov\u00e1ni p\u0159ed dramatickou operac\u00ed, kter\u00e1 se m\u011bla uskute\u010dnit za\u010d\u00e1tkem \u0159\u00edjna, ale bez podrobnost\u00ed.<\/span><\/p>\n<p><span>V ji\u017en\u00edm Libanonu Hizball\u00e1h pop\u0159el, \u017ee by byl velitel leteck\u00e9 jednotky hnut\u00ed zabit Izraelem po \u00fatern\u00edm \u00fatoku na izraelskou severn\u00ed vojenskou velitelskou z\u00e1kladnu.<\/span><\/p>\n<p><span>Ali Hussien Al-Burji byl v \u00fater\u00fd zabit p\u0159i n\u00e1letu na sv\u00e9 auto a mluv\u010d\u00ed izraelsk\u00e9 arm\u00e1dy \u0159ekl, \u017ee m\u011bl na starosti bezpilotn\u00ed letouny Hizball\u00e1hu.<\/span><\/p>\n<p><span>Britsk\u00e9 a americk\u00e9 n\u00e1mo\u0159n\u00ed s\u00edly ve st\u0159edu uvedly, \u017ee zni\u010dily celkem 21 bojov\u00fdch dron\u016f a raket vypu\u0161t\u011bn\u00fdch jemensk\u00fdmi vojensk\u00fdmi silami veden\u00fdmi skupinou Ansar Allah (b\u011b\u017en\u011b zn\u00e1m\u00e1 jako \u201eH\u00fas\u00edov\u00e9\u201c).<\/span><\/p>\n<p><span>Americk\u00e9 n\u00e1mo\u0159nictvo ozn\u00e1milo, \u017ee sest\u0159elilo 18 dron\u016f a t\u0159i rakety nad Rud\u00fdm mo\u0159em, co\u017e byl\u00a0<\/span><a href=\"https:\/\/www.bbc.co.uk\/news\/world-middle-east-67932725\"><span>26. \u00fatok<\/span><\/a><span>\u00a0zah\u00e1jen\u00fd Ansar All\u00e1hem v regionu ve snaze zastavit lod\u011b v plavb\u011b do izraelsk\u00fdch p\u0159\u00edstav\u016f.<\/span><\/p>\n<h2 class=\"wp-block-heading\"><strong><span>Blinken nav\u0161t\u00edv\u00ed Ramall\u00e1h, zat\u00edmco izraelsk\u00e9 s\u00edly \u00fato\u010d\u00ed na m\u011bsta na Z\u00e1padn\u00edm b\u0159ehu Jord\u00e1nu<\/span><\/strong><\/h2>\n<p><span>Americk\u00fd ministr zahrani\u010d\u00ed Anthony Blinken nav\u0161t\u00edvil ve st\u0159edu Ramall\u00e1h, aby se setkal s prezidentem palestinsk\u00e9 samospr\u00e1vy (PA) Mahm\u00fadem Abb\u00e1sem, a \u0159ekl, \u017ee USA podporuj\u00ed \u201ekonkr\u00e9tn\u00ed opat\u0159en\u00ed\u201c k realizaci palestinsk\u00e9ho st\u00e1tu.<\/span><\/p>\n<p><span>Palestinsk\u00e1 spr\u00e1va nebyla schopna zastavit \u00fatoky osadn\u00edk\u016f nebo n\u00e1jezdy izraelsk\u00fdch sil na palestinsk\u00e1 m\u011bsta na okupovan\u00e9m Z\u00e1padn\u00edm b\u0159ehu Jord\u00e1nu.\u00a0<\/span><\/p>\n<p><a href=\"https:\/\/www.reuters.com\/world\/middle-east\/blinken-meets-palestinian-leader-abbas-occupied-west-bank-2024-01-10\/\"><span>Blinken<\/span><\/a><span>\u00a0\u0159ekl, \u017ee \u201ebeztrestn\u00e9 n\u00e1sil\u00ed extremistick\u00fdch osadn\u00edk\u016f, roz\u0161i\u0159ov\u00e1n\u00ed osad, demolice, vyst\u011bhov\u00e1n\u00ed, to v\u0161e zt\u011b\u017euje, nikoli usnad\u0148uje Izraeli dosa\u017een\u00ed trval\u00e9ho m\u00edru a bezpe\u010dnosti\u201c.<\/span><\/p>\n<p><span>Ham\u00e1s Blinkenovu n\u00e1v\u0161t\u011bvu odm\u00edtl.\u00a0<\/span><\/p>\n<p><span>\u201eC\u00edlem n\u00e1v\u0161t\u011bvy je podpo\u0159it bezpe\u010dnost okupace.\u00a0Mezi Izraelem a Ameri\u010dany nejsou \u017e\u00e1dn\u00e9 rozd\u00edly,\u201c \u0159ekl p\u0159edstavitel Hamasu Sami Abu Zuhri.<\/span><\/p>\n<p><span>P\u0159es noc izraelsk\u00e9 s\u00edly zatkly des\u00edtky Palestinc\u016f z Jeninu, Betl\u00e9ma, Ramall\u00e1hu, Tulkaremu a Hebronu.<\/span><\/p>\n<p><span>V\u00fdchodn\u011b od Betl\u00e9ma izraelsk\u00e9 s\u00edly za\u00fato\u010dily na zdravotn\u00ed kliniku ve vesnici al-Rashaida, kde vandalsky zni\u010dily a zni\u010dily jej\u00ed l\u00e9ka\u0159sk\u00e9 vybaven\u00ed.<\/span><\/p>\n<p><span>Klinika slou\u017e\u00ed 4500 Palestinc\u016fm v oblasti, v\u010detn\u011b palestinsk\u00fdch komunit Arab Al-Rawa&#8217;i a Arab Al-Walida, uvedl\u00a0<\/span><a href=\"https:\/\/www.wafa.ps\/Pages\/Details\/87848\"><span>Wafa<\/span><\/a><span>\u00a0.<\/span><\/p>\n<p><span>Izrael\u0161t\u00ed extremisti\u010dt\u00ed osadn\u00edci z ileg\u00e1ln\u00ed z\u00e1kladny Ma&#8217;ale Amos za\u00fato\u010dili od \u0159\u00edjna n\u011bkolikr\u00e1t na palestinsk\u00fd dobytek a \u00farodu a zablokovali past\u00fd\u0159\u016fm v pou\u017e\u00edv\u00e1n\u00ed \u00fazem\u00ed v\u00fdchodn\u011b od Betl\u00e9ma.<\/span><\/p>\n<p><span>Izraelsk\u00e9 s\u00edly tak\u00e9 p\u0159es noc za\u00fato\u010dily na m\u011bsto Jenin a uprchlick\u00fd t\u00e1bor Jenin a srazily silnice buldozery.\u00a0Izraelsk\u00fd n\u00e1let trval podle\u00a0<\/span><a href=\"https:\/\/www.wafa.ps\/Pages\/Details\/87850\"><span>Wafa<\/span><\/a><span>\u00a011 hodin a n\u011bkolik Palestinc\u016f bylo zat\u010deno.\u00a0<\/span><\/p>\n<p><span>Komise pro z\u00e1le\u017eitosti zadr\u017eovan\u00fdch a Klub palestinsk\u00fdch v\u011bz\u0148\u016f uvedly, \u017ee izraelsk\u00e9 s\u00edly zatkla za posledn\u00edch 24 hodin 26 Palestinc\u016f.<\/span><\/p>\n<p><span>Ke konci prosince bylo v izraelsk\u00fdch v\u011bznic\u00edch 8800 palestinsk\u00fdch v\u011bz\u0148\u016f, z toho 80 \u017een.<\/p>\n<p><span style=\"font-size: 10pt;\"><em><strong>\u00davodn\u00ed fotografie:<\/strong> BOJ PROTI KASS\u00c1MU VYPUSTIL PROTITANKOV\u00dd GRAN\u00c1T RPG VYROBEN\u00dd HAMASEM PROTI IZRAELSK\u00c9MU TANKU MERKAVA V SEVERN\u00cd GAZE, LEDEN 2024. (FOTO: SCREENSHOT Z KAN\u00c1LU AL-ARABY TV YOUTUBE)<\/em><\/span><\/span><\/p>\n<p><span class=\"post-author\"><span class=\"by\"><span>OD\u00a0<\/span><\/span><a class=\"author url fn\" title=\"P\u0159\u00edsp\u011bvky od Mustafy Abu Sneineha\" href=\"https:\/\/mondoweiss.net\/author\/mustafa-abu-sneineh\/\" rel=\"author\"><span>MUSTAFY ABU SNEINEHA<\/span><\/a><\/span><\/p>\n","protected":false},"excerpt":{"rendered":"<p>10. ledna 2024 Ham\u00e1s odm\u00edt\u00e1 Blinkenovu n\u00e1v\u0161t\u011bvu Ramall\u00e1hu s t\u00edm, \u017ee neexistuj\u00ed \u201e\u017e\u00e1dn\u00e9 rozd\u00edly mezi&#8230;<\/p>\n","protected":false},"author":2,"featured_media":44400,"comment_status":"closed","ping_status":"closed","sticky":false,"template":"","format":"standard","meta":[],"categories":[7],"tags":[348,107,6518,40],"_links":{"self":[{"href":"https:\/\/www.infokuryr.cz\/n\/wp-json\/wp\/v2\/posts\/44399"}],"collection":[{"href":"https:\/\/www.infokuryr.cz\/n\/wp-json\/wp\/v2\/posts"}],"about":[{"href":"https:\/\/www.infokuryr.cz\/n\/wp-json\/wp\/v2\/types\/post"}],"author":[{"embeddable":true,"href":"https:\/\/www.infokuryr.cz\/n\/wp-json\/wp\/v2\/users\/2"}],"replies":[{"embeddable":true,"href":"https:\/\/www.infokuryr.cz\/n\/wp-json\/wp\/v2\/comments?post=44399"}],"version-history":[{"count":1,"href":"https:\/\/www.infokuryr.cz\/n\/wp-json\/wp\/v2\/posts\/44399\/revisions"}],"predecessor-version":[{"id":44401,"href":"https:\/\/www.infokuryr.cz\/n\/wp-json\/wp\/v2\/posts\/44399\/revisions\/44401"}],"wp:featuredmedia":[{"embeddable":true,"href":"https:\/\/www.infokuryr.cz\/n\/wp-json\/wp\/v2\/media\/44400"}],"wp:attachment":[{"href":"https:\/\/www.infokuryr.cz\/n\/wp-json\/wp\/v2\/media?parent=44399"}],"wp:term":[{"taxonomy":"category","embeddable":true,"href":"https:\/\/www.infokuryr.cz\/n\/wp-json\/wp\/v2\/categories?post=44399"},{"taxonomy":"post_tag","embeddable":true,"href":"https:\/\/www.infokuryr.cz\/n\/wp-json\/wp\/v2\/tags?post=44399"}],"curies":[{"name":"wp","href":"https:\/\/api.w.org\/{rel}","templated":true}]}}