{"id":44396,"date":"2024-01-11T00:40:56","date_gmt":"2024-01-10T23:40:56","guid":{"rendered":"http:\/\/www.infokuryr.cz\/n\/?p=44396"},"modified":"2024-01-10T16:59:13","modified_gmt":"2024-01-10T15:59:13","slug":"naprosta-vetsina-nemcu-podporuje-protesty-farmaru-navzdory-nalepkovani-ze-strany-medii-a-levice","status":"publish","type":"post","link":"https:\/\/www.infokuryr.cz\/n\/2024\/01\/11\/naprosta-vetsina-nemcu-podporuje-protesty-farmaru-navzdory-nalepkovani-ze-strany-medii-a-levice\/","title":{"rendered":"Naprost\u00e1 v\u011bt\u0161ina N\u011bmc\u016f podporuje protesty farm\u00e1\u0159\u016f navzdory n\u00e1lepkov\u00e1n\u00ed ze strany m\u00e9di\u00ed a levice"},"content":{"rendered":"<div id=\"fb-root\"><\/div>\n<p><span style=\"font-size: 18pt;\"><strong>Levicov\u00e1 m\u00e9dia a politici se sna\u017eili d\u00e1t protesty na rove\u0148 krajn\u00ed pravice, ale pr\u016fzkumy ukazuj\u00ed, \u017ee drtiv\u00e1 v\u011bt\u0161ina N\u011bmc\u016f podporuje farm\u00e1\u0159e<\/strong><\/span><\/p>\n<p>Naprost\u00e1 v\u011bt\u0161ina N\u011bmc\u016f podporuje protesty farm\u00e1\u0159\u016f navzdory tvrzen\u00edm m\u00e9di\u00ed, \u017ee se jedn\u00e1 o \u201ekrajn\u00ed pravici\u201c a t\u00edm demonstrace kooptovala, co\u017e je taktika, kterou m\u00e9dia tak\u00e9 pou\u017e\u00edvala k diskreditaci demonstrac\u00ed proti Covid-19 v N\u011bmecku.<\/p>\n<p>Nov\u00fd pr\u016fzkum agentury INSA ukazuje, \u017ee 69 procent N\u011bmc\u016f podporuje sou\u010dasn\u00e9 protesty farm\u00e1\u0159\u016f, zat\u00edmco pouze 22 procent je odm\u00edt\u00e1.\u00a0Navzdory tomu, \u017ee jeden z p\u011bti respondent\u016f pr\u016fzkumu uvedl, \u017ee se jich p\u0159\u00edmo dotkly protesty, kter\u00e9 p\u0159edstavovaly traktory blokuj\u00edc\u00ed silnice a d\u00e1lnice, v\u011bt\u0161ina st\u00e1le souhlasila.<\/p>\n<p>Podpora je nejvy\u0161\u0161\u00ed mezi respondenty, kte\u0159\u00ed uvedli, \u017ee by volili stranu Alternativa pro N\u011bmecko (AfD), p\u0159i\u010dem\u017e 88 procent p\u0159\u00edznivc\u016f strany vyj\u00e1d\u0159ilo sympatie k protestu farm\u00e1\u0159\u016f.<\/p>\n<figure class=\"wp-block-embed is-type-rich is-provider-twitter wp-block-embed-twitter\">\n<div class=\"wp-block-embed__wrapper\">\n<div class=\"twitter-tweet twitter-tweet-rendered\"><iframe id=\"twitter-widget-0\" class=\"\" title=\"X Post\" src=\"https:\/\/platform.twitter.com\/embed\/Tweet.html?dnt=true&amp;embedId=twitter-widget-0&amp;features=eyJ0ZndfdGltZWxpbmVfbGlzdCI6eyJidWNrZXQiOltdLCJ2ZXJzaW9uIjpudWxsfSwidGZ3X2ZvbGxvd2VyX2NvdW50X3N1bnNldCI6eyJidWNrZXQiOnRydWUsInZlcnNpb24iOm51bGx9LCJ0ZndfdHdlZXRfZWRpdF9iYWNrZW5kIjp7ImJ1Y2tldCI6Im9uIiwidmVyc2lvbiI6bnVsbH0sInRmd19yZWZzcmNfc2Vzc2lvbiI6eyJidWNrZXQiOiJvbiIsInZlcnNpb24iOm51bGx9LCJ0ZndfZm9zbnJfc29mdF9pbnRlcnZlbnRpb25zX2VuYWJsZWQiOnsiYnVja2V0Ijoib24iLCJ2ZXJzaW9uIjpudWxsfSwidGZ3X21peGVkX21lZGlhXzE1ODk3Ijp7ImJ1Y2tldCI6InRyZWF0bWVudCIsInZlcnNpb24iOm51bGx9LCJ0ZndfZXhwZXJpbWVudHNfY29va2llX2V4cGlyYXRpb24iOnsiYnVja2V0IjoxMjA5NjAwLCJ2ZXJzaW9uIjpudWxsfSwidGZ3X3Nob3dfYmlyZHdhdGNoX3Bpdm90c19lbmFibGVkIjp7ImJ1Y2tldCI6Im9uIiwidmVyc2lvbiI6bnVsbH0sInRmd19kdXBsaWNhdGVfc2NyaWJlc190b19zZXR0aW5ncyI6eyJidWNrZXQiOiJvbiIsInZlcnNpb24iOm51bGx9LCJ0ZndfdXNlX3Byb2ZpbGVfaW1hZ2Vfc2hhcGVfZW5hYmxlZCI6eyJidWNrZXQiOiJvbiIsInZlcnNpb24iOm51bGx9LCJ0ZndfdmlkZW9faGxzX2R5bmFtaWNfbWFuaWZlc3RzXzE1MDgyIjp7ImJ1Y2tldCI6InRydWVfYml0cmF0ZSIsInZlcnNpb24iOm51bGx9LCJ0ZndfbGVnYWN5X3RpbWVsaW5lX3N1bnNldCI6eyJidWNrZXQiOnRydWUsInZlcnNpb24iOm51bGx9LCJ0ZndfdHdlZXRfZWRpdF9mcm9udGVuZCI6eyJidWNrZXQiOiJvbiIsInZlcnNpb24iOm51bGx9fQ%3D%3D&amp;frame=false&amp;hideCard=false&amp;hideThread=false&amp;id=1744860806603255910&amp;lang=cs&amp;origin=https%3A%2F%2Frmx.news%2Fgermany%2Fthe-vast-majority-of-germans-back-farmer-protests-despite-far-right-label-from-media-and-the-left-2%2F&amp;sessionId=13e4724ddf07008456b6928d26b7e609951382dc&amp;theme=light&amp;widgetsVersion=2615f7e52b7e0%3A1702314776716&amp;width=550px\" frameborder=\"0\" scrolling=\"no\" allowfullscreen=\"allowfullscreen\" data-tweet-id=\"1744860806603255910\" data-mce-fragment=\"1\"><\/iframe><\/div>\n<\/div>\n<\/figure>\n<p>Podpora zem\u011bd\u011blc\u016fm je zvl\u00e1\u0161t\u011b jasn\u00e1 s ohledem na klimatick\u00e9 protesty.\u00a0Jen asi 16 procent N\u011bmc\u016f ned\u00e1vno uvedlo, \u017ee sympatizuje s klimatick\u00fdmi radik\u00e1ly \u201eposledn\u00ed generace\u201c, zat\u00edmco 79 procent bylo opa\u010dn\u00e9ho n\u00e1zoru.<\/p>\n<p>V\u00fdsledky p\u0159ich\u00e1zej\u00ed navzdory rozs\u00e1hl\u00e9 medi\u00e1ln\u00ed kampani, kter\u00e1 se sna\u017e\u00ed demonstranty d\u00e9monizovat.\u00a0Nap\u0159\u00edklad st\u00e1tem financovan\u00e9 m\u00e9dium Tagesschau uv\u00e1d\u011blo titulky jako \u201e\u00a0<a class=\"ek-link\" href=\"https:\/\/www.tagesschau.de\/inland\/regional\/badenwuerttemberg\/swr-bauernproteste-galgen-afd-plakat-demo-mit-querdenkern-100.html\">Protesty farm\u00e1\u0159\u016f: \u0160ibenice, plak\u00e1t AfD, demo s postrann\u00edmi mysliteli<\/a>\u00a0\u201c, zat\u00edmco st\u00e1tem financovan\u00e1 Deutsche Welle uv\u00e1d\u011bla titulky jako \u201e\u00a0<a class=\"ek-link\" href=\"https:\/\/www.dw.com\/de\/bauernproteste-umsturzphantasien-von-rechts\/a-67918277\">Protesty farm\u00e1\u0159\u016f \u2013 fantazie o svr\u017een\u00ed<\/a>\u00a0.&#8220;\u00a0A Spiegel p\u0159inesl p\u0159\u00edb\u011bhy jako \u201e\u00a0<a class=\"ek-link\" href=\"https:\/\/www.spiegel.de\/panorama\/bauernproteste-in-deutschland-trecker-mit-rechtsdrall-a-44ebdf2e-4a00-4522-8e75-cd95151dc810\">Traktor s pravoto\u010div\u00fdm z\u00e1krutem.\u00a0<\/a>\u201c<\/p>\n<p>Farm\u00e1\u0159sk\u00fd protestn\u00ed t\u00fdden podn\u00edtil instinkty p\u0159e\u017eit\u00ed levicov\u00fdch politik\u016f a novin\u00e1\u0159\u016f, z nich\u017e se zd\u00e1lo, \u017ee mnoz\u00ed propadli panice kv\u016fli vide\u00edm nekone\u010dn\u00fdch kolon traktor\u016f spojen\u00fdch s kritikou vl\u00e1dnouc\u00ed vl\u00e1dy.\u00a0T\u00e9m\u011b\u0159 unisono tiskli p\u0159\u00edb\u011bhy nebo tvrdili o \u201epravicov\u00e9 infiltraci\u201c.<\/p>\n<p>Durynsk\u00fd premi\u00e9r Bodo Ramelow (Levicov\u00e1 strana), kter\u00e9ho v pond\u011bl\u00ed vyp\u00edskali ve m\u011bst\u011b Erfurt, prohl\u00e1sil, \u017ee protestuj\u00edc\u00ed, kte\u0159\u00ed se ho odv\u00e1\u017eili vyp\u00edskat, jsou \u201e\u0159\u00ed\u0161sk\u00fdmi ob\u010dany\u201c.<\/p>\n<figure class=\"wp-block-embed is-type-rich is-provider-twitter wp-block-embed-twitter\">\n<div class=\"wp-block-embed__wrapper\">\n<div class=\"twitter-tweet twitter-tweet-rendered\"><iframe id=\"twitter-widget-1\" class=\"\" title=\"X Post\" src=\"https:\/\/platform.twitter.com\/embed\/Tweet.html?dnt=true&amp;embedId=twitter-widget-1&amp;features=eyJ0ZndfdGltZWxpbmVfbGlzdCI6eyJidWNrZXQiOltdLCJ2ZXJzaW9uIjpudWxsfSwidGZ3X2ZvbGxvd2VyX2NvdW50X3N1bnNldCI6eyJidWNrZXQiOnRydWUsInZlcnNpb24iOm51bGx9LCJ0ZndfdHdlZXRfZWRpdF9iYWNrZW5kIjp7ImJ1Y2tldCI6Im9uIiwidmVyc2lvbiI6bnVsbH0sInRmd19yZWZzcmNfc2Vzc2lvbiI6eyJidWNrZXQiOiJvbiIsInZlcnNpb24iOm51bGx9LCJ0ZndfZm9zbnJfc29mdF9pbnRlcnZlbnRpb25zX2VuYWJsZWQiOnsiYnVja2V0Ijoib24iLCJ2ZXJzaW9uIjpudWxsfSwidGZ3X21peGVkX21lZGlhXzE1ODk3Ijp7ImJ1Y2tldCI6InRyZWF0bWVudCIsInZlcnNpb24iOm51bGx9LCJ0ZndfZXhwZXJpbWVudHNfY29va2llX2V4cGlyYXRpb24iOnsiYnVja2V0IjoxMjA5NjAwLCJ2ZXJzaW9uIjpudWxsfSwidGZ3X3Nob3dfYmlyZHdhdGNoX3Bpdm90c19lbmFibGVkIjp7ImJ1Y2tldCI6Im9uIiwidmVyc2lvbiI6bnVsbH0sInRmd19kdXBsaWNhdGVfc2NyaWJlc190b19zZXR0aW5ncyI6eyJidWNrZXQiOiJvbiIsInZlcnNpb24iOm51bGx9LCJ0ZndfdXNlX3Byb2ZpbGVfaW1hZ2Vfc2hhcGVfZW5hYmxlZCI6eyJidWNrZXQiOiJvbiIsInZlcnNpb24iOm51bGx9LCJ0ZndfdmlkZW9faGxzX2R5bmFtaWNfbWFuaWZlc3RzXzE1MDgyIjp7ImJ1Y2tldCI6InRydWVfYml0cmF0ZSIsInZlcnNpb24iOm51bGx9LCJ0ZndfbGVnYWN5X3RpbWVsaW5lX3N1bnNldCI6eyJidWNrZXQiOnRydWUsInZlcnNpb24iOm51bGx9LCJ0ZndfdHdlZXRfZWRpdF9mcm9udGVuZCI6eyJidWNrZXQiOiJvbiIsInZlcnNpb24iOm51bGx9fQ%3D%3D&amp;frame=false&amp;hideCard=false&amp;hideThread=false&amp;id=1744288326150947274&amp;lang=cs&amp;origin=https%3A%2F%2Frmx.news%2Fgermany%2Fthe-vast-majority-of-germans-back-farmer-protests-despite-far-right-label-from-media-and-the-left-2%2F&amp;sessionId=13e4724ddf07008456b6928d26b7e609951382dc&amp;theme=light&amp;widgetsVersion=2615f7e52b7e0%3A1702314776716&amp;width=550px\" frameborder=\"0\" scrolling=\"no\" allowfullscreen=\"allowfullscreen\" data-tweet-id=\"1744288326150947274\" data-mce-fragment=\"1\"><\/iframe><\/div>\n<\/div>\n<\/figure>\n<p>V\u011bdeck\u00fd spisovatel Dr. Christian Scharun tak\u00e9 najednou vid\u011bl nacisty v\u0161ude, kam se obr\u00e1til, kdy\u017e se obr\u00e1til na X, kdy\u017e uv\u011b\u0159il, \u017ee farm\u00e1\u0159sk\u00fd prapor na jedn\u00e9 fotce uv\u00e1d\u011bl \u201eF\u00fchrer Gem\u00fcse\u201c, odkaz na \u201eHitlerovu zeleninu\u201c.\u00a0Kdyby se v\u0161ak na cedulku pod\u00edval pozorn\u011bji, bylo na n\u00ed ve skute\u010dnosti naps\u00e1no \u201eF\u00f6hrer Gem\u00fcse\u201c, co\u017e je zelenina z ostrova F\u00f6hr v Severn\u00edm mo\u0159i.<\/p>\n<p>Na N\u011bmeck\u00fdch protestech se ukazuje, \u017ee role mainstreamov\u00fdch m\u00e9di\u00ed ve spole\u010dnosti jednozna\u010dn\u011b upad\u00e1 a prokazuje se, \u017ee slou\u017e\u00ed vl\u00e1dn\u00edm z\u00e1jm\u016f v v prosazov\u00e1n\u00ed \u00fatisku lidsk\u00fdch pr\u00e1v a potla\u010dov\u00e1n\u00ed protivl\u00e1dn\u00edch n\u00e1zor\u016f. To sam\u00e9 je to i v \u010cesk\u00e9 republice.<\/p>\n<p><img decoding=\"async\" loading=\"lazy\" class=\"alignnone size-full wp-image-1185\" src=\"http:\/\/www.infokuryr.cz\/n\/wp-content\/uploads\/2021\/04\/kuryr-podpis.png\" alt=\"\" width=\"84\" height=\"24\" \/><\/p>\n<p>&nbsp;<\/p>\n<p>&nbsp;<\/p>\n","protected":false},"excerpt":{"rendered":"<p>Levicov\u00e1 m\u00e9dia a politici se sna\u017eili d\u00e1t protesty na rove\u0148 krajn\u00ed pravice, ale pr\u016fzkumy ukazuj\u00ed,&#8230;<\/p>\n","protected":false},"author":2,"featured_media":44397,"comment_status":"closed","ping_status":"closed","sticky":false,"template":"","format":"standard","meta":[],"categories":[7],"tags":[940,158,84,1242,95],"_links":{"self":[{"href":"https:\/\/www.infokuryr.cz\/n\/wp-json\/wp\/v2\/posts\/44396"}],"collection":[{"href":"https:\/\/www.infokuryr.cz\/n\/wp-json\/wp\/v2\/posts"}],"about":[{"href":"https:\/\/www.infokuryr.cz\/n\/wp-json\/wp\/v2\/types\/post"}],"author":[{"embeddable":true,"href":"https:\/\/www.infokuryr.cz\/n\/wp-json\/wp\/v2\/users\/2"}],"replies":[{"embeddable":true,"href":"https:\/\/www.infokuryr.cz\/n\/wp-json\/wp\/v2\/comments?post=44396"}],"version-history":[{"count":1,"href":"https:\/\/www.infokuryr.cz\/n\/wp-json\/wp\/v2\/posts\/44396\/revisions"}],"predecessor-version":[{"id":44398,"href":"https:\/\/www.infokuryr.cz\/n\/wp-json\/wp\/v2\/posts\/44396\/revisions\/44398"}],"wp:featuredmedia":[{"embeddable":true,"href":"https:\/\/www.infokuryr.cz\/n\/wp-json\/wp\/v2\/media\/44397"}],"wp:attachment":[{"href":"https:\/\/www.infokuryr.cz\/n\/wp-json\/wp\/v2\/media?parent=44396"}],"wp:term":[{"taxonomy":"category","embeddable":true,"href":"https:\/\/www.infokuryr.cz\/n\/wp-json\/wp\/v2\/categories?post=44396"},{"taxonomy":"post_tag","embeddable":true,"href":"https:\/\/www.infokuryr.cz\/n\/wp-json\/wp\/v2\/tags?post=44396"}],"curies":[{"name":"wp","href":"https:\/\/api.w.org\/{rel}","templated":true}]}}