{"id":44393,"date":"2024-01-11T00:39:50","date_gmt":"2024-01-10T23:39:50","guid":{"rendered":"http:\/\/www.infokuryr.cz\/n\/?p=44393"},"modified":"2024-01-10T16:47:01","modified_gmt":"2024-01-10T15:47:01","slug":"polskem-otrasa-puc-policie-vtrhla-do-prezidentskeho-palace","status":"publish","type":"post","link":"https:\/\/www.infokuryr.cz\/n\/2024\/01\/11\/polskem-otrasa-puc-policie-vtrhla-do-prezidentskeho-palace\/","title":{"rendered":"Polskem ot\u0159\u00e1s\u00e1 \u201epu\u010d\u201c: Policie vtrhla do prezidentsk\u00e9ho pal\u00e1ce"},"content":{"rendered":"<div id=\"fb-root\"><\/div>\n<p><span>Zat\u00edmco b\u00fdval\u00fd premi\u00e9r Mateusz Morawiecki ohl\u00e1sil demonstraci na \u010dtvrtek, v \u00fater\u00fd ve\u010der p\u0159ed budovou var\u0161avsk\u00e9 policie prob\u011bhla spont\u00e1nn\u00ed demonstrace.<\/span><\/p>\n<p><span style=\"font-size: 18pt;\"><strong>Zat\u010den exministr \u201ePiS\u201c<\/strong><\/span><\/p>\n<p><span>B\u00fdval\u00fd ministr vnitra \u201ePiS\u201c Mariusz Kaminski a b\u00fdval\u00fd n\u00e1m\u011bstek ministra vnitra Maciej Wasik, nyn\u00ed \u010dlenov\u00e9 opozi\u010dn\u00ed strany \u201ePr\u00e1vo a spravedlnost\u201c (PiS), ji\u017e byli odsouzeni k trest\u016fm odn\u011bt\u00ed svobody, ale nyn\u00ed jim polsk\u00fd prezident ud\u011blil milost. P\u0159esto byli v \u00fater\u00fd ve\u010der v polsk\u00e9m prezidentsk\u00e9m pal\u00e1ci zat\u010deni.<\/span><\/p>\n<p><span style=\"font-size: 18pt;\"><strong>VIDEO:<\/strong><\/span><\/p>\n<div class=\"twitter-tweet twitter-tweet-rendered\"><iframe id=\"twitter-widget-0\" class=\"\" title=\"X Post\" src=\"https:\/\/platform.twitter.com\/embed\/Tweet.html?dnt=false&amp;embedId=twitter-widget-0&amp;features=eyJ0ZndfdGltZWxpbmVfbGlzdCI6eyJidWNrZXQiOltdLCJ2ZXJzaW9uIjpudWxsfSwidGZ3X2ZvbGxvd2VyX2NvdW50X3N1bnNldCI6eyJidWNrZXQiOnRydWUsInZlcnNpb24iOm51bGx9LCJ0ZndfdHdlZXRfZWRpdF9iYWNrZW5kIjp7ImJ1Y2tldCI6Im9uIiwidmVyc2lvbiI6bnVsbH0sInRmd19yZWZzcmNfc2Vzc2lvbiI6eyJidWNrZXQiOiJvbiIsInZlcnNpb24iOm51bGx9LCJ0ZndfZm9zbnJfc29mdF9pbnRlcnZlbnRpb25zX2VuYWJsZWQiOnsiYnVja2V0Ijoib24iLCJ2ZXJzaW9uIjpudWxsfSwidGZ3X21peGVkX21lZGlhXzE1ODk3Ijp7ImJ1Y2tldCI6InRyZWF0bWVudCIsInZlcnNpb24iOm51bGx9LCJ0ZndfZXhwZXJpbWVudHNfY29va2llX2V4cGlyYXRpb24iOnsiYnVja2V0IjoxMjA5NjAwLCJ2ZXJzaW9uIjpudWxsfSwidGZ3X3Nob3dfYmlyZHdhdGNoX3Bpdm90c19lbmFibGVkIjp7ImJ1Y2tldCI6Im9uIiwidmVyc2lvbiI6bnVsbH0sInRmd19kdXBsaWNhdGVfc2NyaWJlc190b19zZXR0aW5ncyI6eyJidWNrZXQiOiJvbiIsInZlcnNpb24iOm51bGx9LCJ0ZndfdXNlX3Byb2ZpbGVfaW1hZ2Vfc2hhcGVfZW5hYmxlZCI6eyJidWNrZXQiOiJvbiIsInZlcnNpb24iOm51bGx9LCJ0ZndfdmlkZW9faGxzX2R5bmFtaWNfbWFuaWZlc3RzXzE1MDgyIjp7ImJ1Y2tldCI6InRydWVfYml0cmF0ZSIsInZlcnNpb24iOm51bGx9LCJ0ZndfbGVnYWN5X3RpbWVsaW5lX3N1bnNldCI6eyJidWNrZXQiOnRydWUsInZlcnNpb24iOm51bGx9LCJ0ZndfdHdlZXRfZWRpdF9mcm9udGVuZCI6eyJidWNrZXQiOiJvbiIsInZlcnNpb24iOm51bGx9fQ%3D%3D&amp;frame=false&amp;hideCard=false&amp;hideThread=false&amp;id=1744825077051330673&amp;lang=cs&amp;maxWidth=560px&amp;origin=https%3A%2F%2Funser-mitteleuropa.com%2Fputschartiger-staatsstreich-erschuettert-polen-polizei-dringt-im-praesidentenpalast-video%2F&amp;sessionId=af9953874ae469c51985ee2b65f383b85ed0bcbf&amp;siteScreenName=UNSER%20MITTELEUROPA&amp;theme=light&amp;widgetsVersion=2615f7e52b7e0%3A1702314776716&amp;width=550px\" frameborder=\"0\" scrolling=\"no\" allowfullscreen=\"allowfullscreen\" data-tweet-id=\"1744825077051330673\" data-mce-fragment=\"1\"><\/iframe><\/p>\n<\/div>\n<p><span>Oba politici jsou obvin\u011bni z poru\u0161en\u00ed z\u00e1kona ve jm\u00e9nu boje proti korupci.\u00a0H\u00e1\u010dek: Dostali milost bez pravomocn\u00e9ho rozsudku, kter\u00fd padl a\u017e zp\u011btn\u011b v prosinci lo\u0148sk\u00e9ho roku (s dvoulet\u00fdm v\u011bzen\u00edm &#8211; pozn. red.)\u00a0<\/span><em><span>.<\/span><\/em><\/p>\n<p><span style=\"font-size: 18pt;\"><strong>\u201ePrvn\u00ed politick\u00fd v\u011bze\u0148 od vojensk\u00e9 diktatury\u201c<\/strong><\/span><\/p>\n<p><span>A\u010dkoli Nejvy\u0161\u0161\u00ed soud ji\u017e v \u010dervnu na\u0159\u00eddil nov\u00fd proces proti Kaminskimu a Wasikovi, liber\u00e1ln\u00ed Tuskova zm\u011bna ve vl\u00e1d\u011b nyn\u00ed vytvo\u0159ila hotovou v\u011bc.<\/span><\/p>\n<p><span>N\u011bkolik opozi\u010dn\u00edch politik\u016f hovo\u0159ilo o p\u0159evratu.\u00a0Podle b\u00fdval\u00e9ho premi\u00e9ra Mateusze Morawieck\u00e9ho m\u00e1 Polsko\u00a0<\/span><em><span>politick\u00e9 v\u011bzn\u011b \u201epoprv\u00e9\u201c<\/span><\/em><span>\u00a0od roku 1981, kdy gener\u00e1l Wojciech Jaruzelski vyhl\u00e1sil stann\u00e9 pr\u00e1vo.<\/span><\/p>\n<p><iframe class=\"wp-embedded-content\" title=\"\u201eCenzura m\u00e9di\u00ed Liberal Tusk v Polsku: +AKTUALIZACE 09.01.+ Nov\u00e1 polsk\u00e1 ve\u0159ejnopr\u00e1vn\u00ed televize p\u0159ipojen\u00e1 k s\u00edti Soros\u201c \u2014 NA\u0160E ST\u0158EDN\u00cd EVROPA\" src=\"https:\/\/unser-mitteleuropa.com\/liberale-medienzensur-in-polen-tusk-verweigert-medien-finanzierung\/embed\/#?secret=T19wP7GXa3#?secret=TobSpTGUop\" width=\"600\" height=\"658\" frameborder=\"0\" marginwidth=\"0\" marginheight=\"0\" scrolling=\"no\" sandbox=\"allow-scripts\" data-secret=\"TobSpTGUop\" data-mce-fragment=\"1\"><\/iframe><\/p>\n<p><img decoding=\"async\" loading=\"lazy\" class=\"alignnone size-full wp-image-1185\" src=\"http:\/\/www.infokuryr.cz\/n\/wp-content\/uploads\/2021\/04\/kuryr-podpis.png\" alt=\"\" width=\"84\" height=\"24\" \/><\/p>\n<p>&nbsp;<\/p>\n<p>&nbsp;<\/p>\n","protected":false},"excerpt":{"rendered":"<p>Zat\u00edmco b\u00fdval\u00fd premi\u00e9r Mateusz Morawiecki ohl\u00e1sil demonstraci na \u010dtvrtek, v \u00fater\u00fd ve\u010der p\u0159ed budovou var\u0161avsk\u00e9&#8230;<\/p>\n","protected":false},"author":2,"featured_media":44394,"comment_status":"closed","ping_status":"closed","sticky":false,"template":"","format":"standard","meta":[],"categories":[7],"tags":[86,31,921],"_links":{"self":[{"href":"https:\/\/www.infokuryr.cz\/n\/wp-json\/wp\/v2\/posts\/44393"}],"collection":[{"href":"https:\/\/www.infokuryr.cz\/n\/wp-json\/wp\/v2\/posts"}],"about":[{"href":"https:\/\/www.infokuryr.cz\/n\/wp-json\/wp\/v2\/types\/post"}],"author":[{"embeddable":true,"href":"https:\/\/www.infokuryr.cz\/n\/wp-json\/wp\/v2\/users\/2"}],"replies":[{"embeddable":true,"href":"https:\/\/www.infokuryr.cz\/n\/wp-json\/wp\/v2\/comments?post=44393"}],"version-history":[{"count":1,"href":"https:\/\/www.infokuryr.cz\/n\/wp-json\/wp\/v2\/posts\/44393\/revisions"}],"predecessor-version":[{"id":44395,"href":"https:\/\/www.infokuryr.cz\/n\/wp-json\/wp\/v2\/posts\/44393\/revisions\/44395"}],"wp:featuredmedia":[{"embeddable":true,"href":"https:\/\/www.infokuryr.cz\/n\/wp-json\/wp\/v2\/media\/44394"}],"wp:attachment":[{"href":"https:\/\/www.infokuryr.cz\/n\/wp-json\/wp\/v2\/media?parent=44393"}],"wp:term":[{"taxonomy":"category","embeddable":true,"href":"https:\/\/www.infokuryr.cz\/n\/wp-json\/wp\/v2\/categories?post=44393"},{"taxonomy":"post_tag","embeddable":true,"href":"https:\/\/www.infokuryr.cz\/n\/wp-json\/wp\/v2\/tags?post=44393"}],"curies":[{"name":"wp","href":"https:\/\/api.w.org\/{rel}","templated":true}]}}