{"id":44391,"date":"2024-01-11T00:38:47","date_gmt":"2024-01-10T23:38:47","guid":{"rendered":"http:\/\/www.infokuryr.cz\/n\/?p=44391"},"modified":"2024-01-10T16:38:09","modified_gmt":"2024-01-10T15:38:09","slug":"udelejme-to-jako-nemecti-farmari-fairthink-svolava-demonstraci-na-13-ledna-do-vidne","status":"publish","type":"post","link":"https:\/\/www.infokuryr.cz\/n\/2024\/01\/11\/udelejme-to-jako-nemecti-farmari-fairthink-svolava-demonstraci-na-13-ledna-do-vidne\/","title":{"rendered":"&#8222;Ud\u011blejme to jako n\u011bme\u010dt\u00ed farm\u00e1\u0159i!&#8220; \u2013 Fairthink svol\u00e1v\u00e1 demonstraci na 13. ledna do V\u00eddn\u011b"},"content":{"rendered":"<div id=\"fb-root\"><\/div>\n<p><strong>Na podporu boje farm\u00e1\u0159\u016f za svobodu v N\u011bmecku svol\u00e1v\u00e1 Fairdenken Austria na 13. ledna velkou demonstraci do V\u00eddn\u011b.\u00a0V\u0161ichni lid\u00e9 v Rakousku jsou vyz\u00fdv\u00e1ni, aby v tento den vy\u0161li do ulic za svobodu a sebeur\u010den\u00ed a pokojn\u011b, ale hlasit\u011b a rozhodn\u011b protestovali proti tyranii sou\u010dasn\u00e9 politiky.<\/strong><\/p>\n<p><em>N\u00ed\u017ee si m\u016f\u017eete p\u0159e\u010d\u00edst tiskovou zpr\u00e1vu\u00a0<a href=\"https:\/\/t.me\/Fairdenkenoriginal\" target=\"_blank\" rel=\"noreferrer noopener\">Fairdenken Austria<\/a> :<\/em><\/p>\n<h3 class=\"wp-block-heading\">F\u00c9ROV\u00c9 MY\u0160LEN\u00cd ZA SVOBODU<\/h3>\n<p><em>13. ledna 2023<\/em><br \/>\n<em>na Heldenplatz ve V\u00eddni<br \/>\nZa\u010d\u00e1tek: 13:00<\/em><\/p>\n<p>FAIRDENKEN, organizace pro v\u0161echny lidi, kter\u00fdm z\u00e1le\u017e\u00ed na svobod\u011b a z\u00e1kladn\u00edch pr\u00e1vech, je zp\u011bt!\u00a0Hannes Brechja a jeho t\u00fdm vyz\u00fdvaj\u00ed v\u0161echny lidi bez ohledu na politick\u00e9 n\u00e1zory, sexu\u00e1ln\u00ed orientaci, p\u016fvod a barvu pleti, aby se postavili tyranii politick\u00fdch bigwig\u016f a finan\u010dn\u00edch korporac\u00ed a uk\u00e1zali svou tv\u00e1\u0159 na ulic\u00edch za svobodu a z\u00e1kladn\u00ed pr\u00e1va.<\/p>\n<p><strong>Napodobujme n\u011bmeck\u00e9 farm\u00e1\u0159e a bojujme za sebeur\u010den\u00fd \u017eivot.\u00a0<\/strong>Tato akce m\u00e1 kone\u010dn\u011b probudit lidi, aby se postavili proti t\u00e9to \u0161\u00edlen\u00e9 a zkorumpovan\u00e9 politice, kterou prov\u00e1d\u00ed kasta lid\u00ed,<\/p>\n<p>Bohu\u017eel i rakousk\u00e1 vl\u00e1da je prostoupena parazity z WEF a dal\u0161\u00edch pochybn\u00fdch komunit a proto je\u00a0<strong>d\u016fle\u017eit\u00e9 proti n\u00ed vystoupit pokojn\u011b, ale hlasit\u011b a rozhodn\u011b!<\/strong><\/p>\n<p><strong>FAIRDENKEN \u017e\u00e1d\u00e1 v\u0161echny organiz\u00e1tory dema, aby se p\u0159ipojili k tomuto protestu, kter\u00fd m\u00e1 podpo\u0159it boj farm\u00e1\u0159\u016f za svobodu v N\u011bmecku.\u00a0<\/strong>Douf\u00e1me, \u017ee na protest FAIRDENKEN 13. ledna 2024 ve 13:00 na Heldenplatz ve V\u00eddni p\u0159ijde mnoho protestuj\u00edc\u00edch lid\u00ed. Jde o v\u0161echno, jde o na\u0161i svobodu!<\/p>\n<p><img decoding=\"async\" loading=\"lazy\" class=\"alignnone size-full wp-image-1185\" src=\"http:\/\/www.infokuryr.cz\/n\/wp-content\/uploads\/2021\/04\/kuryr-podpis.png\" alt=\"\" width=\"84\" height=\"24\" \/><\/p>\n<p>&nbsp;<\/p>\n","protected":false},"excerpt":{"rendered":"<p>Na podporu boje farm\u00e1\u0159\u016f za svobodu v N\u011bmecku svol\u00e1v\u00e1 Fairdenken Austria na 13. ledna velkou&#8230;<\/p>\n","protected":false},"author":2,"featured_media":1992,"comment_status":"closed","ping_status":"closed","sticky":false,"template":"","format":"standard","meta":[],"categories":[7],"tags":[2739,1242,120],"_links":{"self":[{"href":"https:\/\/www.infokuryr.cz\/n\/wp-json\/wp\/v2\/posts\/44391"}],"collection":[{"href":"https:\/\/www.infokuryr.cz\/n\/wp-json\/wp\/v2\/posts"}],"about":[{"href":"https:\/\/www.infokuryr.cz\/n\/wp-json\/wp\/v2\/types\/post"}],"author":[{"embeddable":true,"href":"https:\/\/www.infokuryr.cz\/n\/wp-json\/wp\/v2\/users\/2"}],"replies":[{"embeddable":true,"href":"https:\/\/www.infokuryr.cz\/n\/wp-json\/wp\/v2\/comments?post=44391"}],"version-history":[{"count":1,"href":"https:\/\/www.infokuryr.cz\/n\/wp-json\/wp\/v2\/posts\/44391\/revisions"}],"predecessor-version":[{"id":44392,"href":"https:\/\/www.infokuryr.cz\/n\/wp-json\/wp\/v2\/posts\/44391\/revisions\/44392"}],"wp:featuredmedia":[{"embeddable":true,"href":"https:\/\/www.infokuryr.cz\/n\/wp-json\/wp\/v2\/media\/1992"}],"wp:attachment":[{"href":"https:\/\/www.infokuryr.cz\/n\/wp-json\/wp\/v2\/media?parent=44391"}],"wp:term":[{"taxonomy":"category","embeddable":true,"href":"https:\/\/www.infokuryr.cz\/n\/wp-json\/wp\/v2\/categories?post=44391"},{"taxonomy":"post_tag","embeddable":true,"href":"https:\/\/www.infokuryr.cz\/n\/wp-json\/wp\/v2\/tags?post=44391"}],"curies":[{"name":"wp","href":"https:\/\/api.w.org\/{rel}","templated":true}]}}