{"id":44342,"date":"2024-01-10T00:37:14","date_gmt":"2024-01-09T23:37:14","guid":{"rendered":"http:\/\/www.infokuryr.cz\/n\/?p=44342"},"modified":"2024-01-09T18:19:07","modified_gmt":"2024-01-09T17:19:07","slug":"petr-hannig-soudy-proti-demokracii","status":"publish","type":"post","link":"https:\/\/www.infokuryr.cz\/n\/2024\/01\/10\/petr-hannig-soudy-proti-demokracii\/","title":{"rendered":"Petr Hannig: Soudy proti demokracii?"},"content":{"rendered":"<div id=\"fb-root\"><\/div>\n<p><strong>T\u00e9m\u011b\u0159 ka\u017ed\u00fd den se k\u00a0na\u0161im u\u0161\u00edm \u010di o\u010d\u00edm dost\u00e1vaj\u00ed zpr\u00e1vy o prapodivn\u00fdch rozsudc\u00edch nejenom na\u0161ich soud\u016f.<\/strong><\/p>\n<p>Tak nap\u0159\u00edklad soud v Klatovech podm\u00edn\u011bn\u011b zastavil trestn\u00ed st\u00edh\u00e1n\u00ed dv\u011bma Ukrajinc\u016fm, kte\u0159\u00ed bezd\u016fvodn\u011b do bezv\u011bdom\u00ed zkopali jednoho \u010dlov\u011bka jenom proto, \u017ee je upozornil na to, \u017ee tax\u00edk, ze kter\u00e9ho vystoupil a \u0161el k automatu vybrat pen\u00edze, aby m\u011bl na zaplacen\u00ed cesty, je u\u017e p\u0159istaven pro n\u011bj.<\/p>\n<p>Ob\u017ealovan\u00ed nejd\u0159\u00edve srazili mu\u017ee na zem a pak jej za\u010dali b\u00edt p\u011bstmi a kopat do hlavy, \u010d\u00edm\u017e mu zp\u016fsobili z\u00e1va\u017en\u00e9 poran\u011bn\u00ed hlavy. Ob\u011b\u0165 t\u011bchto dvou surovc\u016f z\u016fstala v\u00a0bezv\u011bdom\u00ed, nejevila zn\u00e1mky \u017eivota, nereagovala ani na bolestiv\u00e9 podn\u011bty. L\u00e9ka\u0159i, kte\u0159\u00ed ob\u011b\u0165 p\u0159evzali, zjistili, \u017ee m\u00e1 prasklou lebku, krv\u00e1cen\u00ed do hlavy. Pacient m\u011bl oto\u010den\u00e9 o\u010di v\u00a0b\u011blmo. Str\u00e1\u017en\u00edk m\u011bstsk\u00e9 policie je\u0161t\u011b dod\u00e1v\u00e1, \u017ee se sna\u017eili spolu s\u00a0kolegou zajistit \u017eivotn\u00ed funkce do p\u0159\u00edjezdu z\u00e1chranky.<\/p>\n<p>Naprosto nech\u00e1pu, jak mohl samosoudce zastavit podm\u00edn\u011bn\u011b st\u00edh\u00e1n\u00ed t\u011bchto dvou agresivn\u00edch individu\u00ed. Jenom z\u00e1zrakem se nestali vrahy. Zku\u0161ebn\u00ed doba byla stanovena na pouh\u00e9 dva roky, b\u011bhem kter\u00fdch se zav\u00e1zali zaplatit 260\u00a0tis\u00edc od\u0161kodn\u00e9ho a n\u00e1klady na l\u00e9\u010den\u00ed 40\u00a0tis\u00edc.<\/p>\n<p>To od\u0161kodn\u00e9 m\u011bli zaplatiti tak jako tak, ale takov\u00fd brut\u00e1ln\u00ed \u00fatok m\u011bl b\u00fdt hodnocen zcela jinak. To chce samosoudce sv\u00fdm verdiktem vyb\u00edzet dal\u0161\u00ed takov\u00e9 agresivn\u00ed jedince k napaden\u00ed kohokoliv? V\u017edy\u0165 t\u0159eba pro n\u011bjak\u00e9ho mafi\u00e1na je 260 tis\u00edc jenom pakatel.<\/p>\n<p>Jak tento neuv\u011b\u0159iteln\u011b n\u00edzk\u00fd rozsudek p\u016fsob\u00ed v\u00a0kontrastu s\u00a0odsouzen\u00edm jednoho \u010dlov\u011bka s\u00a0mdl\u00fdm rozumem na p\u011bt a p\u016fl roku na tvrdo jenom za to, \u017ee \u017evanil nesmysly na internetu?<\/p>\n<p>A dal\u0161\u00ed v\u011bc, tentokr\u00e1t z\u00a0ciziny. Ve dvou st\u00e1tech USA m\u00edstn\u00ed soudy rozhodly, \u017ee Donald Trump nebude moci kandidovat v\u00a0prim\u00e1rk\u00e1ch. Shodou okolnost\u00ed to jsou st\u00e1ty s\u00a0demokratickou v\u011bt\u0161inou. To u\u017e mi p\u0159ipom\u00edn\u00e1 Rusko, kde nebude moci v\u00a0prezidentsk\u00fdch volb\u00e1ch tak\u00e9 kandidovat jedna kandid\u00e1tka, ale mysl\u00edm, \u017ee snad v\u00edce ne\u017e jedna \u010di jeden. Rusko n\u00e1m nep\u0159ipad\u00e1 jako demokratick\u00fd st\u00e1t, ale USA?<\/p>\n<p>A dal\u0161\u00ed v\u011bc z\u00a0N\u011bmecka. N\u011bkte\u0159\u00ed politici vyv\u00edjej\u00ed tlak na to, aby byla zak\u00e1zan\u00e1 Alternativa pro N\u011bmecko (AfD). To by nic v\u00a0podstat\u011b neznamenalo, ale do\u010detl jsem se, \u017ee se probl\u00e9mem zab\u00fdv\u00e1 Spolkov\u00fd \u00fastavn\u00ed soud (N\u011bmecka) v\u00a0Karlsruhe. To u\u017e se mi skute\u010dn\u011b zd\u00e1 za hranou. AfD v\u0161ude za\u010d\u00edn\u00e1 nab\u00edrat na s\u00edle a kdy\u017e hroz\u00ed, \u017ee by ob\u010dan\u00e9 snad mohli rozhodnout, \u017ee by tato strana nejv\u00edce zastupovala jejich z\u00e1jmy, tak ji Spolkov\u00fd \u00fastavn\u00ed soud zak\u00e1\u017ee. \u010cili demokracie \u00bbodsa\u010f poca\u010f\u00ab. Kdy\u017e, mil\u00fd lide, bude\u0161 hlasovat, jak se n\u00e1m l\u00edb\u00ed, tak ti budeme klepat po ramenou. Kdy\u017e ne, tak \u017e\u00e1dn\u00e1 pr\u00e1va nem\u00e1\u0161. Upozor\u0148uji, \u017ee v\u00a0N\u011bmecku je takov\u00e9 okle\u0161\u0165ov\u00e1n\u00ed demokracie velmi nebezpe\u010dn\u00e9, proto\u017ee se najednou m\u016f\u017ee v\u0161echno zvrhnout a m\u00e1me v\u00a0Evrop\u011b a hlavn\u011b my, nejbli\u017e\u0161\u00ed soused\u00e9, probl\u00e9m.<\/p>\n<p>Ostatn\u011b, co bychom se zam\u011b\u0159ovali na \u00dastavn\u00ed soud N\u011bmecka. I ten n\u00e1\u0161, za \u0161\u00e9fov\u00e1n\u00ed Pavla Rychetsk\u00e9ho, si tak\u00e9 vykl\u00e1dal \u00dastavu velmi kreativn\u011b.<\/p>\n<p>Tehdej\u0161\u00ed prezident Milo\u0161 Zeman vyhl\u00e1sil volby do Poslaneck\u00e9 sn\u011bmovny n\u011bkdy na po\u010d\u00e1tku roku\u00a02021. To znamen\u00e1, \u017ee od vyhl\u00e1\u0161en\u00ed prob\u00edh\u00e1 doba, ve kter\u00e9 jsou r\u016fzn\u00e1 omezen\u00ed. A \u00dastavn\u00ed soud najednou p\u0159elajnoval podm\u00ednky kandidatur, ve\u00a0prosp\u011bch budouc\u00edch v\u00edt\u011bz\u016f. V\u0161ichni si vzpom\u00edn\u00e1me na procenta pro p\u0159ekro\u010den\u00ed prahu pro vstup koalic do\u00a0PS a jejich zm\u011bnu, kter\u00e1 zp\u016fsobila, \u017ee se strany nyn\u011bj\u0161\u00ed p\u011btikoalice p\u0159estaly b\u00e1t, \u017ee by nep\u0159ekro\u010dily p\u016fvodn\u00ed bari\u00e9ru a tud\u00ed\u017e se p\u0159estali b\u00e1t i voli\u010di t\u011bchto stran a v\u00fdsledek zn\u00e1me a v\u0161ichni se z\u00a0n\u011bj nyn\u00ed \u00bbt\u011b\u0161\u00edme\u00ab.<\/p>\n<p><strong>Petr Hannig, p\u0159edseda Rozumn\u00fdch v\u00a0Alianci za nez\u00e1vislost \u010cR<\/strong><\/p>\n<p>&nbsp;<\/p>\n<p><a href=\"https:\/\/stranapro.cz\/\"><img decoding=\"async\" loading=\"lazy\" class=\"wp-image-40286 aligncenter\" src=\"http:\/\/www.infokuryr.cz\/n\/wp-content\/uploads\/2023\/11\/12pro-300x87.png\" alt=\"\" width=\"921\" height=\"267\" srcset=\"https:\/\/www.infokuryr.cz\/n\/wp-content\/uploads\/2023\/11\/12pro-300x87.png 300w, https:\/\/www.infokuryr.cz\/n\/wp-content\/uploads\/2023\/11\/12pro.png 366w\" sizes=\"(max-width: 921px) 100vw, 921px\" \/><\/a><\/p>\n<p>&nbsp;<\/p>\n<p>&nbsp;<\/p>\n","protected":false},"excerpt":{"rendered":"<p>T\u00e9m\u011b\u0159 ka\u017ed\u00fd den se k\u00a0na\u0161im u\u0161\u00edm \u010di o\u010d\u00edm dost\u00e1vaj\u00ed zpr\u00e1vy o prapodivn\u00fdch rozsudc\u00edch nejenom na\u0161ich&#8230;<\/p>\n","protected":false},"author":2,"featured_media":33742,"comment_status":"closed","ping_status":"closed","sticky":false,"template":"","format":"standard","meta":[],"categories":[6],"tags":[169,29,1307,27],"_links":{"self":[{"href":"https:\/\/www.infokuryr.cz\/n\/wp-json\/wp\/v2\/posts\/44342"}],"collection":[{"href":"https:\/\/www.infokuryr.cz\/n\/wp-json\/wp\/v2\/posts"}],"about":[{"href":"https:\/\/www.infokuryr.cz\/n\/wp-json\/wp\/v2\/types\/post"}],"author":[{"embeddable":true,"href":"https:\/\/www.infokuryr.cz\/n\/wp-json\/wp\/v2\/users\/2"}],"replies":[{"embeddable":true,"href":"https:\/\/www.infokuryr.cz\/n\/wp-json\/wp\/v2\/comments?post=44342"}],"version-history":[{"count":0,"href":"https:\/\/www.infokuryr.cz\/n\/wp-json\/wp\/v2\/posts\/44342\/revisions"}],"wp:featuredmedia":[{"embeddable":true,"href":"https:\/\/www.infokuryr.cz\/n\/wp-json\/wp\/v2\/media\/33742"}],"wp:attachment":[{"href":"https:\/\/www.infokuryr.cz\/n\/wp-json\/wp\/v2\/media?parent=44342"}],"wp:term":[{"taxonomy":"category","embeddable":true,"href":"https:\/\/www.infokuryr.cz\/n\/wp-json\/wp\/v2\/categories?post=44342"},{"taxonomy":"post_tag","embeddable":true,"href":"https:\/\/www.infokuryr.cz\/n\/wp-json\/wp\/v2\/tags?post=44342"}],"curies":[{"name":"wp","href":"https:\/\/api.w.org\/{rel}","templated":true}]}}