{"id":44341,"date":"2024-01-10T00:33:21","date_gmt":"2024-01-09T23:33:21","guid":{"rendered":"http:\/\/www.infokuryr.cz\/n\/?p=44341"},"modified":"2024-01-09T18:15:43","modified_gmt":"2024-01-09T17:15:43","slug":"zbynek-fiala-hleda-se-strateg","status":"publish","type":"post","link":"https:\/\/www.infokuryr.cz\/n\/2024\/01\/10\/zbynek-fiala-hleda-se-strateg\/","title":{"rendered":"Zbyn\u011bk Fiala: Hled\u00e1 se strat\u00e9g"},"content":{"rendered":"<div id=\"fb-root\"><\/div>\n<p><strong>Neradostn\u00e9 hospod\u00e1\u0159sk\u00e9 statistiky otev\u00edraj\u00ed debatu o pot\u0159ebn\u00fdch zm\u011bn\u00e1ch, kter\u00e9 by tlumily hrozbu, \u017ee vypadneme ze hry. P\u0159ineslo by je euro? Samotn\u00e9 rozhodn\u011b ne. Euro je n\u011bkde v p\u016fli cesty, kterou je t\u0159eba urazit rychle.<\/strong><\/p>\n<p>\u010cerstv\u00e1 statistick\u00e1 \u010d\u00edsla z\u00a0pr\u016fmyslu jsou stra\u0161n\u00e1, ale ani je nemus\u00edme sledovat, kdy\u017e vid\u00edme hroz\u00edc\u00ed bankrot vytunelovan\u00fdch ostravsk\u00fdch ocel\u00e1ren. Hrozba je v\u0161ak mnohem \u0161ir\u0161\u00ed. Agentura Bloomberg varuje p\u0159ed kriz\u00ed \u010desk\u00e9ho automobilov\u00e9ho pr\u016fmyslu. Dopadneme jako zkrachovan\u00fd Detroit?<\/p>\n<p><a href=\"https:\/\/echo24.cz\/a\/H2X3J\/zpravy-domov-cesko-se-muze-stat-evropsky-detroit-prechod-na-elektromobily-ohrozuje-i-slovensko\">https:\/\/echo24.cz\/a\/H2X3J\/zpravy-domov-cesko-se-muze-stat-evropsky-detroit-prechod-na-elektromobily-ohrozuje-i-slovensko<\/a><\/p>\n<p>Hled\u00e1 se nal\u00e9hav\u00e1 pomoc, kter\u00e1 by nemocn\u00e9ho mu\u017ee vr\u00e1tila znovu do formy. V\u00a0t\u00e9hle souvislosti se obnovily \u00favahy o euru, na kter\u00e9 jsme byli za Paroubka p\u0159ipraveni (ve stejn\u00e9 dob\u011b jako Slovensko, kter\u00e9 je pak p\u0159evzalo), ale nastupuj\u00edc\u00ed Topol\u00e1nkova vl\u00e1da ztratila z\u00e1jem<strong>.<\/strong><\/p>\n<p>Svaz pr\u016fmyslu a dopravy je jednozna\u010dn\u011b pro p\u0159ijet\u00ed eura, a dokonce si vybral zmocn\u011bnce pro tuto agendu, kter\u00fdm se stal podnikatel Pavel Drobil z\u00a0ODS, za Ne\u010dase ministr \u017eivotn\u00edho prost\u0159ed\u00ed.<\/p>\n<p><a href=\"https:\/\/www.spcr.cz\/muze-vas-zajimat\/ekonomika-v-cislech\/16506-cr-by-mela-smerovat-k-prijeti-eura\">https:\/\/www.spcr.cz\/muze-vas-zajimat\/ekonomika-v-cislech\/16506-cr-by-mela-smerovat-k-prijeti-eura<\/a><\/p>\n<p>Vybrali si tedy mluv\u010d\u00edho pro euro ze strany, kter\u00e1 je ve vl\u00e1d\u011b v\u00a0jak\u00e9si vnit\u0159n\u00ed opozici v\u016f\u010di zb\u00fdvaj\u00edc\u00edm \u010dty\u0159em koali\u010dn\u00edm partner\u016fm. Ti by u\u017e zah\u00e1jili jedn\u00e1n\u00ed o p\u0159evzet\u00ed spole\u010dn\u00e9 m\u011bny. Drobil v\u0161ak tvrd\u00ed, \u017ee zast\u00e1nc\u016f eura je i v\u00a0ODS v\u00edc, nepova\u017euje se za disidenta.<\/p>\n<p>Uzn\u00e1v\u00e1, \u017ee to nen\u00ed jen v\u011bc\u00ed byznysu, kter\u00fd je extr\u00e9mn\u011b propojen\u00fd s\u00a0euroz\u00f3nou, zejm\u00e9na N\u011bmeckem. T\u00fdk\u00e1 se to cel\u00e9 spole\u010dnosti. V\u0161echny t\u00ed\u017e\u00ed inflace, v\u0161ech by se t\u00fdkal dopad na \u017eivotn\u00ed \u00farove\u0148. Ale pot\u0159eby ekonomiky nejsou okrajov\u00e9.<\/p>\n<p><em>\u201eZ m\u00e9ho pohledu natolik exportn\u00ed ekonomika, jakou \u010cesko je, kter\u00e1 osmdes\u00e1t procent sv\u00e9ho exportu realizuje v Evropsk\u00e9 unii a z toho sedmdes\u00e1t procent v euroz\u00f3n\u011b, by m\u011bla m\u00edt jasno. T\u0159iat\u0159icet procent tohoto exportu jde do N\u011bmecka. J\u00e1 v\u017edy v nads\u00e1zce \u0159\u00edk\u00e1m, \u017ee z ekonomick\u00e9ho hlediska jsme 17. spolkov\u00e1 zem\u011b. A proto jsem p\u0159esv\u011bd\u010den o tom, \u017ee p\u0159ijet\u00ed eura pro \u010deskou ekonomiku bylo d\u00e1vno v\u00fdhodn\u00e9, a mysl\u00edm si, \u017ee posledn\u00ed doba to uk\u00e1zala. T\u0159eba i v tom, jak \u010cesk\u00e1 n\u00e1rodn\u00ed banka nezvl\u00e1dla boj s inflac\u00ed a jak n\u00e1m samostatn\u00e1 m\u011bnov\u00e1 politika \u201epom\u00e1hala\u201c v dob\u00e1ch r\u016fzn\u00fdch kriz\u00ed. Ka\u017edou z nich jsme pro\u017e\u00edvali nejm\u00e9n\u011b o rok, rok a p\u016fl d\u00e9le ne\u017e st\u00e1ty okolo n\u00e1s,\u201c<\/em>\u00a0\u0159\u00edk\u00e1 Pavel Drobil.<\/p>\n<p><a href=\"https:\/\/www.forum24.cz\/hlas-pro-euro-z-ods-muj-nazor-neni-ve-strane-nijak-ojedinely-rika-pavel-drobil\">https:\/\/www.forum24.cz\/hlas-pro-euro-z-ods-muj-nazor-neni-ve-strane-nijak-ojedinely-rika-pavel-drobil<\/a><\/p>\n<p>Pokud jde o inflaci, posledn\u00ed kolo jsme na tom byli podobn\u011b jako Slovensko, kter\u00e9 m\u00e1 euro ji\u017e 15 let. Zato plnou palbu nekompetentn\u00ed dom\u00e1c\u00ed m\u011bnov\u00e9 politiky jsme si u\u017eili, kdy\u017e slavn\u00e9ho 7. listopadu 2014 \u010cNB za guvern\u00e9ra Singera prakticky devalvovala korunu p\u0159ijet\u00edm \u201ekurzov\u00e9ho z\u00e1vazku\u201c, \u017ee nep\u016fjde pod 27 korun za euro. Dosahovalo se toho n\u00e1kupem eura do rezerv za dobr\u00e9 dva biliony korun.<\/p>\n<p><a href=\"https:\/\/stranapro.cz\/\"><img decoding=\"async\" loading=\"lazy\" class=\"alignnone wp-image-40285 aligncenter\" src=\"http:\/\/www.infokuryr.cz\/n\/wp-content\/uploads\/2023\/11\/11pro-300x79.png\" alt=\"\" width=\"539\" height=\"142\" srcset=\"https:\/\/www.infokuryr.cz\/n\/wp-content\/uploads\/2023\/11\/11pro-300x79.png 300w, https:\/\/www.infokuryr.cz\/n\/wp-content\/uploads\/2023\/11\/11pro.png 363w\" sizes=\"(max-width: 539px) 100vw, 539px\" \/><\/a><\/p>\n<p>Kdy\u017e tohle skon\u010dilo, p\u0159i\u0161la za guvern\u00e9ra Rusnoka dal\u0161\u00ed zb\u011bsilost v\u00a0podob\u011b ne\u010dekan\u00e9ho zv\u00fd\u0161en\u00ed z\u00e1kladn\u00edch \u00farokov\u00fdch sazeb (dvout\u00fddenn\u00ed repo) na 7 procent, \u010d\u00edm\u017e \u010desk\u00e1 centr\u00e1ln\u00ed banka fakticky rozd\u00fdchala nejvy\u0161\u0161\u00ed inflaci v\u00a0EU. Rostouc\u00ed \u00farokov\u00e9 n\u00e1klady jsou taky rostouc\u00edmi n\u00e1klady, nejen rostouc\u00ed ceny energi\u00ed. Jejich infla\u010dn\u00ed efekty se se\u010detly.\u00a0 Podepsalo se to na \u010desk\u00e9 ekonomice, kter\u00e1 se jako jedin\u00e1 v\u00a0EU nedok\u00e1zala vr\u00e1tit na p\u0159edkovidovou \u00farove\u0148.<\/p>\n<p>Tady si v\u0161ak mus\u00edme p\u0159ipomenout, \u017ee podnikatel\u00e9 obvykle lobbuj\u00ed za oslaben\u00ed koruny, proto\u017ee to zvy\u0161uje p\u0159\u00edjmy z\u00a0exportu. Tyto vy\u0161\u0161\u00ed p\u0159\u00edjmy v\u0161ak vydr\u017e\u00ed jen do t\u00e9 doby, dokud exportn\u00ed trhy p\u0159ij\u00edmaj\u00ed st\u00e1vaj\u00edc\u00ed zbo\u017e\u00ed v\u00a0aspo\u0148 stejn\u00e9m mno\u017estv\u00ed. Jakmile toto zbo\u017e\u00ed mor\u00e1ln\u011b zastar\u00e1, je slab\u00e1 koruna p\u0159ek\u00e1\u017ekou pro modernizaci v\u00fdroby z\u00e1visl\u00e9 na dovezen\u00fdch \u2013 a v\u00a0tu chv\u00edli dra\u017e\u0161\u00edch \u2013 technologi\u00edch. Dnes je koruna st\u00e1le relativn\u011b slab\u00e1 v\u016f\u010di euru. To by vyhovovalo p\u0159\u00e1n\u00ed p\u0159evz\u00edt spole\u010dnou m\u011bnu, ale jinak nic nem\u011bnit a modlit se, a\u0165 to je\u0161t\u011b chv\u00edli vydr\u017e\u00ed.<\/p>\n<p>Jen\u017ee ono to nevydr\u017e\u00ed. Budeme muset \u010deskou ekonomiku z\u00e1sadn\u011b zmodernizovat a k\u00a0tomu budeme pot\u0159ebovat siln\u011bj\u0161\u00ed korunu. \u010cNB u\u017e uzn\u00e1v\u00e1 posilov\u00e1n\u00ed koruny jako n\u00e1stroj proti inflaci, proto\u017ee sni\u017euje p\u0159edev\u0161\u00edm ceny dov\u00e1\u017een\u00fdch energi\u00ed, kter\u00e9 se na inflaci pod\u00edlej\u00ed nejv\u00edc. Strategie p\u0159evzet\u00ed eura proto mus\u00ed za\u010d\u00edt posilov\u00e1n\u00edm dom\u00e1c\u00ed m\u011bny. To nebude snadn\u00e9, proto\u017ee s\u00a0inflac\u00ed budou soub\u011b\u017en\u011b klesat \u00farokov\u00e9 berli\u010dky, kter\u00e9 dr\u017eely korunu v\u00a0pozici jedn\u00e9 z\u00a0nej\u00fasp\u011b\u0161n\u011bj\u0161\u00edch m\u011bn roku.<\/p>\n<p>Proto je stejn\u011b d\u016fle\u017eit\u00e1 strategie zvy\u0161ov\u00e1n\u00ed konkurenceschopnosti \u010desk\u00e9 ekonomiky a sni\u017eov\u00e1n\u00ed zahrani\u010dn\u00ed z\u00e1vislosti. Nem\u00e1 smysl podb\u00edzet se zahrani\u010dn\u00edm investor\u016fm. Ani zahrani\u010dn\u00ed investice nic nezm\u011bnily na tom, \u017ee \u010cesk\u00e1 republika m\u00e1 jednu z\u00a0energeticky a materi\u00e1lov\u011b nejn\u00e1ro\u010dn\u011bj\u0161\u00edch ekonomik v\u00a0EU. Dok\u00e1zaly si v\u0161ak poradit s\u00a0t\u00edm, jak z\u00a0\u010cR ka\u017edoro\u010dn\u011b vyv\u00e9zt pomalu 400 miliard korun v dividend\u00e1ch, nemluv\u011b o dal\u0161\u00edch pen\u011bzovodech, kter\u00e9 jsou skryty neznal\u00e9mu i \u00fa\u0159edn\u00edmu oku.<\/p>\n<p>Vlastn\u00ed centr\u00e1ln\u00ed banka, ani zahrani\u010dn\u00ed investice nejsou z\u00e1rukou na\u0161\u00ed prosperity. Euro m\u016f\u017eeme p\u0159ijmout jako praktick\u00fd n\u00e1stroj jen v\u00a0situaci, kdy nejsme na euroz\u00f3n\u011b tak extr\u00e9mn\u011b z\u00e1visl\u00ed. \u010cesko te\u010f nevyv\u00e1\u017e\u00ed prakticky nikam jinam, a proto\u017ee to d\u011bl\u00e1me jako subdodavatel, na\u0161e ekonomika je z\u00e1rove\u0148 nadm\u011brn\u011b dovozn\u011b n\u00e1ro\u010dn\u00e1. Nemluv\u011b o tom, \u017ee zbyte\u010dn\u011b dov\u00e1\u017e\u00edme i spoustu potravin a spot\u0159ebn\u00edho zbo\u017e\u00ed, proto\u017ee jsme z\u00e1visl\u00ed tak\u00e9 na obchodn\u00edch \u0159et\u011bzc\u00edch v\u00a0zahrani\u010dn\u00edch rukou.<\/p>\n<p>Nem\u00e1 tedy smysl mluvit jen o euru, i kdy\u017e je sou\u010d\u00e1st\u00ed racion\u00e1ln\u00edho \u0159e\u0161en\u00ed. N\u011bmci \u0159\u00edkaj\u00ed sv\u00e9 energetick\u00e9 strategii \u201eobrat\u201c, ale my ho pot\u0159ebujeme nejen v\u00a0energetice, ale skoro v\u0161ude. A jak u\u017e to s\u00a0obraty nebo transformacemi b\u00fdv\u00e1, d\u016fle\u017eit\u00fd je jak sm\u011br, tak po\u0159ad\u00ed krok\u016f. Euro je n\u011bkde v\u00a0p\u016fli cesty, kterou je t\u0159eba urazit rychle.<\/p>\n<p>To, co pro\u017e\u00edv\u00e1me, je dal\u0161\u00ed pr\u016fmyslov\u00e1 revoluce, kter\u00e1 zat\u0159ese sv\u011btem podobn\u011b, jako kdy\u017e ko\u0148sk\u00e1 sp\u0159e\u017een\u00ed vytla\u010dila p\u00e1ra na kolej\u00edch. D\u011bdictv\u00ed p\u00e1ry do\u017e\u00edv\u00e1 posledn\u00ed dny v\u00a0podob\u011b uhl\u00ed pro tepeln\u00e9 elektr\u00e1rny, kter\u00e9 n\u00e1s v\u0161ak opust\u00ed d\u0159\u00edve, ne\u017e se nad\u011bjeme, proto\u017ee cena uhl\u00edkov\u00e9 povolenky u\u017e konkuruje cen\u011b samotn\u00e9 elekt\u0159iny. Na t\u00edhu energetick\u00fdch n\u00e1klad\u016f na \u010cR poukazuje zaj\u00edmav\u00e1 prosincov\u00e1 anal\u00fdza ING, orientovan\u00e1 na celou st\u0159edn\u00ed a v\u00fdchodn\u00ed Evropu.<\/p>\n<p><a href=\"https:\/\/think.ing.com\/uploads\/reports\/Carbon_and_commodities_141223.pdf\">https:\/\/think.ing.com\/uploads\/reports\/Carbon_and_commodities_141223.pdf<\/a><\/p>\n<p>Jak studie p\u0159ipom\u00edn\u00e1, uhl\u00ed z\u016fst\u00e1v\u00e1 kr\u00e1lem v Polsku a je d\u016fle\u017eit\u00e9 i v \u010cesk\u00e9 republice, jen\u017ee ob\u011b zem\u011b maj\u00ed zna\u010dn\u00fd nedostatek povolenek, tak\u017ee je mus\u00ed dokupovat. Kolik? Je toho a\u017e 1 procento HDP, na co\u017e v Polsku vydaj\u00ed v\u00edce ne\u017e 4 miliardy EUR a v \u010cesk\u00e9 republice 2 miliardy EUR v roce 2022. Tyto \u010d\u00e1stky zat\u011b\u017euj\u00ed z\u00e1kladn\u00ed m\u011bnov\u00e9 ukazatele. Vysok\u00e9 ceny uhl\u00edku s nejv\u011bt\u0161\u00ed pravd\u011bpodobnost\u00ed v euroz\u00f3n\u011b d\u00e1le porostou a ohro\u017euj\u00ed konkurenceschopnost Polska a \u010cesk\u00e9 republiky. Ale vysok\u00e9 provozn\u00ed n\u00e1klady p\u0159i v\u00fdrob\u011b elekt\u0159iny maj\u00ed v\u00e1\u017en\u00e9 d\u016fsledky tak\u00e9 pro vn\u011bj\u0161\u00ed a fisk\u00e1ln\u00ed rovnov\u00e1hu (propady bilance zahrani\u010dn\u00edho obchodu, n\u00e1klady cenov\u00fdch strop\u016f a podobn\u00fdch opat\u0159en\u00ed).<\/p>\n<p>Jako \u00fanikovou strategii mus\u00ed zem\u011b st\u0159edn\u00ed a v\u00fdchodn\u00ed Evropy urychlit investice do \u010dist\u00fdch dod\u00e1vek energie a elektrick\u00fdch s\u00edt\u00ed, aby ochr\u00e1nily konkurenceschopnost, rad\u00ed ING. To plat\u00ed zejm\u00e9na pro Polsko a \u010ceskou republiku. Varuje, \u017ee vysok\u00e1 uhl\u00edkov\u00e1 n\u00e1ro\u010dnost m\u016f\u017ee vyvolat nep\u0159\u00edznivou \u0159et\u011bzovou reakci tak\u00e9 na podnikov\u00e9 \u00farovni. Jde o to, \u017ee p\u0159edn\u00ed sv\u011btov\u00e9 spole\u010dnost usiluj\u00ed o sn\u00ed\u017een\u00ed obsahu uhl\u00edku v kone\u010dn\u00fdch v\u00fdrobc\u00edch nebo slu\u017eb\u00e1ch v cel\u00e9m dodavatelsk\u00e9m \u0159et\u011bzci. Nav\u00edc tu m\u00e1me zav\u00e1d\u011bn\u00ed uhl\u00edkov\u00e9 dan\u011b na hranic\u00edch EU (<em>CBAM &#8211; Carbon Border Adjustment Mechanism<\/em>).<\/p>\n<p>Dobr\u00e1 zpr\u00e1va je, \u017ee zdroje jsou, na p\u0159echod k\u00a0bezuhl\u00edkat\u00e9 ekonomice byly vy\u010dlen\u011bny velk\u00e9 pen\u00edze. Podle studie mohou b\u00fdt katalyz\u00e1torem zvy\u0161ov\u00e1n\u00ed investic do energetiky jak pen\u00edze EU, tak udr\u017eiteln\u00e9 financov\u00e1n\u00ed ze soukrom\u00e9ho sektoru. Granty a preferen\u010dn\u00ed p\u016fj\u010dky EU, a to jak z Fondu pro obnovu a odolnost (RRF), kter\u00fd je k dispozici a\u017e do roku 2026, tak z tradi\u010dn\u00edch fond\u016f politiky soudr\u017enosti z rozpo\u010dtu na obdob\u00ed 2021-27, mohou spolu s udr\u017eiteln\u00fdm financov\u00e1n\u00edm ze soukrom\u00fdch zdroj\u016f umo\u017enit v\u00fdznamn\u00e9 investice do energetiky.<\/p>\n<p>Dekarbonizace energetick\u00fdch syst\u00e9m\u016f ve st\u0159edn\u00ed a v\u00fdchodn\u00ed Evrop\u011b \u2013 prost\u0159ednictv\u00edm roz\u0161\u00ed\u0159en\u00ed na nejmodern\u011bj\u0161\u00ed technologie, jako jsou fotovoltaick\u00e9, v\u011btrn\u00e9 nebo jadern\u00e9, v\u010detn\u011b mal\u00fdch modul\u00e1rn\u00edch reaktor\u016f (SMR) &#8211; do zna\u010dn\u00e9 m\u00edry p\u0159iprav\u00ed cestu k \u010dist\u00e9 nule do roku 2050 v jin\u00fdch odv\u011btv\u00edch prost\u0159ednictv\u00edm elektrifikace. To m\u00e1 z\u00e1sadn\u00ed v\u00fdznam pro dekarbonizaci dopravy, budov a mnoha pr\u016fmyslov\u00fdch odv\u011btv\u00ed. Pot\u0159ebujeme pilotn\u00ed projekty, uv\u00e1d\u00ed nakonec stude.<\/p>\n<p>Ponechme stranou iluzi o mal\u00fdch modul\u00e1rn\u00edch reaktorech. V\u00a0americk\u00e9m tisku se p\u00ed\u0161e, \u017ee s\u00a0\u017e\u00e1dn\u00fdm takov\u00fdm se v\u00a0USA zat\u00edm nepo\u010d\u00edt\u00e1, proto\u017ee nebyl dosud vyvinut, nato\u017e schv\u00e1len, ale d\u00e1 se to nab\u00edzet do (naivn\u00edho) zahrani\u010d\u00ed. Ale i ta elektrifikace je jen n\u00e1stroj.<\/p>\n<p>Ve sn\u011bmovn\u011b je te\u010f n\u00e1vrh novely z\u00e1kona o ochran\u011b zem\u011bd\u011blsk\u00e9ho p\u016fdn\u00edho fondu, kter\u00fd otev\u00edr\u00e1 cestu k\u00a0zav\u00e1d\u011bn\u00ed agrovoltaiky, tedy fotovoltaick\u00fdch panel\u016f nikoliv na pol\u00edch, ale nad poli nebo pod\u00e9l obd\u011bl\u00e1van\u00fdch p\u00e1s\u016f. N\u00e1vrh je\u0161t\u011b nen\u00ed domy\u0161len\u00fd, po prvn\u00edm \u010dten\u00ed \u0161el do v\u00fdbor\u016f, kde se bude dola\u010fovat. Ale mezi praktiky u\u017e se objevila my\u0161lenka, \u017ee zem\u011bd\u011blci by tuto elekt\u0159inu m\u011bli vyu\u017e\u00edvat hlavn\u011b pro sebe, a pak stoj\u00ed za \u00favahu i elektrick\u00e9 stroje pro obd\u011bl\u00e1v\u00e1n\u00ed p\u016fdy. V\u00a0\u00fazk\u00fdch p\u00e1sech bude technika men\u0161\u00ed.<\/p>\n<p>V\u00fdzkum z\u00e1rove\u0148 zji\u0161\u0165uje, \u017ee kdy\u017e je n\u011bkter\u00e1 zem\u011bd\u011blsk\u00e1 kultura m\u00edrn\u011b zast\u00edn\u011bn\u00e1 nebo chr\u00e1n\u011bn\u00e1 p\u0159ed v\u011btrem, je odoln\u011bj\u0161\u00ed proti suchu a letn\u00edm vedr\u016fm. Produkce je pak n\u011bkdy kvalitn\u011bj\u0161\u00ed, jindy v\u00fdkonn\u011bj\u0161\u00ed.<\/p>\n<p>Ekonomika venkova by tak mohla dostat velk\u00fd impulz. Dodate\u010dn\u00e9 p\u0159\u00edjmy by mohly poslou\u017eit i dal\u0161\u00edmu rozvoji. Dostatek levn\u00e9 elekt\u0159iny by mohl postavit na nohy m\u00edstn\u00ed pr\u016fmysl. Prol\u00edn\u00e1 se to i s\u00a0roz\u0161i\u0159ov\u00e1n\u00edm digitalizace a um\u011bl\u00e9 inteligence. Fotovoltaiku s\u00a0um\u011blou inteligenc\u00ed nab\u00edz\u00ed u\u017e prvn\u00ed \u010desk\u00e9 spole\u010dnosti jako n\u00e1stroj, kter\u00fd n\u00e1m umo\u017e\u0148uje elekt\u0159inu akumulovat nebo prod\u00e1vat podle okam\u017eit\u00e9 situace na spotov\u00e9m trhu.<\/p>\n<p>Tohle v\u0161echno lze provozovat v\u00a0drobn\u00e9m u\u017e te\u010f, ale konkurenceschopnost zem\u011b \u2013 bez kter\u00e9 je euro jasn\u00e1 prohra \u2013 vy\u017eaduje celkov\u00e9 p\u0159\u00edzniv\u00e9 prost\u0159ed\u00ed pro zm\u011bnu. D\u00edl\u010d\u00ed n\u00e1stroje u\u017e ve sn\u011bmovn\u011b vznikaj\u00ed, by\u0165 to po\u0159\u00e1d drhne. To je m\u00e1lo. Tohle je \u00fakol vl\u00e1dy. Hled\u00e1 se strat\u00e9g n\u011bkde na centr\u00e1ln\u00ed \u00farovni, kter\u00fd dok\u00e1\u017ee tyto trendy podchytit a nab\u00eddnout p\u0159edstavu re\u00e1ln\u00e9ho celku. Nebavme se proto jenom o m\u011bn\u011b.<\/p>\n<p><a href=\"https:\/\/vasevec.info\/komentare\/hleda-se-strateg\">Zbyn\u011bk Fiala<\/a><\/p>\n<p><img decoding=\"async\" loading=\"lazy\" class=\"alignnone size-medium wp-image-18520\" src=\"http:\/\/www.infokuryr.cz\/n\/wp-content\/uploads\/2022\/11\/zbynek-fiala-300x208.jpg\" alt=\"\" width=\"300\" height=\"208\" srcset=\"https:\/\/www.infokuryr.cz\/n\/wp-content\/uploads\/2022\/11\/zbynek-fiala-300x208.jpg 300w, https:\/\/www.infokuryr.cz\/n\/wp-content\/uploads\/2022\/11\/zbynek-fiala.jpg 318w\" sizes=\"(max-width: 300px) 100vw, 300px\" \/><\/p>\n<p>&nbsp;<\/p>\n","protected":false},"excerpt":{"rendered":"<p>Neradostn\u00e9 hospod\u00e1\u0159sk\u00e9 statistiky otev\u00edraj\u00ed debatu o pot\u0159ebn\u00fdch zm\u011bn\u00e1ch, kter\u00e9 by tlumily hrozbu, \u017ee vypadneme ze&#8230;<\/p>\n","protected":false},"author":2,"featured_media":22391,"comment_status":"closed","ping_status":"closed","sticky":false,"template":"","format":"standard","meta":[],"categories":[6],"tags":[1042,59,371],"_links":{"self":[{"href":"https:\/\/www.infokuryr.cz\/n\/wp-json\/wp\/v2\/posts\/44341"}],"collection":[{"href":"https:\/\/www.infokuryr.cz\/n\/wp-json\/wp\/v2\/posts"}],"about":[{"href":"https:\/\/www.infokuryr.cz\/n\/wp-json\/wp\/v2\/types\/post"}],"author":[{"embeddable":true,"href":"https:\/\/www.infokuryr.cz\/n\/wp-json\/wp\/v2\/users\/2"}],"replies":[{"embeddable":true,"href":"https:\/\/www.infokuryr.cz\/n\/wp-json\/wp\/v2\/comments?post=44341"}],"version-history":[{"count":0,"href":"https:\/\/www.infokuryr.cz\/n\/wp-json\/wp\/v2\/posts\/44341\/revisions"}],"wp:featuredmedia":[{"embeddable":true,"href":"https:\/\/www.infokuryr.cz\/n\/wp-json\/wp\/v2\/media\/22391"}],"wp:attachment":[{"href":"https:\/\/www.infokuryr.cz\/n\/wp-json\/wp\/v2\/media?parent=44341"}],"wp:term":[{"taxonomy":"category","embeddable":true,"href":"https:\/\/www.infokuryr.cz\/n\/wp-json\/wp\/v2\/categories?post=44341"},{"taxonomy":"post_tag","embeddable":true,"href":"https:\/\/www.infokuryr.cz\/n\/wp-json\/wp\/v2\/tags?post=44341"}],"curies":[{"name":"wp","href":"https:\/\/api.w.org\/{rel}","templated":true}]}}