{"id":44339,"date":"2024-01-10T00:30:07","date_gmt":"2024-01-09T23:30:07","guid":{"rendered":"http:\/\/www.infokuryr.cz\/n\/?p=44339"},"modified":"2024-01-09T18:11:23","modified_gmt":"2024-01-09T17:11:23","slug":"jiri-paroubek-jurecka-ministersky-vecirek-nerozhodny-premier-krotka-media","status":"publish","type":"post","link":"https:\/\/www.infokuryr.cz\/n\/2024\/01\/10\/jiri-paroubek-jurecka-ministersky-vecirek-nerozhodny-premier-krotka-media\/","title":{"rendered":"Ji\u0159\u00ed Paroubek: Jure\u010dka, ministersk\u00fd ve\u010d\u00edrek, nerozhodn\u00fd premi\u00e9r, krotk\u00e1 m\u00e9dia\u2026"},"content":{"rendered":"<div id=\"fb-root\"><\/div>\n<p><strong>Jeden z m\u00edstop\u0159edsed\u016f vl\u00e1dy, Jure\u010dka, m\u00e1 z\u00e1va\u017en\u00fd probl\u00e9m. V dob\u011b, kdy zvolna dozn\u00edvala st\u0159elba \u0161\u00edlence na Filozofick\u00e9 fakult\u011b UK, se sch\u00e1zeli minister\u0161t\u00ed \u00fa\u0159edn\u00edci jeho ministerstva na ve\u010d\u00edrku.<\/strong><\/p>\n<p>Samoz\u0159ejm\u011b, \u017ee se ve\u010d\u00edrek konal na \u00fatraty st\u00e1tu. Koho z\u00a0p\u0159edstavitel\u016f ministerstva, veden\u00e9ho k\u0159es\u0165ansk\u00fdm politikem napadlo, \u017ee by se ministersk\u00fd ve\u010d\u00edrek m\u011bl konat pr\u00e1v\u011b na ministerstvu a ne mimo n\u011bj a je\u0161t\u011b k tomu za pen\u00edze da\u0148ov\u00fdch poplatn\u00edk\u016f a ne za pen\u00edze vybran\u00e9 od \u00fa\u010dastn\u00edk\u016f. P\u0159izn\u00e1m se, \u017ee si nevzpom\u00edn\u00e1m, \u017ee bych jako ministr nebo jako premi\u00e9r byl \u00fa\u010dasten na ministersk\u00e9m ve\u010d\u00edrku, kter\u00fd by byl hrazen z\u00a0pen\u011bz da\u0148ov\u00fdch poplatn\u00edk\u016f. Ale mo\u017en\u00e1, \u017ee m\u00e1m jen kr\u00e1tkou pam\u011b\u0165. V\u00a0ka\u017ed\u00e9m p\u0159\u00edpad\u011b to pova\u017euji za nevhodn\u00e9, a to zejm\u00e9na v\u00a0situaci, kdy vl\u00e1da \u201ebojuje\u201c s\u00a0vysokou inflac\u00ed, s propadem hospod\u00e1\u0159stv\u00ed, s\u00a0vlastn\u00ed neschopnost\u00ed, s\u00a0neb\u00fdvale n\u00edzkou d\u016fv\u011brou ve\u0159ejnosti v\u00a0jej\u00ed pr\u00e1ci. Asi bych, na m\u00edst\u011b takto m\u00e1lo \u00fasp\u011b\u0161n\u00fdch ministr\u016f, m\u00edstop\u0159edsed\u016f vl\u00e1dy a premi\u00e9ra p\u0159em\u00fd\u0161lel pokorn\u011b a n\u011bkde v\u00a0\u00fastran\u00ed o tom, co jsem ud\u011blal \u0161patn\u011b a co by se dalo zlep\u0161it, aby se zv\u00fd\u0161ila d\u016fv\u011bra ve\u0159ejnosti ve vl\u00e1du, kter\u00e9 jsem \u010dlenem. A \u017ee to jde, ukazuj\u00ed \u017eiv\u00e9 p\u0159\u00edklady. V dubnu 2005 jsem p\u0159evzal jako premi\u00e9r odpov\u011bdnost za \u010deskou vl\u00e1du vedenou soci\u00e1ln\u00ed demokraci\u00ed a za tuto kriz\u00ed zm\u00edtanou stranu. Tehdej\u0161\u00ed \u010cSSD m\u011bla jen 10% volebn\u00edch preferenc\u00ed (jak by si dne\u0161n\u00ed p\u0159edstavitel\u00e9 soci\u00e1ln\u00ed demokracie medili, kdyby se dostali na takto vysokou podporu ve\u0159ejnosti).<\/p>\n<p>Po t\u0159in\u00e1cti m\u011bs\u00edc\u00edch tvrd\u00e9 pr\u00e1ce, kter\u00e1 jist\u011b nebyla bez chyb (ale ur\u010dit\u011b byla bez ministersk\u00fdch ve\u010d\u00edrk\u016f alias ve\u0159ejnost\u00ed prop\u00edran\u00fdch chlasta\u010dek), ve volb\u00e1ch do poslaneck\u00e9 sn\u011bmovny z\u00edskala \u010cSSD pod m\u00fdm veden\u00edm t\u00e9m\u011b\u0159 33% hlas\u016f. Tedy ka\u017ed\u00fd t\u0159et\u00ed ob\u010dan u voleb pro ni hlasoval. Dnes se mi to zd\u00e1 jako z\u00a0\u0159\u00ed\u0161e sci-fi. A bylo tomu tak po osmi letech vl\u00e1dy t\u00e9to strany, kter\u00e1 zrovna nebyla milov\u00e1na m\u00e9dii. Dne\u0161n\u00ed vl\u00e1da s\u00a0nejni\u017e\u0161\u00ed podporou ve\u0159ejnosti je m\u00e9dii milov\u00e1na a jej\u00ed p\u0159e\u0161lapy jsou tolerov\u00e1ny a vlastn\u011b i omlouv\u00e1ny. A tak jsem se v\u00a0dne\u0161n\u00edch Hospod\u00e1\u0159sk\u00fdch novin\u00e1ch dozv\u011bd\u011bl v\u00a0\u010dl\u00e1nku z\u00a0pera zn\u00e1m\u00e9ho babi\u0161obijce, komunisto- a socialisto\u017erouta a v\u016fbec pa\u0161\u00e1ka dozv\u011bd\u011bl, \u017ee v\u00a0dob\u011b, kdy se konal ministersk\u00fd ve\u010d\u00edrek vlastn\u011b prob\u00edhaly v\u00a0na\u0161\u00ed zemi des\u00edtky jin\u00fdch ve\u010d\u00edrk\u016f, kter\u00e9 tak\u00e9 jist\u011b nikdo nep\u0159eru\u0161il. A \u017ee tedy nen\u00ed velk\u00fd d\u016fvod k\u00a0tomu, aby ministr a m\u00edstop\u0159edseda vl\u00e1dy Jure\u010dka opustil svou funkci. Je to vlastn\u011b tak n\u011bjak v\u011bc jeho sv\u011bdom\u00ed, a\u0165 si s\u00e1m \u0159ekne, jestli z\u016fstane nebo odejde. Samoz\u0159ejm\u011b, \u017ee Jure\u010dka ud\u011bl\u00e1 v\u0161e na dne\u0161n\u00ed seanci veden\u00ed lidovc\u016f, aby z\u00edskal d\u016fv\u011bru tohoto ned\u016fv\u011bryhodn\u00e9ho gr\u00e9mia. To pak vyhl\u00e1s\u00ed, \u017ee Jure\u010dka sice tak n\u011bjak m\u00edrn\u011b pochybil, ale \u017ee se v\u00edcen\u00e1sobn\u011b omluvil a \u017ee vlastn\u011b o nic nejde. A \u017ee jde o takov\u00e9ho borce t\u011b\u017ek\u00e9 v\u00e1hy, o kter\u00e9ho nem\u016f\u017ee prost\u011b tato \u201e\u00fasp\u011b\u0161n\u00e1 a perspektivn\u00ed\u201c vl\u00e1da p\u0159ij\u00edt. To se tedy dozv\u00edme dnes ve\u010der.<\/p>\n<p><a href=\"https:\/\/stranapro.cz\/\"><img decoding=\"async\" loading=\"lazy\" class=\"wp-image-40285 aligncenter\" src=\"http:\/\/www.infokuryr.cz\/n\/wp-content\/uploads\/2023\/11\/11pro-300x79.png\" alt=\"\" width=\"669\" height=\"176\" srcset=\"https:\/\/www.infokuryr.cz\/n\/wp-content\/uploads\/2023\/11\/11pro-300x79.png 300w, https:\/\/www.infokuryr.cz\/n\/wp-content\/uploads\/2023\/11\/11pro.png 363w\" sizes=\"(max-width: 669px) 100vw, 669px\" \/><\/a><\/p>\n<p>J\u00e1 si vzpom\u00edn\u00e1m, jak stejn\u00e1 m\u00e9dia pron\u00e1sledovala m\u00e9ho p\u0159edch\u016fdce v\u00a0\u00fa\u0159adu premi\u00e9ra S. Grosse, kter\u00fd se pon\u011bkud zamotal do zd\u016fvod\u0148ov\u00e1n\u00ed financov\u00e1n\u00ed n\u00e1kupu sv\u00e9ho bytu. Mysl\u00edm, \u017ee jednou zm\u011bnil verzi financov\u00e1n\u00ed. A up\u0159\u00edmn\u011b, kdyby byl v\u00a0t\u00e9 dob\u011b sd\u011blil p\u011bt jmen sv\u00fdch p\u0159\u00e1tel, kte\u0159\u00ed by mu r\u00e1di na byt p\u016fj\u010dili, cel\u00e1 kauza by byla uzav\u0159ena d\u0159\u00edve, ne\u017e za\u010dala. K\u00a0ministru Jure\u010dkovi vol\u00ed m\u00e9dia jin\u00fd p\u0159\u00edstup. Je to zvl\u00e1\u0161tn\u00ed dvoj\u00ed metr. V\u017edy jsem zast\u00e1val n\u00e1zor, \u017ee v\u00a0politice plat\u00ed presumpce viny (co\u017e ov\u0161em nen\u00ed tento p\u0159\u00edpad) anebo pokud se n\u011bkdo zamot\u00e1 do n\u011bjak\u00e9 medi\u00e1ln\u011b nep\u0159\u00edjemn\u00e9 kauzy, mus\u00ed j\u00edt. Nem\u016f\u017ee po\u0161kozovat sv\u00fdm negativn\u00edm p\u0159\u00edb\u011bhem celou vl\u00e1du. A tak jsem tak\u00e9 vy\u0159e\u0161il nap\u0159. p\u0159\u00edpad tehdej\u0161\u00edho ministra zem\u011bd\u011blstv\u00ed v\u00a0m\u00e9 vl\u00e1d\u011b, kter\u00fd umo\u017enil podivn\u00e9 operace s\u00a0pozemky sv\u00fdm \u00fa\u0159edn\u00edk\u016fm za n\u011bkolik set milion\u016f korun. Po jeho rychl\u00e9m odchodu p\u0159i\u0161el do funkce ministra zem\u011bd\u011blstv\u00ed Ing. Ml\u00e1dek, kter\u00fd byl dobr\u00fdm ministrem bez jak\u00e9hokoliv skand\u00e1lu a \u0161kraloupu. A pozice vl\u00e1dy pod m\u00fdm veden\u00edm se jen upevnila. Ve\u0159ejnost prost\u011b \u010dek\u00e1, \u017ee neschopn\u00ed \u010di v\u0161ehoschopn\u00ed minist\u0159i dostanou pad\u00e1ka. A tak to je i v\u00a0tomto p\u0159\u00edpad\u011b ministra Jure\u010dky. Ministr ml\u017eil, lhal a podle v\u0161eho mazal deku na pokra\u010duj\u00edc\u00edm ministersk\u00e9m ve\u010d\u00edrku a\u017e do rann\u00edch hodin. Pr\u00fd do p\u016fl \u010dtvrt\u00e9.<\/p>\n<p>I v\u00a0dob\u011b, kdy jsem byl je\u0161t\u011b jun\u00e1kem v\u00a0pln\u00e9 s\u00edle, bych si nedovolil, byv\u0161e ve st\u00e1tn\u00edch slu\u017eb\u00e1ch, chlastomet\u0159it a\u017e do r\u00e1na a t\u00edm vlastn\u011b zab\u00edt pracovn\u011b celou sobotu a ned\u011bli. V\u017edy\u0165 po takov\u00e9m spole\u010densk\u00e9m maratonu je \u010dlov\u011bk jako zbit\u00fd. A mus\u00ed nutn\u011b sp\u00e1t a nem\u016f\u017ee kvalitn\u011b pracovat. Politici prost\u011b nemaj\u00ed v\u00edkend. A pokud ho maj\u00ed, pak je n\u011bco v\u00a0jejich pr\u00e1ci \u0161patn\u011b. Pracovn\u00ed den p\u0159edsedy vl\u00e1dy a ministr\u016f je 24 hodin. A kdy\u017e se nejde na ob\u011bd, tak maj\u00ed hodin k\u00a0dispozici 25. J\u00e1 jsem se \u0159\u00eddil touto z\u00e1sadou a za 13 m\u011bs\u00edc\u016f jsem z\u00a0beznad\u011bjn\u00e9ho p\u0159\u00edpadu propadl\u00e9 strany vyk\u0159esal podporu t\u0159etiny voli\u010d\u016f. Co cht\u011bj\u00ed po takov\u00fdchto eskap\u00e1d\u00e1ch je\u0161t\u011b od voli\u010d\u016f Fiala a jeho minist\u0159i? Mus\u00ed skon\u010dit potupnou por\u00e1\u017ekou ve volb\u00e1ch.<\/p>\n<p><a href=\"https:\/\/vasevec.info\/domaci-politika\/jurecka-ministersky-vecirek-nerozhodny-premier-krotka-media\">Ji\u0159\u00ed Paroubek<\/a><\/p>\n<p><img decoding=\"async\" loading=\"lazy\" class=\"alignnone size-medium wp-image-2342\" src=\"http:\/\/www.infokuryr.cz\/n\/wp-content\/uploads\/2021\/06\/paroubek-300x208.jpg\" alt=\"\" width=\"300\" height=\"208\" srcset=\"https:\/\/www.infokuryr.cz\/n\/wp-content\/uploads\/2021\/06\/paroubek-300x208.jpg 300w, https:\/\/www.infokuryr.cz\/n\/wp-content\/uploads\/2021\/06\/paroubek.jpg 318w\" sizes=\"(max-width: 300px) 100vw, 300px\" \/><\/p>\n","protected":false},"excerpt":{"rendered":"<p>Jeden z m\u00edstop\u0159edsed\u016f vl\u00e1dy, Jure\u010dka, m\u00e1 z\u00e1va\u017en\u00fd probl\u00e9m. V dob\u011b, kdy zvolna dozn\u00edvala st\u0159elba \u0161\u00edlence&#8230;<\/p>\n","protected":false},"author":2,"featured_media":23972,"comment_status":"closed","ping_status":"closed","sticky":false,"template":"","format":"standard","meta":[],"categories":[6],"tags":[2301,29,3948,99],"_links":{"self":[{"href":"https:\/\/www.infokuryr.cz\/n\/wp-json\/wp\/v2\/posts\/44339"}],"collection":[{"href":"https:\/\/www.infokuryr.cz\/n\/wp-json\/wp\/v2\/posts"}],"about":[{"href":"https:\/\/www.infokuryr.cz\/n\/wp-json\/wp\/v2\/types\/post"}],"author":[{"embeddable":true,"href":"https:\/\/www.infokuryr.cz\/n\/wp-json\/wp\/v2\/users\/2"}],"replies":[{"embeddable":true,"href":"https:\/\/www.infokuryr.cz\/n\/wp-json\/wp\/v2\/comments?post=44339"}],"version-history":[{"count":1,"href":"https:\/\/www.infokuryr.cz\/n\/wp-json\/wp\/v2\/posts\/44339\/revisions"}],"predecessor-version":[{"id":44340,"href":"https:\/\/www.infokuryr.cz\/n\/wp-json\/wp\/v2\/posts\/44339\/revisions\/44340"}],"wp:featuredmedia":[{"embeddable":true,"href":"https:\/\/www.infokuryr.cz\/n\/wp-json\/wp\/v2\/media\/23972"}],"wp:attachment":[{"href":"https:\/\/www.infokuryr.cz\/n\/wp-json\/wp\/v2\/media?parent=44339"}],"wp:term":[{"taxonomy":"category","embeddable":true,"href":"https:\/\/www.infokuryr.cz\/n\/wp-json\/wp\/v2\/categories?post=44339"},{"taxonomy":"post_tag","embeddable":true,"href":"https:\/\/www.infokuryr.cz\/n\/wp-json\/wp\/v2\/tags?post=44339"}],"curies":[{"name":"wp","href":"https:\/\/api.w.org\/{rel}","templated":true}]}}