{"id":44291,"date":"2024-01-10T00:37:56","date_gmt":"2024-01-09T23:37:56","guid":{"rendered":"http:\/\/www.infokuryr.cz\/n\/?p=44291"},"modified":"2024-01-09T15:08:31","modified_gmt":"2024-01-09T14:08:31","slug":"caitlin-johnstoneova-je-silene-ze-nekdo-stale-podporuje-izrael","status":"publish","type":"post","link":"https:\/\/www.infokuryr.cz\/n\/2024\/01\/10\/caitlin-johnstoneova-je-silene-ze-nekdo-stale-podporuje-izrael\/","title":{"rendered":"Caitlin Johnstoneov\u00e1: Je \u0161\u00edlen\u00e9, \u017ee n\u011bkdo st\u00e1le podporuje Izrael"},"content":{"rendered":"<div id=\"fb-root\"><\/div>\n<div class=\"elementor-element elementor-element-1fb4c2c elementor-widget elementor-widget-theme-post-content\" data-id=\"1fb4c2c\" data-element_type=\"widget\" data-widget_type=\"theme-post-content.default\">\n<div class=\"elementor-widget-container\">\n<p><span>Ka\u017ed\u00fd, kdo dnes je\u0161t\u011b podporuje Izrael, ukazuje, \u017ee mu nez\u00e1le\u017e\u00ed ani na pravd\u011b, ani na mor\u00e1lce.\u00a0\u0158\u00edk\u00e1te sv\u011btu, \u017ee v\u00e1s zaj\u00edm\u00e1 jen va\u0161e podivn\u00e1 ideologick\u00e1 agenda a geopolitick\u00e1 kontrola.<\/span><\/p>\n<p><span>\u2756<\/span><\/p>\n<p><span>Up\u0159\u00edmn\u011b \u0159e\u010deno, div\u00edm se, \u017ee po tom v\u0161em st\u00e1le existuj\u00ed lid\u00e9, kte\u0159\u00ed Izrael neochv\u011bjn\u011b podporuj\u00ed.\u00a0Po v\u0161ech lidech, kter\u00e9 zabili.\u00a0Po v\u0161ech t\u011bch l\u017e\u00edch, do kter\u00fdch byli chyceni.\u00a0Po v\u0161ech jejich koment\u00e1\u0159\u00edch ospravedl\u0148uj\u00edc\u00edch genocidu a etnick\u00e9 \u010distky a po v\u0161ech jejich akc\u00edch, kter\u00e9 ukazuj\u00ed, \u017ee to mysl\u00ed v\u00e1\u017en\u011b.<\/span><\/p>\n<p><span>Ka\u017ed\u00fd, kdo st\u00e1le podporuje Izrael, ukazuje, \u017ee mu na pravd\u011b a mor\u00e1lce nez\u00e1le\u017e\u00ed.\u00a0\u0158\u00edk\u00e1te sv\u011btu, \u017ee se star\u00e1te pouze o sv\u00e9 podivn\u00e9 ideologick\u00e9 pl\u00e1ny a geopolitickou kontrolu.<\/span><\/p>\n<p><span>Ve\u0159ejn\u011b prohla\u0161ujete, \u017ee jste posran\u00fd \u010dlov\u011bk.\u00a0\u017de jste \u017eili na t\u00e9to zemi v\u0161echny ty roky, ani\u017e byste dos\u00e1hli emocion\u00e1ln\u00ed nebo psychologick\u00e9 zralosti.\u00a0\u017de jste promarnili sv\u016fj \u017eivot na t\u00e9to planet\u011b.<\/span><\/p>\n<p><span>\u2756<\/span><\/p>\n<p><span>Po\u010dkejte, a\u017e Zoomers zjist\u00ed, \u017ee Epstein ud\u011blal to, co ud\u011blal, proto\u017ee vedl operaci sexu\u00e1ln\u00edho vyd\u00edr\u00e1n\u00ed pro izraelskou rozv\u011bdku.<\/span><\/p>\n<p><span>Nejd\u016fle\u017eit\u011bj\u0161\u00ed na Epsteinov\u011b p\u0159\u00edb\u011bhu nen\u00ed to, \u017ee pom\u00e1hal n\u011bkter\u00fdm celebrit\u00e1m zn\u00e1sil\u0148ovat nezletil\u00e9, ale to, \u017ee mocn\u00e9 zpravodajsk\u00e9 agentury pou\u017e\u00edvaj\u00ed d\u011btsk\u00e9 sexu\u00e1ln\u00ed otrokyn\u011b a sexu\u00e1ln\u00ed vyd\u00edr\u00e1n\u00ed k ovl\u00e1d\u00e1n\u00ed na\u0161\u00ed spole\u010dnosti.<\/span><\/p>\n<p><span>\u2756<\/span><\/p>\n<p><span>Nic v\u00e1s nep\u0159esv\u011bd\u010d\u00ed rychleji o tom, \u017ee Izrael je rasistick\u00fd apartheid, kter\u00fd dr\u017e\u00ed pohromad\u011b nen\u00e1vist a n\u00e1sil\u00ed, ne\u017e videa, kter\u00e1 sami Izraelci nahr\u00e1vaj\u00ed na soci\u00e1ln\u00ed s\u00edt\u011b.<\/span><\/p>\n<p><em><span>Izrael\u0161t\u00ed voj\u00e1ci se potuluj\u00ed v dom\u011b, kter\u00fd obsadili v Gaze, a pak ho vyp\u00e1l\u00ed!<\/span><\/em><\/p>\n<div class=\"twitter-tweet twitter-tweet-rendered\"><iframe id=\"twitter-widget-0\" class=\"\" title=\"X Post\" src=\"https:\/\/platform.twitter.com\/embed\/Tweet.html?creatorScreenName=uncutnewsCH&amp;dnt=false&amp;embedId=twitter-widget-0&amp;features=eyJ0ZndfdGltZWxpbmVfbGlzdCI6eyJidWNrZXQiOltdLCJ2ZXJzaW9uIjpudWxsfSwidGZ3X2ZvbGxvd2VyX2NvdW50X3N1bnNldCI6eyJidWNrZXQiOnRydWUsInZlcnNpb24iOm51bGx9LCJ0ZndfdHdlZXRfZWRpdF9iYWNrZW5kIjp7ImJ1Y2tldCI6Im9uIiwidmVyc2lvbiI6bnVsbH0sInRmd19yZWZzcmNfc2Vzc2lvbiI6eyJidWNrZXQiOiJvbiIsInZlcnNpb24iOm51bGx9LCJ0ZndfZm9zbnJfc29mdF9pbnRlcnZlbnRpb25zX2VuYWJsZWQiOnsiYnVja2V0Ijoib24iLCJ2ZXJzaW9uIjpudWxsfSwidGZ3X21peGVkX21lZGlhXzE1ODk3Ijp7ImJ1Y2tldCI6InRyZWF0bWVudCIsInZlcnNpb24iOm51bGx9LCJ0ZndfZXhwZXJpbWVudHNfY29va2llX2V4cGlyYXRpb24iOnsiYnVja2V0IjoxMjA5NjAwLCJ2ZXJzaW9uIjpudWxsfSwidGZ3X3Nob3dfYmlyZHdhdGNoX3Bpdm90c19lbmFibGVkIjp7ImJ1Y2tldCI6Im9uIiwidmVyc2lvbiI6bnVsbH0sInRmd19kdXBsaWNhdGVfc2NyaWJlc190b19zZXR0aW5ncyI6eyJidWNrZXQiOiJvbiIsInZlcnNpb24iOm51bGx9LCJ0ZndfdXNlX3Byb2ZpbGVfaW1hZ2Vfc2hhcGVfZW5hYmxlZCI6eyJidWNrZXQiOiJvbiIsInZlcnNpb24iOm51bGx9LCJ0ZndfdmlkZW9faGxzX2R5bmFtaWNfbWFuaWZlc3RzXzE1MDgyIjp7ImJ1Y2tldCI6InRydWVfYml0cmF0ZSIsInZlcnNpb24iOm51bGx9LCJ0ZndfbGVnYWN5X3RpbWVsaW5lX3N1bnNldCI6eyJidWNrZXQiOnRydWUsInZlcnNpb24iOm51bGx9LCJ0ZndfdHdlZXRfZWRpdF9mcm9udGVuZCI6eyJidWNrZXQiOiJvbiIsInZlcnNpb24iOm51bGx9fQ%3D%3D&amp;frame=false&amp;hideCard=false&amp;hideThread=false&amp;id=1742211966502928522&amp;lang=cs&amp;origin=https%3A%2F%2Funcutnews.ch%2Fes-ist-verrueckt-dass-noch-jemand-israel-unterstuetzt%2F&amp;sessionId=f5271dc5a063720928c3776bd5b19d49ceeac123&amp;theme=light&amp;widgetsVersion=2615f7e52b7e0%3A1702314776716&amp;width=550px\" frameborder=\"0\" scrolling=\"no\" allowfullscreen=\"allowfullscreen\" data-tweet-id=\"1742211966502928522\" data-mce-fragment=\"1\"><\/iframe><\/div>\n<p><span>\u2756<\/span><\/p>\n<p><span>Pro Izrael mluvit o \u201edobrovoln\u00e9 migraci\u201c Palestinc\u016f z Gazy pot\u00e9, co \u00famysln\u011b u\u010dinil Gazu neobyvatelnou, je jako okr\u00e1st \u010dlov\u011bka se zbran\u00ed v ruce a pak tvrdit, \u017ee v\u00e1m dal pen\u011b\u017eenku dobrovoln\u011b, proto\u017ee jste mu fyzicky nes\u00e1hli do kapsy, abyste mu ji sebrali. .<\/span><\/p>\n<p><span>\u2756<\/span><\/p>\n<p><span>Lidi, je opravdu, opravdu, opravdu d\u016fle\u017eit\u00e9, aby Trump nebyl znovu zvolen, proto\u017ee pokud bude, USA budou m\u00edt prezidenta, kter\u00fd podporuje masov\u00e9 vra\u017ed\u011bn\u00ed, genocidu a etnick\u00e9 \u010distky, a pravd\u011bpodobn\u011b bude m\u00edt spoustu lid\u00e9 zabit\u00ed rasistick\u00fdmi tyrany.<\/span><\/p>\n<p><span>V\u00e1\u017en\u011b, je extr\u00e9mn\u011b sm\u011b\u0161n\u00e9, \u017ee Biden sabotoval m\u00edr na Ukrajin\u011b a podporuje genocidu v Gaze, a my tu v\u0161ichni sed\u00edme a modl\u00edme se, aby neza\u010dal novou v\u00e1lku na Bl\u00edzk\u00e9m v\u00fdchod\u011b, ale st\u00e1le se m\u00e1me velmi ob\u00e1vat, kdy\u017e Trump se vrac\u00ed do B\u00edl\u00e9ho domu.\u00a0Biden je p\u0159esn\u011b t\u00edm, \u010d\u00edm se lid\u00e9 ob\u00e1vali, \u017ee Trump bude.<\/span><\/p>\n<p><span>\u2756<\/span><\/p>\n<p><span>Kdy\u017e vid\u00edte, jak brut\u00e1ln\u011b zach\u00e1zej\u00ed izraelsk\u00e9 ozbrojen\u00e9 s\u00edly s Palestinci a antisionistick\u00fdmi \u017didy, u\u017e v\u00e1s nep\u0159ekvap\u00ed, \u017ee tolik americk\u00fdch policist\u016f bylo vycvi\u010deno v Izraeli.\u00a0M\u00e1m pocit, \u017ee kdyby tato skute\u010dnost byla v\u00edce zn\u00e1m\u00e1, z\u00edskala by mezi mlad\u00fdmi Ameri\u010dany v\u011bt\u0161\u00ed ohlas.<\/span><\/p>\n<p><span>\u2756<\/span><\/p>\n<p><span>Kdy\u017e sly\u0161\u00edte n\u011bkoho, kdo je rasista, sexista, homofob nebo transfob, v\u00edte, co t\u00edm mysl\u00ed.\u00a0Kdy\u017e n\u011bkdo \u0159\u00edk\u00e1, \u017ee je antisemita, mus\u00edte si polo\u017eit ot\u00e1zku: \u201eJak\u00fd antisemita?\u00a0Ten skute\u010dn\u00fd, nebo ten, kdo je proti apartheidu a genocid\u011b?<\/span><\/p>\n<p><span>\u2756<\/span><\/p>\n<p><span>Izrael\u0161t\u00ed obh\u00e1jci p\u0159edst\u00edraj\u00ed, \u017ee br\u00e1n\u00ed \u017didy, i kdy\u017e ve skute\u010dnosti jen br\u00e1n\u00ed vl\u00e1du.\u00a0Jsou to pa\u0161a\u0159i, jako ka\u017ed\u00fd imperi\u00e1ln\u00ed apo\u0161tol, kter\u00fd k\u0159i\u010d\u00ed na lidi, kdy\u017e kritizuj\u00ed z\u00e1padn\u00ed v\u00e1le\u010dn\u00e9 \u0161tvanice.\u00a0Jen slintaj\u00ed nad st\u00e1tn\u00ed moc\u00ed.<\/span><\/p>\n<p><span>\u2756<\/span><\/p>\n<p><span>Izrael je n\u00e1zorn\u00fdm p\u0159\u00edkladem toho, jak vypr\u00e1v\u011bn\u00ed p\u0159\u00edb\u011bh\u016f m\u016f\u017ee dostat lidi do probl\u00e9m\u016f.\u00a0V 19. stolet\u00ed si p\u00e1r lid\u00ed vymyslelo p\u00e1r slovn\u00edch p\u0159\u00edb\u011bh\u016f o pot\u0159eb\u011b \u017eidovsk\u00e9ho etnick\u00e9ho st\u00e1tu, a nyn\u00ed v roce 2024 n\u00e1m \u0159\u00edkaj\u00ed, \u017ee je v po\u0159\u00e1dku a dobr\u00e9, aby tento st\u00e1t vra\u017edil d\u011bti po tis\u00edc\u00edch a spol\u00e9hal na to, \u017ee se p\u0159iprav\u00ed vyhnat Palestince z jejich vlasti, proto\u017ee \u201eIzrael m\u00e1 pr\u00e1vo se br\u00e1nit\u201c.\u00a0Cel\u00e1 tato katastrofa vznikla z ment\u00e1ln\u00ed struktury my\u0161len\u00ed, kter\u00e1 nem\u00e1 \u017e\u00e1dn\u00fd z\u00e1klad ani v p\u0159\u00edrod\u011b, ani ve fyzick\u00e9 realit\u011b.<\/span><\/p>\n<p><span>M\u00e1-li se lidstvo st\u00e1t uv\u011bdom\u011bl\u00fdm druhem, mus\u00edme p\u0159estat b\u00fdt ovl\u00e1d\u00e1ni ment\u00e1ln\u00edmi vypr\u00e1v\u011bn\u00edmi mezi u\u0161ima a za\u010d\u00edt se zapojovat do skute\u010dn\u00e9ho \u017eivota, v podm\u00ednk\u00e1ch skute\u010dn\u00e9ho \u017eivota, p\u0159irozen\u011bj\u0161\u00edm zp\u016fsobem na fungov\u00e1n\u00ed t\u00e9to planety.<\/span><\/p>\n<p><span>Nevid\u00edte zv\u00ed\u0159ata p\u00e1chaj\u00edc\u00ed genocidu, proto\u017ee n\u011bkter\u00e9 my\u0161lenkov\u00e9 p\u0159\u00edb\u011bhy, kter\u00e9 si vymyslela o tom, jak se v\u011bci maj\u00ed a jak by m\u011bly b\u00fdt, je p\u0159ivedly k \u0161\u00edlenstv\u00ed, a uv\u011bdom\u011bl\u00ed lid\u00e9 to tak\u00e9 neud\u011blaj\u00ed.<\/span><\/p>\n<\/div>\n<\/div>\n<div class=\"elementor-element elementor-element-8c57238 quelle dc-has-condition dc-condition-empty elementor-widget elementor-widget-heading\" data-id=\"8c57238\" data-element_type=\"widget\" data-widget_type=\"heading.default\">\n<div class=\"elementor-widget-container\">\n<h3 class=\"elementor-heading-title elementor-size-default\"><span style=\"font-size: 10pt;\"><a href=\"https:\/\/caitlinjohnstone.com.au\/2024\/01\/05\/its-insane-that-anyone-is-still-supporting-israel\/\" target=\"_blank\" rel=\"nofollow noopener\">ZDROJ<\/a><\/span><\/h3>\n<p>&nbsp;<\/p>\n<\/div>\n<\/div>\n","protected":false},"excerpt":{"rendered":"<p>Ka\u017ed\u00fd, kdo dnes je\u0161t\u011b podporuje Izrael, ukazuje, \u017ee mu nez\u00e1le\u017e\u00ed ani na pravd\u011b, ani na&#8230;<\/p>\n","protected":false},"author":2,"featured_media":44292,"comment_status":"closed","ping_status":"closed","sticky":false,"template":"","format":"standard","meta":[],"categories":[7],"tags":[348,178,6277,6170],"_links":{"self":[{"href":"https:\/\/www.infokuryr.cz\/n\/wp-json\/wp\/v2\/posts\/44291"}],"collection":[{"href":"https:\/\/www.infokuryr.cz\/n\/wp-json\/wp\/v2\/posts"}],"about":[{"href":"https:\/\/www.infokuryr.cz\/n\/wp-json\/wp\/v2\/types\/post"}],"author":[{"embeddable":true,"href":"https:\/\/www.infokuryr.cz\/n\/wp-json\/wp\/v2\/users\/2"}],"replies":[{"embeddable":true,"href":"https:\/\/www.infokuryr.cz\/n\/wp-json\/wp\/v2\/comments?post=44291"}],"version-history":[{"count":0,"href":"https:\/\/www.infokuryr.cz\/n\/wp-json\/wp\/v2\/posts\/44291\/revisions"}],"wp:featuredmedia":[{"embeddable":true,"href":"https:\/\/www.infokuryr.cz\/n\/wp-json\/wp\/v2\/media\/44292"}],"wp:attachment":[{"href":"https:\/\/www.infokuryr.cz\/n\/wp-json\/wp\/v2\/media?parent=44291"}],"wp:term":[{"taxonomy":"category","embeddable":true,"href":"https:\/\/www.infokuryr.cz\/n\/wp-json\/wp\/v2\/categories?post=44291"},{"taxonomy":"post_tag","embeddable":true,"href":"https:\/\/www.infokuryr.cz\/n\/wp-json\/wp\/v2\/tags?post=44291"}],"curies":[{"name":"wp","href":"https:\/\/api.w.org\/{rel}","templated":true}]}}