{"id":44264,"date":"2024-01-09T07:01:08","date_gmt":"2024-01-09T06:01:08","guid":{"rendered":"http:\/\/www.infokuryr.cz\/n\/?p=44264"},"modified":"2024-01-09T07:01:08","modified_gmt":"2024-01-09T06:01:08","slug":"v-libanonu-zabit-velitel-hizballahu","status":"publish","type":"post","link":"https:\/\/www.infokuryr.cz\/n\/2024\/01\/09\/v-libanonu-zabit-velitel-hizballahu\/","title":{"rendered":"V Libanonu zabit velitel Hizball\u00e1hu"},"content":{"rendered":"<div id=\"fb-root\"><\/div>\n<p><span style=\"font-size: 18pt;\"><strong>Skupina tvrdila, \u017ee izraelsk\u00fd n\u00e1let zabil vysok\u00e9ho v\u016fdce jej\u00ed elitn\u00ed jednotky komanda<\/strong><\/span><\/p>\n<p><span>Vysok\u00fd velitel elitn\u00ed jednotky speci\u00e1ln\u00edch sil Hizball\u00e1hu byl zabit p\u0159i \u00fadajn\u00e9m izraelsk\u00e9m n\u00e1letu v ji\u017en\u00edm Libanonu, co\u017e zv\u00fd\u0161ilo nap\u011bt\u00ed, proto\u017ee v\u00e1lka v Z\u00e1padn\u00edm Jeruzal\u00e9m\u011b s Ham\u00e1sem hroz\u00ed roz\u0161\u00ed\u0159en\u00edm na druhou frontu.<\/span><\/p>\n<p><span>Vojensk\u00fd medi\u00e1ln\u00ed \u00fa\u0159ad Hizball\u00e1hu potvrdil v pond\u011bl\u00ed smrt Wissama al-Tawila, z\u00e1stupce velitele tajn\u00e9 komando Radwan militantn\u00ed skupiny.\u00a0On a dal\u0161\u00ed bojovn\u00edk Hizball\u00e1hu byli \u00fadajn\u011b zabiti, kdy\u017e sportovn\u011b-u\u017eitkov\u00e9 vozidlo, ve kter\u00e9m jeli, bylo zasa\u017eeno raketou v libanonsk\u00e9m m\u011bst\u011b Majdal Selm, asi \u010dty\u0159i m\u00edle severn\u011b od izraelsk\u00fdch hranic.<\/span><\/p>\n<p><span>Al-Tawil je nejvy\u0161\u0161\u00edm \u010dlenem Hizball\u00e1hu, kter\u00fd byl zabit od 7. \u0159\u00edjna, kdy za\u010dala v\u00e1lka Izraele s Hamasem. P\u0159eshrani\u010dn\u00ed n\u00e1sil\u00ed v posledn\u00edch dnech eskalovalo;\u00a0Hizball\u00e1h zah\u00e1jil v sobotu raketov\u00fd \u00fatok na izraelskou zpravodajskou z\u00e1kladnu, kter\u00fd byl reakc\u00ed na n\u00e1let dronu minul\u00fd t\u00fdden, kter\u00fd zabil z\u00e1stupce v\u016fdce Ham\u00e1su S\u00e1liha al-Ar\u00far\u00edho a \u0161est dal\u0161\u00edch lid\u00ed na p\u0159edm\u011bst\u00ed Bejr\u00fatu.<\/span><\/p>\n<p><span>Izraelsk\u00e9 obrann\u00e9 s\u00edly (IDF)\u00a0<\/span><a href=\"https:\/\/twitter.com\/idfonline\/status\/1744349671336665134\"><span>potvrdily<\/span><\/a><span>\u00a0, \u017ee v pond\u011bl\u00ed provedly \u00fadery proti vojensk\u00fdm c\u00edl\u016fm Hizball\u00e1hu v Libanonu.\u00a0Nicm\u00e9n\u011b izrael\u0161t\u00ed p\u0159edstavitel\u00e9 nehovo\u0159ili konkr\u00e9tn\u011b o zab\u00edjen\u00ed al-Arouri a al-Tawil, v souladu s jejich politikou t\u00fdkaj\u00edc\u00ed se extrateritori\u00e1ln\u00edch vra\u017ed.<\/span><\/p>\n<p><span>Video zve\u0159ejn\u011bn\u00e9 na soci\u00e1ln\u00edch s\u00edt\u00edch m\u011blo zachycovat\u00a0<\/span><a href=\"https:\/\/twitter.com\/mayadeenlebanon\/status\/1744301254598160448\"><span>vyho\u0159el\u00e9<\/span><\/a><span>\u00a0vozidlo, ve kter\u00e9m jel al-Tawil.\u00a0Hizball\u00e1h \u0159ekl, \u017ee zem\u0159el\u00a0<\/span><em><span>\u201ena cest\u011b do Jeruzal\u00e9ma\u201c, co\u017e<\/span><\/em><span>\u00a0je fr\u00e1ze, kterou skupina pou\u017e\u00edv\u00e1 pro bojovn\u00edky zabit\u00e9 izraelsk\u00fdmi silami.\u00a0Skupina tak\u00e9 zve\u0159ejnila sn\u00edmky zesnul\u00e9ho velitele, v\u010detn\u011b fotografi\u00ed, na nich\u017e je po boku vysok\u00fdch v\u016fdc\u016f Hizball\u00e1hu a nejvy\u0161\u0161\u00edho \u00edr\u00e1nsk\u00e9ho gener\u00e1la Qassema Soleimaniho, kter\u00fd byl v roce 2020 zavra\u017ed\u011bn p\u0159i \u00fatoku americk\u00e9ho dronu.<\/span><\/p>\n<p><span>Ameri\u010dt\u00ed p\u0159edstavitel\u00e9 trvali na tom, \u017ee pracuj\u00ed na tom, aby zabr\u00e1nili eskalaci v\u00e1lky mezi Izraelem a Ham\u00e1sem v \u0161ir\u0161\u00ed konflikt.\u00a0Tajn\u00e9 hodnocen\u00ed americk\u00fdch zpravodajsk\u00fdch slu\u017eeb zjistilo, \u017ee pro izraelsk\u00e9 s\u00edly bude\u00a0<\/span><em><span>\u201eobt\u00ed\u017en\u00e9 usp\u011bt\u201c<\/span><\/em><span>\u00a0ve v\u00e1lce na dvou front\u00e1ch proti Hamasu v Gaze a Hizball\u00e1hu v Libanonu, uvedl v ned\u011bli\u00a0<\/span><a href=\"https:\/\/swentr.site\/news\/590240-israel-lose-war-hezbollah\/\"><span>Washington Post<\/span><\/a><span>\u00a0.\u00a0Americk\u00fd ministr zahrani\u010d\u00ed Antony Blinken by se m\u011bl tento t\u00fdden setkat s izraelsk\u00fdmi v\u016fdci v Tel Avivu v r\u00e1mci dev\u00edti zast\u00e1vek na Bl\u00edzk\u00e9m v\u00fdchod\u011b.<\/span><\/p>\n<p><span>Al-Tawilova jednotka Radwan se p\u0159ipravovala na potenci\u00e1ln\u00ed p\u0159eshrani\u010dn\u00ed \u00fatok proti Izraeli, ale tyto pl\u00e1ny byly \u00fadajn\u011b pozastaveny, kdy\u017e bojovn\u00edci Hamasu 7. \u0159\u00edjna zah\u00e1jili p\u0159ekvapiv\u00e9 n\u00e1lety na vesnice v ji\u017en\u00edm Izraeli, co\u017e vyvolalo posledn\u00ed v\u00e1lku v regionu.<\/span><\/p>\n<p><span>Z\u00e1padn\u00ed Jeruzal\u00e9m se neboj\u00ed j\u00edt do v\u00e1lky s \u00cdr\u00e1nem podporovan\u00fdm Hizball\u00e1hem a Hamasem sou\u010dasn\u011b, \u0159ekl izraelsk\u00fd ministr obrany Yoav Gallant pro Wall\u00a0<\/span><a href=\"https:\/\/www.wsj.com\/world\/middle-east\/israels-yoav-gallant-we-are-fighting-an-axis-not-a-single-enemy-2408ef96\"><span>Street Journal<\/span><\/a><span>\u00a0v \u010dl\u00e1nku zve\u0159ejn\u011bn\u00e9m v ned\u011bli.\u00a0<\/span><em><span>&#8222;Vid\u00ed, co se d\u011bje v Gaze,&#8220;<\/span><\/em><span>\u00a0\u0159ekl.\u00a0<\/span><em><span>&#8222;V\u011bd\u00ed, \u017ee m\u016f\u017eeme zkop\u00edrovat a vlo\u017eit do Bejr\u00fatu.&#8220;<\/span><\/em><\/p>\n<p><img decoding=\"async\" loading=\"lazy\" class=\"alignnone size-full wp-image-1185\" src=\"http:\/\/www.infokuryr.cz\/n\/wp-content\/uploads\/2021\/04\/kuryr-podpis.png\" alt=\"\" width=\"84\" height=\"24\" \/><\/p>\n<p>&nbsp;<\/p>\n<p>&nbsp;<\/p>\n","protected":false},"excerpt":{"rendered":"<p>Skupina tvrdila, \u017ee izraelsk\u00fd n\u00e1let zabil vysok\u00e9ho v\u016fdce jej\u00ed elitn\u00ed jednotky komanda Vysok\u00fd velitel elitn\u00ed&#8230;<\/p>\n","protected":false},"author":2,"featured_media":44265,"comment_status":"closed","ping_status":"closed","sticky":false,"template":"","format":"standard","meta":[],"categories":[7],"tags":[2306,107,3526],"_links":{"self":[{"href":"https:\/\/www.infokuryr.cz\/n\/wp-json\/wp\/v2\/posts\/44264"}],"collection":[{"href":"https:\/\/www.infokuryr.cz\/n\/wp-json\/wp\/v2\/posts"}],"about":[{"href":"https:\/\/www.infokuryr.cz\/n\/wp-json\/wp\/v2\/types\/post"}],"author":[{"embeddable":true,"href":"https:\/\/www.infokuryr.cz\/n\/wp-json\/wp\/v2\/users\/2"}],"replies":[{"embeddable":true,"href":"https:\/\/www.infokuryr.cz\/n\/wp-json\/wp\/v2\/comments?post=44264"}],"version-history":[{"count":0,"href":"https:\/\/www.infokuryr.cz\/n\/wp-json\/wp\/v2\/posts\/44264\/revisions"}],"wp:featuredmedia":[{"embeddable":true,"href":"https:\/\/www.infokuryr.cz\/n\/wp-json\/wp\/v2\/media\/44265"}],"wp:attachment":[{"href":"https:\/\/www.infokuryr.cz\/n\/wp-json\/wp\/v2\/media?parent=44264"}],"wp:term":[{"taxonomy":"category","embeddable":true,"href":"https:\/\/www.infokuryr.cz\/n\/wp-json\/wp\/v2\/categories?post=44264"},{"taxonomy":"post_tag","embeddable":true,"href":"https:\/\/www.infokuryr.cz\/n\/wp-json\/wp\/v2\/tags?post=44264"}],"curies":[{"name":"wp","href":"https:\/\/api.w.org\/{rel}","templated":true}]}}