{"id":4425,"date":"2021-08-30T09:53:33","date_gmt":"2021-08-30T07:53:33","guid":{"rendered":"http:\/\/www.infokuryr.cz\/n\/?p=4425"},"modified":"2021-08-30T09:53:33","modified_gmt":"2021-08-30T07:53:33","slug":"nedelnik-adama-b-bartose-51","status":"publish","type":"post","link":"https:\/\/www.infokuryr.cz\/n\/2021\/08\/30\/nedelnik-adama-b-bartose-51\/","title":{"rendered":"NED\u011aLN\u00cdK ADAMA B. BARTO\u0160E (51)"},"content":{"rendered":"<div id=\"fb-root\"><\/div>\n<h2 class=\"entry-title\"><span style=\"font-size: 14pt;\">NED\u011aLN\u00cdK ADAMA B. BARTO\u0160E (51) PRO\u010c N\u00c1M HONZA HAM\u00c1\u010cEK VYBRAL SEDMI\u010cKU? CO JSEM D\u011aLAL V P\u0158\u00cd\u010cOVECH? PRO\u010c M\u00c1 KUR\u00c1\u0160 KUR\u00c1\u017d? A JAK VANDASOVI BOUCHLY SAZE<\/span><\/h2>\n<p>Douf\u00e1m, \u017ee nic ned\u011bl\u00e1te, jen odpo\u010d\u00edv\u00e1te. Je p\u0159ece ned\u011ble. A s n\u00ed ned\u011bln\u00edk ABB. Budu se sna\u017eit, aby byl tak\u00e9 odpo\u010dinkov\u00fd.<span id=\"more-12234\"><\/span><\/p>\n<p>Po pauze dan\u00e9 pobytem na chat\u011b jsem zase nato\u010dil jeden\u00a0<a href=\"https:\/\/www.facebook.com\/narodnidemokracie\/videos\/376004353909543\" target=\"_blank\" rel=\"noopener\"><em><strong>St\u0159edn\u00edk<\/strong><\/em><\/a>. To proto, \u017ee od ned\u011ble do ned\u011ble to sice let\u00ed, ale i uprost\u0159ed t\u00fddne se n\u011bco d\u011bje, co je t\u0159eba okomentovat. Nap\u0159\u00edklad volebn\u00ed losova\u010dku, kdy n\u00e1m st\u00e1tn\u00ed volebn\u00ed komise v \u00fater\u00fd vylosovala hezk\u00e9 \u010d\u00edslo sedm. Vtipn\u011b to glosoval i server cd89.cz, kter\u00fd je v\u0161ak p\u0159esv\u011bd\u010den, \u017ee n\u00e1m \u010d\u00edslo sedm vybral s\u00e1m \u2013\u00a0<a href=\"https:\/\/www.cd89.cz\/volebni-losovacka\" target=\"_blank\" rel=\"noopener\"><em><strong>Jan Ham\u00e1\u010dek<\/strong><\/em><\/a>. A\u0165 tak \u010di onak, bude to zaj\u00edmav\u00fd z\u00e1pas. Nejen my toti\u017e bojujeme o Sn\u011bmovnu, ale bojuje o ni i \u010cSSD, kter\u00e1 ji v\u016fbec nem\u00e1 jistou\u2026<\/p>\n<p>Pustil jsem se tak\u00e9 do \u010dten\u00ed brut\u00e1ln\u00ed kn\u00ed\u017eky \u2013\u00a0<em>Sd\u00edlej, ne\u017e to zak\u00e1\u017eou<\/em>\u00a0(nem\u011bla se sp\u00ed\u0161e jmenovat\u00a0<em>Sd\u00edlej, ne\u017e to zak\u00e1\u017eu<\/em>?). Je to masakr takov\u00e9ho kalibru, \u017ee jsem u\u010dinil rozhodnut\u00ed napsat k tomu recenzi. Tak\u017ee m\u00e1m zad\u011bl\u00e1no na t\u00e9ma p\u0159\u00ed\u0161t\u00edho ned\u011bln\u00edku. Snad to do t\u00e9 doby stihnu do\u010d\u00edst, proto\u017ee \u010dasu m\u00e1m m\u00e1lo \u2013 slovy Andreje Babi\u0161e, furt mak\u00e1m.<\/p>\n<p>Minule jsem zase sl\u00edbil okomentovat P\u0159\u00ed\u010dovy. Ale proto\u017ee jsem z\u00e1rove\u0148 v \u00favodu tohoto ned\u011bln\u00edku sl\u00edbil, \u017ee bude pohodov\u00fd a odpo\u010dinkov\u00fd, nep\u016fjdu p\u0159\u00edli\u0161 do hloubky a ani do konfrontace. To bych musel vysv\u011btlovat rozd\u00edl mezi vlastencem a n\u00e1rodovcem. Zase bych n\u011bkoho na\u0161tval a to se mi p\u0159i ned\u011bli nechce.<\/p>\n<p>P\u0159edn\u011b mus\u00edm \u0159\u00edci, jak jsem se v P\u0159\u00ed\u010dovech ocitl. Petr Hampl se p\u0159ed rokem nechal sly\u0161et, \u017ee nikoho jako jsem j\u00e1 do P\u0159\u00ed\u010dov nepozve. V\u00edm, \u017ee je to otev\u0159en\u00e1 akce a \u017ee bych tam klidn\u011b mohl p\u0159ij\u00edt i bez pozv\u00e1n\u00ed, ale proto\u017ee c\u00edt\u00edm, \u017ee tam nejsem zv\u00e1n, nikdy jsem se tam nejel. A\u017e letos. A m\u016f\u017ee za to Ale\u0161 P\u0159ichystal.<\/p>\n<p>Jel jsem tam toti\u017e na jeho p\u0159\u00e1n\u00ed coby vydavatel pok\u0159t\u00edt jeho novou knihu inspirovanou moudr\u00fdmi my\u0161lenkami staro\u010d\u00ednsk\u00e9ho Mistra Suna. Zesnul\u00fd spoluautor knihy, slovensk\u00fd vlastenec, plukovn\u00edk Peter \u0160vec Sunovy my\u0161lenky p\u0159etlumo\u010dil do dne\u0161n\u00ed doby jazykem ur\u010den\u00fdm pro vlasteneck\u00e9 voj\u00e1ky. Ale\u0161 P\u0159ichystal to sv\u00fdmi koment\u00e1\u0159i povznesl je\u0161t\u011b o \u00farove\u0148 v\u00fd\u0161e \u2013 ud\u011blal z toho n\u00e1vod pro vlasteneck\u00e9 politiky \u010di v\u016fbec obecn\u011b vlastence, jak nepropadat malomyslnosti z domn\u011bl\u00e9 p\u0159evahy liber\u00e1l\u016f a jak p\u0159ej\u00edt z pouh\u00e9 obrany do proti\u00fatoku. Tak\u017ee na to, \u017ee to jsou my\u0161lenky tis\u00edce let star\u00e9, je to d\u00edlo vysoce aktu\u00e1ln\u00ed, dokonce takov\u00e9, kter\u00e9 na dne\u0161n\u00ed dobu sed\u00ed jako \u201eprdel na hrnec\u201c, \u0159e\u010deno slovy jin\u00e9ho klasika. I kdy\u017e v p\u0159\u00edpad\u011b tohoto \u201eklasika\u201c bychom m\u011bli sp\u00ed\u0161e \u0159\u00edci \u2013 jako \u201epazde\u0159\u00ed k prdeli\u201c. Ano \u2013 tento osl\u00ed m\u016fstek mne napadl proto, \u017ee dal\u0161\u00edm z k\u0159t\u00edc\u00edch byl i m\u016fj mentor a skoro soused Ladislav B\u00e1tora, kter\u00fd \u010d\u00edn\u0161tinu studoval a vyhov\u011bl m\u00e9 \u017e\u00e1dosti o korektury t\u011bch \u010d\u00e1st\u00ed knihy, kter\u00e9 se t\u00fdkaj\u00ed Mistra Suna. K\u0159tu se \u00fa\u010dastnil i Ivo Gec a bezpe\u010dnostn\u00ed analytik Jaroslav \u0160tefec. V p\u0159\u00ed\u010dovsk\u00e9m \u0161p\u00fdcharu, mimochodem kr\u00e1sn\u011b renovovan\u00e9m, byla v\u0161ak pom\u011brn\u011b velk\u00e1 tma, tak\u017ee se videoz\u00e1znam nepovedl a i fotky jsou rozmazan\u00e9, tak\u017ee mi to cel\u00e9 nemus\u00edte v\u011b\u0159it. Ale knihu si objednat m\u016f\u017eete\u00a0<a href=\"http:\/\/knihyabb.cz\/domu\/3977-ales-prichystal-peter-svec-soumrak-liberalu-strategie-porazky.html\" target=\"_blank\" rel=\"noopener\"><em><strong>zde<\/strong><\/em><\/a>.<\/p>\n<p><img decoding=\"async\" loading=\"lazy\" class=\"alignnone  wp-image-12237 lazy-loaded\" src=\"https:\/\/narodnidemokracie.cz\/wp-content\/uploads\/2021\/08\/20210821_122646.jpg\" sizes=\"(max-width: 1600px) 100vw, 1600px\" srcset=\"https:\/\/narodnidemokracie.cz\/wp-content\/uploads\/2021\/08\/20210821_122646.jpg 1600w, https:\/\/narodnidemokracie.cz\/wp-content\/uploads\/2021\/08\/20210821_122646-300x225.jpg 300w, https:\/\/narodnidemokracie.cz\/wp-content\/uploads\/2021\/08\/20210821_122646-1024x768.jpg 1024w, https:\/\/narodnidemokracie.cz\/wp-content\/uploads\/2021\/08\/20210821_122646-768x576.jpg 768w, https:\/\/narodnidemokracie.cz\/wp-content\/uploads\/2021\/08\/20210821_122646-1536x1152.jpg 1536w, https:\/\/narodnidemokracie.cz\/wp-content\/uploads\/2021\/08\/20210821_122646-2048x1536.jpg 2048w, https:\/\/narodnidemokracie.cz\/wp-content\/uploads\/2021\/08\/20210821_122646-665x499.jpg 665w, https:\/\/narodnidemokracie.cz\/wp-content\/uploads\/2021\/08\/20210821_122646-347x260.jpg 347w\" alt=\"\" width=\"476\" height=\"357\" data-lazy-type=\"image\" data-src=\"https:\/\/narodnidemokracie.cz\/wp-content\/uploads\/2021\/08\/20210821_122646.jpg\" data-srcset=\"\" \/><\/p>\n<p><em>Tahle jedin\u00e1 rozmazan\u00e1 nen\u00ed. \u0160tefec, ABB, P\u0159ichystal. Fotil: Dominik Bastl.<\/em><\/p>\n<p>T\u0159eba\u017ee jsem v P\u0159\u00ed\u010dovech byl, t\u00edm, \u017ee jsem se furt s n\u011bk\u00fdm zdravil a s n\u011bk\u00fdm rozmlouval, musel jsem si p\u0159\u00edsp\u011bvky poslechnout a\u017e doma ze z\u00e1znamu. A proto\u017ee jsem sly\u0161el jen prvn\u00ed blok a pak blok v\u011bnovan\u00fd mlad\u00fdm, okomentuji jen tyto dva.<\/p>\n<p>Petr H\u00e1jek mne mile p\u0159ekvapil. Za\u010dal sice stylem, na kter\u00fd jsem u\u017e u n\u011bj trochu alergick\u00fd, ale nakonec vyplodil perlu \u2013 \u0159ekl vlastn\u011b jin\u00fdmi slovy to, co se tu sna\u017e\u00edm ps\u00e1t u\u017e del\u0161\u00ed dobu. H\u00e1jkovsky \u0159e\u010deno: \u201epostavme proti jejich strukturovanosti (my\u0161leno na\u0161ich ideov\u00fdch nep\u0159\u00e1tel) na\u0161i nestrukturalizovanost\u201c, \u010d\u00edm\u017e cht\u011bl \u0159\u00edci, abychom se p\u0159ed volbami nesna\u017eili spojit nespojiteln\u00e9 a byli autenti\u010dt\u00ed. Je jedno, \u017ee je v\u00edce podobn\u00fdch stran, aspo\u0148 si lid\u00e9 mohou vybrat podle sv\u00e9ho srdce. Tak i doporu\u010dil volit. Petr H\u00e1jek ve v\u00fd\u010dtu pamatoval sice na v\u0161echny alternativn\u00ed strany, krom\u011b t\u00e9 na\u0161\u00ed (kter\u00e9 nem\u016f\u017ee p\u0159ij\u00edt na jm\u00e9no proto, \u017ee jsem ho kdysi za\u0159adil na jeden nejmenovan\u00fd seznam), ale vyzn\u011bn\u00ed jeho p\u0159\u00edsp\u011bvku mus\u00edm p\u0159esto ocenit. A to, \u017ee n\u00e1s nejmenoval, mu prom\u00edj\u00edm. Sv\u00fdm zp\u016fsobem je p\u0159ece i on (podobn\u011b jako Klausov\u00e9) sou\u010d\u00e1st\u00ed syst\u00e9mu, proti kter\u00e9mu \u00fadajn\u011b protiproudn\u011b plove, tak\u017ee od n\u011bho nemohu o\u010dek\u00e1vat, \u017ee by n\u00e1s jmenoval \u010di, nedej Bo\u017ee, podporoval\u2026<\/p>\n<p><img decoding=\"async\" loading=\"lazy\" class=\"alignnone  wp-image-12238 lazy-loaded\" src=\"https:\/\/narodnidemokracie.cz\/wp-content\/uploads\/2021\/08\/Resizer_16296341154561.jpg\" sizes=\"(max-width: 1600px) 100vw, 1600px\" srcset=\"https:\/\/narodnidemokracie.cz\/wp-content\/uploads\/2021\/08\/Resizer_16296341154561.jpg 1600w, https:\/\/narodnidemokracie.cz\/wp-content\/uploads\/2021\/08\/Resizer_16296341154561-300x169.jpg 300w, https:\/\/narodnidemokracie.cz\/wp-content\/uploads\/2021\/08\/Resizer_16296341154561-1024x576.jpg 1024w, https:\/\/narodnidemokracie.cz\/wp-content\/uploads\/2021\/08\/Resizer_16296341154561-768x432.jpg 768w, https:\/\/narodnidemokracie.cz\/wp-content\/uploads\/2021\/08\/Resizer_16296341154561-1536x864.jpg 1536w, https:\/\/narodnidemokracie.cz\/wp-content\/uploads\/2021\/08\/Resizer_16296341154561-665x374.jpg 665w, https:\/\/narodnidemokracie.cz\/wp-content\/uploads\/2021\/08\/Resizer_16296341154561-462x260.jpg 462w\" alt=\"\" width=\"499\" height=\"281\" data-lazy-type=\"image\" data-src=\"https:\/\/narodnidemokracie.cz\/wp-content\/uploads\/2021\/08\/Resizer_16296341154561.jpg\" data-srcset=\"\" \/><\/p>\n<p><em>Rozmazan\u00fd k\u0159est \u201cSoumraku liber\u00e1l\u016f\u201d: ABB, B\u00e1tora, P\u0159ichystal, \u0160tefec, Gec. Fotil Dominik Bastl<\/em><\/p>\n<p>V\u00fdborn\u00fd byl i p\u0159\u00edsp\u011bvek u\u010ditelky Mileny M\u00ed\u010dov\u00e9 \u010di l\u00e9ka\u0159ky M\u00e1lkov\u00e9. Zden\u011bk Koudelka byl vtipn\u00fd, ale oslovil sp\u00ed\u0161e Morav\u00e1ky. Pokud si v\u0161ak n\u011bkdo zaslou\u017e\u00ed uzn\u00e1n\u00ed, je to Ben Kuras, a to \u0159\u00edk\u00e1m p\u0159esto, \u017ee i on mne zavrhl (pro Kurase jsem beznad\u011bjn\u011b ztracen\u00fd p\u0159\u00edpad antisemity). J\u00e1 jsem ale spravedliv\u00fd a dok\u00e1\u017eu se nad to povzn\u00e9st a vyseknout mi i poklonu, z \u010deho\u017e je vidno, \u017ee \u017e\u00e1dn\u00fd antisemita nejsem. A te\u010f ta poklona: Kdybych to m\u011bl shrnout, \u0159eknu, \u017ee Miloslav (jak se Ben vlastn\u00edm jm\u00e9nem jmenuje) Kura\u0161 (jak se Kuras vlastn\u00edm p\u0159\u00edjmen\u00edm jmenuje) m\u011bl fakt kur\u00e1\u017e. V \u010dem? Vysv\u011btl\u00edm. Kuras dok\u00e1zal v\u017edy b\u00fdt trochu nap\u0159ed a psan\u00edm varovat p\u0159ed t\u00edm, co u n\u00e1s je\u0161t\u011b ani nebylo. Je to t\u00edm, \u017ee \u017eil dlouho na Z\u00e1pad\u011b a vid\u011bl tam jeho \u00fapadek d\u0159\u00edve, ne\u017e tento \u00fapadek dorazil i k n\u00e1m. Kritizoval kv\u00f3ty na imigranty a psal o nich, kdy\u017e jsme si ani u n\u00e1s nedovedli p\u0159edstavit, \u017ee by n\u011bco takov\u00e9ho jako kv\u00f3ty na migranty mohlo v\u016fbec existovat. A uk\u00e1zal to i letos. Jako jedin\u00fd z \u0159e\u010dn\u00edk\u016f m\u011bl odvahu pouk\u00e1zat na Velk\u00fd Reset a v\u011bci s t\u00edm spojen\u00e9. V tom podle mne tkv\u00ed hodnota jeho vystoupen\u00ed. Na rozd\u00edl od Klause \u010di Hampla mluv\u00ed o tom, co je skute\u010dn\u011b pr\u016fser. \u010ctvrt\u00e1 pr\u016fmyslov\u00e1 revoluce, velk\u00fd reset apod. Prezident Klaus kritizuje rou\u0161ky, ale o Velk\u00e9m resetu cudn\u011b ml\u010d\u00ed. Davosem p\u0159itom v\u017edy pohrdal, ale p\u0159esto nechce j\u00edt k podstat\u011b v\u011bci. Pro\u010d? Petr Hampl dokonce spiknut\u00ed mocn\u00fdch c\u00edlen\u011b a programov\u011b pop\u00edr\u00e1, a\u017e se t\u00edm s\u00e1m znev\u011brohod\u0148uje. O resetu tak\u00e9 ani nehlesne. Ale Kur\u00e1\u0161 m\u00e1 kur\u00e1\u017e. To se mus\u00ed nechat\u2026<\/p>\n<p>Druh\u00fd blok, kter\u00fd jsem sly\u0161el, byl blok v\u011bnovan\u00fd mlad\u00fdm. Hampl jim \u0159\u00edk\u00e1 \u201evych\u00e1zej\u00edc\u00ed hv\u011bzdy\u201c. Pro mne jako \u010dty\u0159ic\u00e1tn\u00edka bylo jist\u011b pou\u010dn\u00e9 sledovat, jak se projevuje a jak sm\u00fd\u0161l\u00ed ml\u00e1de\u017e. Ale paradoxn\u011b na mne ud\u011blala v\u011bt\u0161\u00ed dojem ml\u00e1de\u017e, kterou Hampl na podium nepozval, ne\u017e ta, kter\u00e1 tam \u0159e\u010dnila. Oslovila mne tam asi \u0161estice mlad\u00fdch lid\u00ed, kte\u0159\u00ed evidentn\u011b prokoukli povrchn\u00ed hru na demokracii a p\u0159edst\u00edran\u00fd souboj pravice s levic\u00ed, m\u011bli odvahu pod\u00edvat se do kr\u00e1li\u010d\u00ed nory, aktivn\u011b si vyhled\u00e1vaj\u00ed informace o v\u011bcech, o kter\u00fdch se ani v P\u0159\u00ed\u010dovech nemluv\u00ed \u2013 a t\u00edm na mne velmi zap\u016fsobili. Pov\u00eddali jsme si asi deset minut, l\u00ed\u010dili mi, jak je dnes i pro n\u011b \u2013 odkojen\u00e9 modern\u00edmi technologiemi \u2013 t\u011b\u017ek\u00e9 se k n\u011bkter\u00fdm informa\u010dn\u00edm zdroj\u016fm dostat kv\u016fli st\u00e1le rostouc\u00ed cenzu\u0159e, ale jak si p\u0159esto tyto informace sh\u00e1n\u00ed a jsou v obraze. Pokud na mne n\u011bco v P\u0159\u00ed\u010dovech ud\u011blalo dojem a zp\u016fsobilo mi to dobrou n\u00e1ladu, bylo to pr\u00e1v\u011b toto setk\u00e1n\u00ed.<\/p>\n<p><img decoding=\"async\" loading=\"lazy\" class=\"alignnone  wp-image-12239 lazy-loaded\" src=\"https:\/\/narodnidemokracie.cz\/wp-content\/uploads\/2021\/08\/Resizer_16299037622460.jpg\" sizes=\"(max-width: 1600px) 100vw, 1600px\" srcset=\"https:\/\/narodnidemokracie.cz\/wp-content\/uploads\/2021\/08\/Resizer_16299037622460.jpg 1600w, https:\/\/narodnidemokracie.cz\/wp-content\/uploads\/2021\/08\/Resizer_16299037622460-300x225.jpg 300w, https:\/\/narodnidemokracie.cz\/wp-content\/uploads\/2021\/08\/Resizer_16299037622460-1024x768.jpg 1024w, https:\/\/narodnidemokracie.cz\/wp-content\/uploads\/2021\/08\/Resizer_16299037622460-768x576.jpg 768w, https:\/\/narodnidemokracie.cz\/wp-content\/uploads\/2021\/08\/Resizer_16299037622460-1536x1152.jpg 1536w, https:\/\/narodnidemokracie.cz\/wp-content\/uploads\/2021\/08\/Resizer_16299037622460-2048x1536.jpg 2048w, https:\/\/narodnidemokracie.cz\/wp-content\/uploads\/2021\/08\/Resizer_16299037622460-665x499.jpg 665w, https:\/\/narodnidemokracie.cz\/wp-content\/uploads\/2021\/08\/Resizer_16299037622460-347x260.jpg 347w\" alt=\"\" width=\"422\" height=\"317\" data-lazy-type=\"image\" data-src=\"https:\/\/narodnidemokracie.cz\/wp-content\/uploads\/2021\/08\/Resizer_16299037622460.jpg\" data-srcset=\"\" \/><\/p>\n<p><em>S L\u00e1\u010fou B\u00e1torou v P\u0159\u00ed\u010dovech. Po\u010das\u00ed se vyvedlo a pivo bylo dobr\u00e9. Fotil Dominik Bastl<\/em><\/p>\n<p>P\u0159\u00ed\u010dovy pro mne ale znamenaly je\u0161t\u011b jeden z\u00e1\u017eitek. Ten m\u00e9n\u011b p\u0159\u00edjemn\u00fd. S Tom\u00e1\u0161em Vandasem. Vy, co sledujete vlasteneckou sc\u00e9nu, v\u00edte o na\u0161ich vz\u00e1jemn\u00fdch neshod\u00e1ch. Kdysi jsem na adresu Tom\u00e1\u0161e Vandase \u0159ekl n\u011bco, co mne pak mrzelo. Omluvil jsem se mu za to, d\u00edlem proto, \u017ee jsem to tak c\u00edtil (a dosp\u011bl jsem k pozn\u00e1n\u00ed toho, \u017ee jsem tehdy p\u0159est\u0159elil), d\u00edlem proto, \u017ee to on s\u00e1m vy\u017eadoval, d\u00edlem i proto, \u017ee mi to \u010d\u00e1st m\u00fdch koleg\u016f doporu\u010dovala. Tom\u00e1\u0161 Vandas, a\u010dkoli si omluvu vymohl (ve form\u00e1tu videa na\u00a0<em>YouTube<\/em>, kter\u00e9 jsem skute\u010dn\u011b nato\u010dil), ji v\u0161ak nikdy nep\u0159ijal, na sch\u016fzku, kde jsem mu ji cht\u011bl tlumo\u010dit i osobn\u011b, nep\u0159i\u0161el a v\u016fbec se celkov\u011b chov\u00e1 tak, jako by ji nikdy nesly\u0161el. P\u0159\u00ed\u010dovy byly po \u0161esti letech prvn\u00ed m\u00edsto, kde jsme se po na\u0161\u00ed neshod\u011b st\u0159etli tv\u00e1\u0159\u00ed v tv\u00e1\u0159. P\u0159i\u0161lo mi trapn\u00e9 d\u011blat, co Vandas \u2013 d\u011blat, \u017ee se nevid\u00edme. Tak jsem se rozhodl prolomit ledy. \u017de ho tedy pozdrav\u00edm, pod\u00e1m mu ruku a budu ten prvn\u00ed, kdo m\u00e1 odvahu p\u0159ekonat osobn\u00ed animozity. Zle jsem ale pochodil. Tom\u00e1\u0161 Vandas u\u010dinil hysterickou sc\u00e9nu, zbrun\u00e1tn\u011bl, k\u0159i\u010del a vy\u0161iloval jak n\u011bjak\u00e1 zhrzen\u00e1 \u017eensk\u00e1. Takovou reakci jsem ne\u010dekal. Je pravda, \u017ee jsem v n\u011bkolika ned\u011bln\u00edc\u00edch DSSS opatrn\u011b kritizoval za to, \u017ee ne\u0161la s n\u00e1mi a rad\u011bji \u0161la s Lubom\u00edrem Voln\u00fdm, kter\u00fd ji pak na posledn\u00ed chv\u00edli podvedl, kdy\u017e vykopl jej\u00ed \u010dleny z kandid\u00e1tky. Ch\u00e1pu, \u017ee to pro Tom\u00e1\u0161e Vandase nen\u00ed p\u0159\u00edjemn\u00e9. Zvl\u00e1\u0161t\u011b pot\u00e9, kdy si ho Voln\u00fd vodil na tiskovky a ve\u0159ejn\u011b mu d\u011bkoval za to, jak\u00fd je \u2013 na rozd\u00edl ode mne \u2013 st\u00e1totvorn\u00fd, vlasteneck\u00fd a nesobeck\u00fd, aby ho p\u0159esto ne\u010dekan\u011b vypekl. To ale nen\u00ed m\u016fj probl\u00e9m. J\u00e1 s Vladim\u00edrou V\u00edtovou jsme naopak Vandasovi v t\u00e9to nelehk\u00e9 situace nab\u00eddli pomocnou ruku \u2013 \u017ee m\u016f\u017ee sv\u00e9 kandid\u00e1ty d\u00e1t k n\u00e1m, my \u017ee se za n\u011b \u2013 na rozd\u00edl od Voln\u00e9ho \u2013 styd\u011bt nebudeme. Ani nebudeme zap\u00edrat jejich stranickou p\u0159\u00edslu\u0161nost. Vandas ale necht\u011bl. A v P\u0159\u00ed\u010dovech mu ujely nervy a setk\u00e1n\u00ed se mnou neunesl. Po t\u00e9to osobn\u00ed konfrontaci nem\u00edn\u00edm d\u00e1le DSSS pom\u00e1hat ani j\u00ed nebudu nikdy p\u0159\u00ed\u0161t\u011b h\u00e1zet z\u00e1chrann\u00e9 lano. DSSS vsadila na \u0161patn\u00e9ho kon\u011b, doplatila na to a doplat\u00ed na to je\u0161t\u011b v\u00edce v budoucnu. Jako strana letos v podstat\u011b skon\u010dila, kdy\u017e m\u00edsto aktivn\u00ed kandidatury vsadila na podporu n\u011bkoho, kdo ji pak poplival. Tom\u00e1\u0161 Vandas se nechal nap\u00e1lit Lubo\u0161em Voln\u00fdm a ch\u00e1pu, \u017ee je mu nyn\u00ed t\u011b\u017ek\u00e9 p\u0159iznat svoji chybu. Pomoc odm\u00edt\u00e1. No tak ho v tom nech\u00e1m, a\u0165 se v tom pl\u00e1c\u00e1 s\u00e1m. T\u0159ebas dal\u0161\u00edch\u00a0<em>15 let boje<\/em>\u2026<\/p>\n<p>A proto\u017ee se \u0159\u00edk\u00e1, \u017ee v nejlep\u0161\u00edm je dobr\u00e9 p\u0159estat, tak se s v\u00e1mi rozlou\u010d\u00edm. P\u0159\u00ed\u0161t\u011b si nap\u00ed\u0161eme n\u011bco o Babi\u0161ovi a o jeho nov\u00e9 kn\u00ed\u017ece. A zabrous\u00edme i do jeho star\u0161\u00ed kn\u00ed\u017eky, kde sliboval v\u011bci, o kter\u00fdch sn\u00ed, ale my se mezit\u00edm do\u010dkali v\u011bc\u00ed, o kter\u00fdch se n\u00e1m ani v tom nejhor\u0161\u00edm snu nezd\u00e1lo\u2026<\/p>\n<p>Dobr\u00fd nadch\u00e1zej\u00edc\u00ed t\u00fdden a jako tradi\u010dn\u011b na z\u00e1v\u011br je\u0161t\u011b vt\u00edpek z cd89.cz<\/p>\n<p>Vlasti zdar!<\/p>\n<p><em>Adam B. Barto\u0161, p\u0159edseda N\u00e1rodn\u00ed demokracie a l\u00eddr pro \u00dasteck\u00fd kraj na kandid\u00e1tce Aliance n\u00e1rodn\u00edch sil<\/em><\/p>\n<p><img decoding=\"async\" loading=\"lazy\" class=\"alignnone size-full wp-image-678\" src=\"http:\/\/www.infokuryr.cz\/n\/wp-content\/uploads\/2021\/04\/narodni_demokracie_logo.jpg\" alt=\"\" width=\"300\" height=\"85\" \/><\/p>\n<p>PS: A \u00fapln\u011b na z\u00e1v\u011br v\u00e1s chci poprosit o podporu v\u00a0<a href=\"https:\/\/2021.programydovoleb.cz\/predvolebni-anketa\/prubezne-vysledky\" target=\"_blank\" rel=\"noopener\"><em><strong>t\u00e9to anket\u011b<\/strong><\/em><\/a>. V\u00edm, \u017ee jsem to u\u017e d\u011blal n\u011bkolikr\u00e1t, ale hlasy se ka\u017ed\u00fd nov\u00fd m\u011bs\u00edc anuluj\u00ed a vol\u00ed se znovu, tak\u017ee je pot\u0159eba n\u00e1s volit opakovan\u011b ka\u017ed\u00fd m\u011bs\u00edc. Dejte n\u00e1m sv\u016fj hlas, ale hlavn\u011b \u2013 dejte n\u00e1m ho u voleb. D\u00edky<\/p>\n<p><img decoding=\"async\" loading=\"lazy\" class=\"alignnone  wp-image-12236 lazy-loaded\" src=\"https:\/\/narodnidemokracie.cz\/wp-content\/uploads\/2021\/08\/zadame-eurohujery.jpg\" sizes=\"(max-width: 2000px) 100vw, 2000px\" srcset=\"https:\/\/narodnidemokracie.cz\/wp-content\/uploads\/2021\/08\/zadame-eurohujery.jpg 1600w, https:\/\/narodnidemokracie.cz\/wp-content\/uploads\/2021\/08\/zadame-eurohujery-300x300.jpg 300w, https:\/\/narodnidemokracie.cz\/wp-content\/uploads\/2021\/08\/zadame-eurohujery-1024x1024.jpg 1024w, https:\/\/narodnidemokracie.cz\/wp-content\/uploads\/2021\/08\/zadame-eurohujery-200x200.jpg 200w, https:\/\/narodnidemokracie.cz\/wp-content\/uploads\/2021\/08\/zadame-eurohujery-768x768.jpg 768w, https:\/\/narodnidemokracie.cz\/wp-content\/uploads\/2021\/08\/zadame-eurohujery-1536x1536.jpg 1536w, https:\/\/narodnidemokracie.cz\/wp-content\/uploads\/2021\/08\/zadame-eurohujery-100x100.jpg 100w, https:\/\/narodnidemokracie.cz\/wp-content\/uploads\/2021\/08\/zadame-eurohujery-665x665.jpg 665w, https:\/\/narodnidemokracie.cz\/wp-content\/uploads\/2021\/08\/zadame-eurohujery-260x260.jpg 260w\" alt=\"\" width=\"459\" height=\"459\" data-lazy-type=\"image\" data-src=\"https:\/\/narodnidemokracie.cz\/wp-content\/uploads\/2021\/08\/zadame-eurohujery.jpg\" data-srcset=\"\" \/><\/p>\n<p>&nbsp;<\/p>\n","protected":false},"excerpt":{"rendered":"<p>NED\u011aLN\u00cdK ADAMA B. BARTO\u0160E (51) PRO\u010c N\u00c1M HONZA HAM\u00c1\u010cEK VYBRAL SEDMI\u010cKU? CO JSEM D\u011aLAL V&#8230;<\/p>\n","protected":false},"author":2,"featured_media":679,"comment_status":"closed","ping_status":"closed","sticky":false,"template":"","format":"standard","meta":[],"categories":[6],"tags":[367,29,85,27],"_links":{"self":[{"href":"https:\/\/www.infokuryr.cz\/n\/wp-json\/wp\/v2\/posts\/4425"}],"collection":[{"href":"https:\/\/www.infokuryr.cz\/n\/wp-json\/wp\/v2\/posts"}],"about":[{"href":"https:\/\/www.infokuryr.cz\/n\/wp-json\/wp\/v2\/types\/post"}],"author":[{"embeddable":true,"href":"https:\/\/www.infokuryr.cz\/n\/wp-json\/wp\/v2\/users\/2"}],"replies":[{"embeddable":true,"href":"https:\/\/www.infokuryr.cz\/n\/wp-json\/wp\/v2\/comments?post=4425"}],"version-history":[{"count":0,"href":"https:\/\/www.infokuryr.cz\/n\/wp-json\/wp\/v2\/posts\/4425\/revisions"}],"wp:featuredmedia":[{"embeddable":true,"href":"https:\/\/www.infokuryr.cz\/n\/wp-json\/wp\/v2\/media\/679"}],"wp:attachment":[{"href":"https:\/\/www.infokuryr.cz\/n\/wp-json\/wp\/v2\/media?parent=4425"}],"wp:term":[{"taxonomy":"category","embeddable":true,"href":"https:\/\/www.infokuryr.cz\/n\/wp-json\/wp\/v2\/categories?post=4425"},{"taxonomy":"post_tag","embeddable":true,"href":"https:\/\/www.infokuryr.cz\/n\/wp-json\/wp\/v2\/tags?post=4425"}],"curies":[{"name":"wp","href":"https:\/\/api.w.org\/{rel}","templated":true}]}}