{"id":4422,"date":"2021-08-30T09:40:29","date_gmt":"2021-08-30T07:40:29","guid":{"rendered":"http:\/\/www.infokuryr.cz\/n\/?p=4422"},"modified":"2021-08-30T09:45:58","modified_gmt":"2021-08-30T07:45:58","slug":"neockovani-covidovi-smejdi-proc-nechcipate-kdyz-jste-neockovani-misto-toho-vesele-zijete","status":"publish","type":"post","link":"https:\/\/www.infokuryr.cz\/n\/2021\/08\/30\/neockovani-covidovi-smejdi-proc-nechcipate-kdyz-jste-neockovani-misto-toho-vesele-zijete\/","title":{"rendered":"Neo\u010dkovan\u00ed covidov\u00ed \u0161mejdi, pro\u010d nechc\u00edp\u00e1te, kdy\u017e jste neo\u010dkovan\u00ed! M\u00edsto toho vesele \u017eijete!"},"content":{"rendered":"<div id=\"fb-root\"><\/div>\n<div class=\"row\">\n<div class=\"col-sm-9\">Vojt\u011bch, Babi\u0161, Kubek a Flegr, Smejkal a dal\u0161\u00ed: nenao\u010dkovan\u00ed \u0161mejdi drze neum\u00edraj\u00ed, zb\u00fdvaj\u00ed n\u00e1m vakc\u00edny a my nev\u00edme, jak nenao\u010dkovan\u00e9 nacpat do pote\u010dkovan\u00fdch. Pr\u00fd se um\u00edr\u00e1 m\u00e9n\u011b (v\u016fbec), proto\u017ee nao\u010dkovan\u00ed jsou nao\u010dkovan\u00ed a nenao\u010dkovan\u00ed? Drze neum\u00edraj\u00ed tak\u00e9!<\/div>\n<\/div>\n<div class=\"no-padding itemImageBlock\">\n<div class=\"lib-panel\">\n<div class=\"lib-row lib-desc\">\n<div class=\"fulltext\">\n<p>V\u00e1\u017en\u011b je to norm\u00e1ln\u00ed? (Jasn\u011b, \u017ee slovo \u0161mejd je jenom zd\u016frazn\u011bn\u00ed zlo\u010dinu, kter\u00fd na n\u00e1s vl\u00e1da a prodejci s de\u0161t\u011bm prov\u00e1d\u011bj\u00ed. P\u0159esto&#8230;)<\/p>\n<p>Pokud se v\u00e1m zd\u00e1 prvn\u00ed odstavec nepochopiteln\u00fd, tak zde je v\u00fdrok MZ:<\/p>\n<p><em>Po\u010det \u00famrt\u00ed, hospitalizac\u00ed i z\u00e1va\u017en\u00fdch pr\u016fb\u011bh\u016f onemocn\u011bn\u00ed v\u00fdrazn\u011b sni\u017euje o\u010dkov\u00e1n\u00ed.\u00a0 Dokon\u010den\u00e9 o\u010dkov\u00e1n\u00ed m\u00e1 nyn\u00ed v republice &#8211; po osmi m\u011bs\u00edc\u00edch vakcinace &#8211; p\u0159es 5,6 milionu lid\u00ed, tedy v\u00edc ne\u017e polovina v\u0161ech obyvatel. C\u00edlem je dos\u00e1hnout pln\u00e9ho o\u010dkov\u00e1n\u00ed minim\u00e1ln\u011b u 70 procent populace. O\u010dkovat se je nyn\u00ed mo\u017en\u00e9 od 12 let.<\/em><\/p>\n<p>Zdroj:\u00a0<a href=\"https:\/\/www.lidovky.cz\/domov\/v-sobotu-pribylo-132-nakaz-stejne-jako-pred-tydnem-reprodukcni-cislo-je-1-04.A210829_085359_ln_domov_rkj#utm_source=rss&amp;utm_medium=feed&amp;utm_campaign=ln_domov&amp;utm_content=main\">ZDE<\/a><\/p>\n<p>Co\u017e znamen\u00e1 v p\u0159ekladu z \u010de\u0161tiny do \u010de\u0161tiny: pokud nikdo neum\u00edr\u00e1, tak je to z\u00e1sluhou toho, \u017ee je nao\u010dkov\u00e1no 50% ob\u010dan\u016f. A nebo vysv\u011btlen\u00ed: to, \u017ee se neum\u00edr\u00e1, je z\u00e1sluhou toho, \u017ee 50% ob\u010dan\u016f se nenechalo nao\u010dkovat?<\/p>\n<p>Matematicky: neum\u00edr\u00e1 50% o\u010dkovan\u00fdch a dokonce neum\u00edr\u00e1 ani 50% nenao\u010dkovan\u00fdch. Fakticky neum\u00edr\u00e1 na covid nikdo a s covidem v\u00fdjimky.<\/p>\n<p><img decoding=\"async\" src=\"https:\/\/www.skrytapravda.cz\/images\/blogy\/805\/covid\/statistika_covid_%C3%BAmrt%C3%AD_27744.png\" alt=\"statistika covid \u00famrt\u00ed 27744\" \/><\/p>\n<p>Nekleplo by v\u00e1s z v\u00fdrok\u016f na\u0161ich geni\u00e1ln\u00edch covidov\u00fdch poradc\u016f, pr\u00fd odborn\u00edk\u016f?<\/p>\n<p>Naka\u017een\u00fdch covidem je pr\u00fd dle statistik v\u00edce nenao\u010dkovan\u00fdch. A d\u016fvod? Od kv\u011btna se nao\u010dkovan\u00ed netestuj\u00ed. Tak\u00e9 v\u00e1s napad\u00e1 ot\u00e1zka, zda jim nep\u0159eskakuje? Jak zjist\u00ed, zda nao\u010dkovan\u00fdch nem\u00e1 covid dokonce v\u00edc, kdy\u017e se netestuj\u00ed?<\/p>\n<p>A komedie pokra\u010duje: nao\u010dkovan\u00ed jako prvn\u00ed u\u017e dnes nejsou nao\u010dkovan\u00ed a mus\u00ed se nao\u010dkovat. Dostanou t\u0159et\u00ed d\u00e1vku. Neboli po\u010det nao\u010dkovan\u00fdch se nezvy\u0161uje, ale t\u00edm sni\u017euje. Je\u0161t\u011b jste se z v\u00fdrok\u016f vl\u00e1dy a a prapodivn\u00fdch vakcinolog\u016f nebo co to jsou nezbl\u00e1znili? Tak pokra\u010dujeme:<\/p>\n<p>nao\u010dkovan\u00ed se boj\u00ed, \u017ee je nenao\u010dkovan\u00ed nakaz\u00ed a tak jim vyhro\u017euj\u00ed.\u00a0Pro\u010d se boj\u00ed nao\u010dkovan\u00ed, kdy\u017e dle logiky by m\u011bli b\u00fdt klidn\u011bj\u0161\u00ed a m\u011bli by se b\u00e1t nenao\u010dkovan\u00ed? Kr\u00e1sn\u011b to ukazuje nezn\u00e1m\u00fd autor na facebooku.<\/p>\n<p><img decoding=\"async\" loading=\"lazy\" class=\"\" src=\"https:\/\/www.skrytapravda.cz\/images\/blogy\/805\/covid\/221654084_10220750808625099_8429742472599935650_n_fd7b0.jpg\" alt=\"221654084 10220750808625099 8429742472599935650 n fd7b0\" width=\"326\" height=\"309\" \/><\/p>\n<p>Samoz\u0159ejm\u011b v\u00edme, \u017ee nao\u010dkovanost nen\u00ed garance nenaka\u017een\u00ed, ale na druhou stranu nejv\u00edce agres\u00edvn\u00ed jsou zdrav\u00ed, co se nechali nao\u010dkovat a \u010dasto i sprost\u011b \u00fato\u010d\u00ed na neo\u010dkovan\u00e9, \u017ee jsou sobci. Kde je ta logika?<\/p>\n<p>Po\u010det d\u011btsk\u00fdch \u00famrt\u00ed &#8222;s covidem&#8220; je nula. Proto je t\u0159eba nahnat d\u011bti na vakc\u00edny &#8222;covid&#8220;, proto\u017ee se zbyte\u010dn\u011b vyhazuj\u00ed? Tak\u017ee se nevakc\u00ednuje jako ochrana zdrav\u00ed, ale aby dle sm\u011brnic mohly d\u011bti do \u0161kol, na dovolen\u00e9, na t\u00e1bory, do kin, proto\u017ee to vymyslel n\u011bjak\u00fd magor a je v tom p\u0159\u00edli\u0161 pen\u011bz?<\/p>\n<p>Brit\u00e1nie a D\u00e1nsko tuto hysterii ukon\u010dily. Ono to ani nem\u00e1 logiku, by\u0165 se tvrd\u00ed, \u017ee tam je hodn\u011b nao\u010dkovan\u00fdch. Jenom\u017ee nyn\u00ed se \u00fadajn\u011b zjistilo, \u017ee ti prvn\u00ed nao\u010dkovan\u00ed u\u017e nejsou nao\u010dkovan\u00ed, tud\u00ed\u017e jejich proo\u010dkovanost &#8211; imunita kles\u00e1!\u00a0Bl\u00e1zinec nem\u00e1 kone\u010dnou.<\/p>\n<p>Jak sami vid\u00edte, \u010d\u00edm d\u00e9le s n\u00e1mi covid je, st\u00e1le v\u00edce lid\u00ed ch\u00e1pe, \u017ee zv\u011brstva vakcinov\u00e1n\u00ed proti covidu (ost\u0159e protestujeme, abychom byli naz\u00fdv\u00e1ni jako antivakcionista, antivaxer, antivax, proto\u017ee nejsme proti vakc\u00edn\u00e1m, ale proti jedn\u00e9 covid vakc\u00edn\u011b a vl\u00e1da ob\u010dany dezinformuje) jsou a\u017e na v\u00fdjimky podvod a je ot\u00e1zkou, zda by nemocn\u00ed, co dostali covid, p\u0159es mo\u017enost vakc\u00edny stejn\u011b neum\u0159eli. Dok\u00e1zat se to ned\u00e1.<\/p>\n<p>Tak\u017ee na z\u00e1v\u011br: a\u0165 covidov\u00ed terorist\u00e9 p\u0159edlo\u017e\u00ed zpr\u00e1vy od coroner\u016f, kolik lid\u00ed\u00a0<strong>ZDRAV\u00ddCH<\/strong>\u00a0um\u0159elo s covidem, kolik d\u011bt\u00ed, nato\u017e zdrav\u00fdch um\u0159elo s covidem a kolik celkem st\u00e1la propaganda, abychom do sebe prali americk\u00e9 vakc\u00edny. A\u0165 p\u0159edlo\u017e\u00ed data a nikoliv fantasmagorickou propagandu rovnaj\u00edc\u00ed se zlo\u010dinu.<\/p>\n<p>P.S. Na rakovinu um\u00edr\u00e1 cca 80 pacient\u016f denn\u011b. Porovnejte pros\u00edm s touto hysteri\u00ed. Samoz\u0159ejm\u011b, pokud se vr\u00e1t\u00ed epidemie, tak stejn\u011b jako u ch\u0159ipky se mus\u00edme chr\u00e1nit a d\u00e1vat si pozor.<\/p>\n<\/div>\n<\/div>\n<\/div>\n<\/div>\n<p><a href=\"https:\/\/www.skrytapravda.cz\/z-domova\/64-neockovani-covidovi-smejdi-proc-nechcipate-kdyz-jste-neockovani-misto-toho-vesele-zijete\">Petr Pokorn\u00fd<\/a><\/p>\n<p>&nbsp;<\/p>\n","protected":false},"excerpt":{"rendered":"<p>Vojt\u011bch, Babi\u0161, Kubek a Flegr, Smejkal a dal\u0161\u00ed: nenao\u010dkovan\u00ed \u0161mejdi drze neum\u00edraj\u00ed, zb\u00fdvaj\u00ed n\u00e1m vakc\u00edny&#8230;<\/p>\n","protected":false},"author":2,"featured_media":4423,"comment_status":"closed","ping_status":"closed","sticky":false,"template":"","format":"standard","meta":[],"categories":[6],"tags":[1028,213,523,651],"_links":{"self":[{"href":"https:\/\/www.infokuryr.cz\/n\/wp-json\/wp\/v2\/posts\/4422"}],"collection":[{"href":"https:\/\/www.infokuryr.cz\/n\/wp-json\/wp\/v2\/posts"}],"about":[{"href":"https:\/\/www.infokuryr.cz\/n\/wp-json\/wp\/v2\/types\/post"}],"author":[{"embeddable":true,"href":"https:\/\/www.infokuryr.cz\/n\/wp-json\/wp\/v2\/users\/2"}],"replies":[{"embeddable":true,"href":"https:\/\/www.infokuryr.cz\/n\/wp-json\/wp\/v2\/comments?post=4422"}],"version-history":[{"count":0,"href":"https:\/\/www.infokuryr.cz\/n\/wp-json\/wp\/v2\/posts\/4422\/revisions"}],"wp:featuredmedia":[{"embeddable":true,"href":"https:\/\/www.infokuryr.cz\/n\/wp-json\/wp\/v2\/media\/4423"}],"wp:attachment":[{"href":"https:\/\/www.infokuryr.cz\/n\/wp-json\/wp\/v2\/media?parent=4422"}],"wp:term":[{"taxonomy":"category","embeddable":true,"href":"https:\/\/www.infokuryr.cz\/n\/wp-json\/wp\/v2\/categories?post=4422"},{"taxonomy":"post_tag","embeddable":true,"href":"https:\/\/www.infokuryr.cz\/n\/wp-json\/wp\/v2\/tags?post=4422"}],"curies":[{"name":"wp","href":"https:\/\/api.w.org\/{rel}","templated":true}]}}