{"id":44180,"date":"2024-01-08T00:47:03","date_gmt":"2024-01-07T23:47:03","guid":{"rendered":"http:\/\/www.infokuryr.cz\/n\/?p=44180"},"modified":"2024-01-07T20:01:41","modified_gmt":"2024-01-07T19:01:41","slug":"zdravotni-sestra-promluvila-o-pandemickych-protokolech-naridili-nam-zabit-vsechny-covidove-pacienty","status":"publish","type":"post","link":"https:\/\/www.infokuryr.cz\/n\/2024\/01\/08\/zdravotni-sestra-promluvila-o-pandemickych-protokolech-naridili-nam-zabit-vsechny-covidove-pacienty\/","title":{"rendered":"Zdravotn\u00ed sestra promluvila o pandemick\u00fdch protokolech: \u201eNa\u0159\u00eddili n\u00e1m zab\u00edt v\u0161echny covidov\u00e9 pacienty\u201c"},"content":{"rendered":"<div id=\"fb-root\"><\/div>\n<p><strong>B\u011bhem pandemie covidu dostaly zdravotn\u00ed sestry v Kalifornii p\u0159\u00edkaz zab\u00edjet pacienty prost\u0159ednictv\u00edm smrt\u00edc\u00edch \u201el\u00e9\u010debn\u00fdch protokol\u016f\u201c, kter\u00e9 jim poskytly zdravotnick\u00e9 \u00fa\u0159ady.<\/strong><\/p>\n<p><span>Gail Macraeov\u00e1, zdravotn\u00ed sestra z Nemocnice Kaiser Permanente v Santa Rosa, ned\u00e1vno poskytla\u00a0<\/span><a href=\"https:\/\/kirschsubstack.com\/p\/the-single-most-important-interview\" target=\"_blank\" rel=\"noopener\"><span>rozhovor<\/span><\/a><span>\u00a0Stevu Kirschovi, ve kter\u00e9m se pod\u011blila o hr\u016fzy, kter\u00fdch byla sv\u011bdkem b\u011bhem pandemie.<\/span><\/p>\n<p><span>Jednou z nejv\u00edce znepokojuj\u00edc\u00edch v\u011bc\u00ed, kter\u00e9 zm\u00ednila, byla skute\u010dnost, \u017ee obrovsk\u00e9 mno\u017estv\u00ed lid\u00ed zem\u0159elo ne v d\u016fsledku covidu, ale v d\u016fsledku smrteln\u00fdch \u201el\u00e9\u010debn\u00fdch\u201c protokol\u016f, kter\u00e9 americk\u00e9 Centrum pro prevenci a kontrolu onemocn\u011bn\u00ed (CDC) nutilo nemocnice a l\u00e9ka\u0159e dodr\u017eovat.<\/span><\/p>\n<p><span>(Pozn\u00e1mka redakce: Na Slovensku podobn\u00e9 protokoly na\u0159izovalo nemocnic\u00edm ministerstvo zdravotnictv\u00ed pod veden\u00edm ministr\u016f Kraj\u010d\u00edho a pozd\u011bji Lengvarsk\u00e9ho.)<\/span><\/p>\n<p><a href=\"https:\/\/rumble.com\/v4482jt-nurse-gail-macrae-reveals-stunning-facts-about-the-covid-vax-and-protocols.html\"><span>Rozhovor<\/span><\/a><span>\u00a0\u00a0zdravotn\u00ed sestry Gail Macraeov\u00e9 a Steva Kirsche si m\u016f\u017eete poslechnout zde (v angli\u010dtin\u011b):<\/span><\/p>\n<div class=\"bigPlayUI ctp\"><\/div>\n<div><div class='videoWrapper'>\r\n\t            <iframe src='https:\/\/rumble.com\/embed\/pj.v41mq1w\/' frameborder='0' allowfullscreen><\/iframe>\r\n\t        <\/div><\/div>\n<div><\/div>\n<p><span>Port\u00e1l\u00a0<\/span><a href=\"https:\/\/www.infowars.com\/posts\/nurse-confirms-covid-19-hospital-protocols-vaccines-killed-numerous-patients-during-pandemic\/\" target=\"_blank\" rel=\"noopener\"><span>Infowars.com<\/span><\/a><span>\u00a0k t\u00e9matu uv\u00e1d\u00ed:<\/span><\/p>\n<p><span>Steve Kirsch tvrd\u00ed, \u017ee Macraeov\u00e1 i l\u00e9ka\u0159 na jednotce intenzivn\u00ed p\u00e9\u010de, se kter\u00fdm se po rozhovoru zkontaktoval, odhadli, \u017ee zhruba 90% t\u011bch, kte\u0159\u00ed zem\u0159eli, byli ve skute\u010dnosti zabiti protokoly na \u201el\u00e9\u010dbu\u201c covidu ne\u017e samotn\u00fdm virem.<\/span><\/p>\n<p><span>Toto \u010d\u00edslo podpo\u0159il i Dr.\u00a0Paul Marik, zku\u0161en\u00fd l\u00e9ka\u0159 a b\u00fdval\u00fd profesor medic\u00edny, kter\u00fd je p\u0159edsedou organizace\u00a0<\/span><em><span>Front Line COVID-19 Critical Care Alliance<\/span><\/em><span>\u00a0(Aliance kritick\u00e9 p\u00e9\u010de prvn\u00ed linie pro Covid-19).<\/span><\/p>\n<p><span>Kirschovi \u0159ekl, \u017ee 90% pova\u017euje za re\u00e1ln\u00fd odhad.\u00a0Dr.\u00a0Marik pracoval na JIS b\u011bhem pandemie a m\u011bl velmi vysokou \u00fasp\u011b\u0161nost z\u00e1chrany pacient\u016f s covidem.\u00a0Uv\u00e1d\u00ed, \u017ee t\u00e9m\u011b\u0159 100% z nich zachr\u00e1nil pomoc\u00ed vlastn\u00edho protokolu.<\/span><\/p>\n<p><span>Po p\u0159\u00edkazu nad\u0159\u00edzen\u00fdch p\u0159ej\u00edt na \u201e\u00a0<\/span><a href=\"https:\/\/www.badatel.net\/byvala-zdravotna-sestra-popisuje-nemocnicne-covidove-protokoly-ako-lekarske-vrazdy\/\"><span>nemocni\u010dn\u00ed protokol<\/span><\/a><span>\u00a0\u201c v souladu s pokyny CDC v\u0161ak sedm z jeho n\u00e1sleduj\u00edc\u00edch sedmi pacient\u016f zem\u0159elo, v\u010detn\u011b jednoho mlad\u00e9ho 22let\u00e9ho mu\u017ee.<\/span><\/p>\n<p><span>N\u00e1sledn\u011b ze sv\u00e9 funkce odstoupil, proto\u017ee mu nemocnice necht\u011bla dovolit zachra\u0148ovat \u017eivoty pacient\u016f.<\/span><\/p>\n<h2><span>Term\u00edn \u201epandemie neo\u010dkovan\u00fdch\u201c zavedli pouze na z\u00e1klad\u011b v\u00fdchoz\u00edch nastaven\u00ed softwaru<\/span><\/h2>\n<p><span>Macraeov\u00e1 poskytla vysv\u011btlen\u00ed, pro\u010d tolik nemocnic, st\u00e1tn\u00edch org\u00e1n\u016f a m\u00e9di\u00ed hlavn\u00edho proudu tvrdilo, \u017ee po spu\u0161t\u011bn\u00ed o\u010dkov\u00e1n\u00ed se pandemie Covid-19 \u00fadajn\u011b zm\u011bnila na \u201epandemii neo\u010dkovan\u00fdch\u201c.<\/span><\/p>\n<p><span>\u0158ekla, \u017ee po\u010d\u00edta\u010dov\u00e9 syst\u00e9my pro uchov\u00e1v\u00e1n\u00ed nemocni\u010dn\u00edch z\u00e1znam\u016f, jako je nap\u0159\u00edklad syst\u00e9m EPIC, byly nastaveny tak, \u017ee v\u0161ichni pacienti, kte\u0159\u00ed byli p\u0159ijati s covidem, byli syst\u00e9mem automaticky ozna\u010deni jako \u201eneo\u010dkov\u00e1n\u00ed\u201c a sestry nedostali pokyny, jak to v syst\u00e9mu zm\u011bnit.<\/span><\/p>\n<p><span>P\u0159esto\u017ee si do sv\u00fdch p\u00edsemn\u00fdch z\u00e1znam\u016f zaznamenali skute\u010dn\u00fd o\u010dkovac\u00ed status ka\u017ed\u00e9ho pacienta, statistiky, kter\u00e9 nemocnice hl\u00e1sily, byly zalo\u017eeny na p\u0159ednastaven\u00e9m pol\u00ed\u010dku o\u010dkovac\u00edho statusu v elektronick\u00e9m z\u00e1znamu a ne na ru\u010dn\u011b psan\u00fdch pozn\u00e1mk\u00e1ch ka\u017ed\u00e9ho pacienta.<\/span><\/p>\n<p><span>Tento specifick\u00fd sc\u00e9n\u00e1\u0159 se odehr\u00e1val v Kaiserov\u011b nemocici.\u00a0Nen\u00ed zn\u00e1mo, kolik pacient\u016f bylo v syst\u00e9mu EPIC nastaveno se stejn\u00fdm v\u00fdchoz\u00edm nastaven\u00edm jako \u201eneo\u010dkov\u00e1n\u00ed\u201c.<\/span><\/p>\n<p><span>Macraeov\u00e1 se pod\u011blila tak\u00e9 o sv\u016fj cenn\u00fd pohled na to, co se stalo po zaveden\u00ed vakc\u00edn proti Covidu-19.\u00a0\u0158ekla, \u017ee po prvn\u00ed d\u00e1vce zaznamenali velmi mnoho p\u0159\u00edpad\u016f anafylaxe.\u00a0Zdravotn\u00edci se v\u0161ak o tom p\u0159\u00edli\u0161 zdr\u00e1hali mluvit, proto\u017ee se b\u00e1li, \u017ee budou propu\u0161t\u011bni.<\/span><\/p>\n<p><span>Kirsch poznamen\u00e1v\u00e1, \u017ee ve 3. f\u00e1zi studie Pfizeru nebyly hl\u00e1\u0161eny \u017e\u00e1dn\u00e9 p\u0159\u00edpady anafylaxe mezi 22 000 \u00fa\u010dastn\u00edky studie, kte\u0159\u00ed byli o\u010dkov\u00e1ni.\u00a0To znamen\u00e1, \u017ee o\u010dkov\u00e1n\u00ed m\u011blo b\u00fdt okam\u017eit\u011b p\u0159eru\u0161eno vzhledem k obrovsk\u00e9mu rozporu mezi t\u00edm, co tvrdil v\u00fdrobce vakc\u00edny a t\u00edm, co se skute\u010dn\u011b d\u011blo, kdy\u017e ji lid\u00e9 za\u010dali dost\u00e1vat.<\/span><\/p>\n<h2><span>Po zaveden\u00ed vakc\u00edny byli pacienti p\u0159ij\u00edm\u00e1ni do nemocnic s neobvykl\u00fdmi p\u0159\u00edznaky<\/span><\/h2>\n<p><span>Macraeov\u00e1 uv\u00e1d\u00ed, \u017ee po zaveden\u00ed vakc\u00edn v b\u0159eznu 2021 mnoz\u00ed pacienti byli p\u0159ijati s neobvykl\u00fdmi p\u0159\u00edznaky, jako jsou nov\u00e9 poruchy sr\u00e1\u017elivosti krve, kter\u00e9 se d\u0159\u00edve nevyskytovaly, mrtvice, srde\u010dn\u00ed abnormality, rychl\u00fd n\u00e1stup demence a autoimunitn\u00ed stavy.<\/span><\/p>\n<p><span>Objevilo se tak\u00e9 mnoho vz\u00e1cn\u00fdch ne\u017e\u00e1douc\u00edch p\u0159\u00edhod, kter\u00e9 se vyskytovaly s frekvencemi, kter\u00e9 byly d\u0159\u00edve nev\u00eddan\u00e9.<\/span><\/p>\n<p><span>Nap\u0159\u00edklad, jej\u00ed nemocnice za posledn\u00edch dev\u011bt let zaznamenala jen dva p\u0159\u00edpady pacient\u016f s Guillain-Barreho syndromem.\u00a0Po zaveden\u00ed covidov\u00fdch vakc\u00edn zaznamenali dva p\u0159\u00edpady u jedinc\u016f, kte\u0159\u00ed byli o\u010dkov\u00e1ni za posledn\u00edch 24 hodin, a celkem \u010dty\u0159i p\u0159\u00edpady v rozp\u011bt\u00ed pouh\u00fdch \u0161esti t\u00fddn\u016f.<\/span><\/p>\n<p><span>Dodala, \u017ee mlad\u0161\u00ed lid\u00e9 za\u010dali p\u0159ich\u00e1zet do nemocnice s neobvykl\u00fdmi p\u0159\u00edznaky ve stejnou dobu, kdy byly vakc\u00edny zavedeny pro jejich konkr\u00e9tn\u00ed v\u011bkovou skupinu.\u00a0Jin\u00fd l\u00e9ka\u0159, se kter\u00fdm mluvil Kirsch v nemocnici, kde pracovala Macraeov\u00e1, ho informoval, \u017ee vakc\u00edny vedly ke zv\u00fd\u0161en\u00ed \u00famrtnosti v nemocnic\u00edch ze v\u0161ech p\u0159\u00ed\u010din o 80 %.<\/span><\/p>\n<p><span>Podle Macraeov\u00e9 byli n\u011bkte\u0159\u00ed zdravotni\u010dt\u00ed pracovn\u00edci varov\u00e1ni, \u017ee pokud nahl\u00e1s\u00ed vedlej\u0161\u00ed \u00fa\u010dinky do syst\u00e9mu hl\u00e1\u0161en\u00ed ne\u017e\u00e1douc\u00edch ud\u00e1lost\u00ed vakc\u00edn (VAERS), bude to m\u00edt za n\u00e1sledek jejich propu\u0161t\u011bn\u00ed.<\/span><\/p>\n<p><span>Mnoz\u00ed l\u00e9ka\u0159i se dodnes k tomuto t\u00e9matu nevyjad\u0159uj\u00ed, proto\u017ee se ob\u00e1vaj\u00ed, \u017ee p\u0159ijdou o pr\u00e1ci, po\u0161kod\u00ed si dobr\u00e9 jm\u00e9no nebo p\u0159ijdou o t\u011b\u017ece nabytou l\u00e9ka\u0159skou licenci.<\/span><\/p>\n<p><span>Autor: Sean Adl-Tabatabai, Zdroj:\u00a0<\/span><a href=\"https:\/\/thepeoplesvoice.tv\/nurse-blows-whistle-on-pandemic-protocols-they-ordered-us-to-kill-all-covid-patients\/\" target=\"_blank\" rel=\"noopener\"><span>thepeoplesvoice.tv<\/span><\/a><span>\u00a0<\/span><\/p>\n<p>&nbsp;<\/p>\n<p>&nbsp;<\/p>\n","protected":false},"excerpt":{"rendered":"<p>B\u011bhem pandemie covidu dostaly zdravotn\u00ed sestry v Kalifornii p\u0159\u00edkaz zab\u00edjet pacienty prost\u0159ednictv\u00edm smrt\u00edc\u00edch \u201el\u00e9\u010debn\u00fdch protokol\u016f\u201c,&#8230;<\/p>\n","protected":false},"author":2,"featured_media":44181,"comment_status":"closed","ping_status":"closed","sticky":false,"template":"","format":"standard","meta":[],"categories":[7],"tags":[23,1878,889,21,5712],"_links":{"self":[{"href":"https:\/\/www.infokuryr.cz\/n\/wp-json\/wp\/v2\/posts\/44180"}],"collection":[{"href":"https:\/\/www.infokuryr.cz\/n\/wp-json\/wp\/v2\/posts"}],"about":[{"href":"https:\/\/www.infokuryr.cz\/n\/wp-json\/wp\/v2\/types\/post"}],"author":[{"embeddable":true,"href":"https:\/\/www.infokuryr.cz\/n\/wp-json\/wp\/v2\/users\/2"}],"replies":[{"embeddable":true,"href":"https:\/\/www.infokuryr.cz\/n\/wp-json\/wp\/v2\/comments?post=44180"}],"version-history":[{"count":1,"href":"https:\/\/www.infokuryr.cz\/n\/wp-json\/wp\/v2\/posts\/44180\/revisions"}],"predecessor-version":[{"id":44182,"href":"https:\/\/www.infokuryr.cz\/n\/wp-json\/wp\/v2\/posts\/44180\/revisions\/44182"}],"wp:featuredmedia":[{"embeddable":true,"href":"https:\/\/www.infokuryr.cz\/n\/wp-json\/wp\/v2\/media\/44181"}],"wp:attachment":[{"href":"https:\/\/www.infokuryr.cz\/n\/wp-json\/wp\/v2\/media?parent=44180"}],"wp:term":[{"taxonomy":"category","embeddable":true,"href":"https:\/\/www.infokuryr.cz\/n\/wp-json\/wp\/v2\/categories?post=44180"},{"taxonomy":"post_tag","embeddable":true,"href":"https:\/\/www.infokuryr.cz\/n\/wp-json\/wp\/v2\/tags?post=44180"}],"curies":[{"name":"wp","href":"https:\/\/api.w.org\/{rel}","templated":true}]}}