{"id":4415,"date":"2021-08-30T02:31:41","date_gmt":"2021-08-30T00:31:41","guid":{"rendered":"http:\/\/www.infokuryr.cz\/n\/?p=4415"},"modified":"2021-08-30T02:31:41","modified_gmt":"2021-08-30T00:31:41","slug":"rakousky-kancler-kurz-dostal-na-sjezdu-rakouskych-lidovcu-podporu-od-994-delegatu","status":"publish","type":"post","link":"https:\/\/www.infokuryr.cz\/n\/2021\/08\/30\/rakousky-kancler-kurz-dostal-na-sjezdu-rakouskych-lidovcu-podporu-od-994-delegatu\/","title":{"rendered":"Rakousk\u00fd kancl\u00e9\u0159 Kurz dostal na sjezdu rakousk\u00fdch lidovc\u016f podporu od 99,4 % deleg\u00e1t\u016f"},"content":{"rendered":"<div id=\"fb-root\"><\/div>\n<div><strong>Vzpom\u00edn\u00e1m si na sjezdy \u010cSSD, kdy tehdej\u0161\u00ed p\u0159edseda Bohuslav Sobotka balancoval na hran\u011b 50 % a p\u0159esto se zoufale dr\u017eel, proto\u017ee Zden\u011bk Bakala a Radek Pokorn\u00fd to tak cht\u011bli. A deleg\u00e1ti sjezd\u016f d\u011blali poslu\u0161nou staf\u00e1\u017e. A\u017e k propadu pod 10 % ve volb\u00e1ch.\u00a0Kurz je ve zcela jin\u00e9 pozici. V roce 2013 byly volebn\u00ed v\u00fdsledky \u00d6VP stejn\u00e9 jako u socialist\u016f (SP\u00d6) \u2013 kolem 25 %. V roce 2015 se v Rakousku krom\u011b Svobodn\u00fdch (FP\u00d6) v podstat\u011b nikdo nezmohl na odpor v\u016f\u010di \u201eWillkommenspolitik\u201c n\u011bmeck\u00e9 kancl\u00e9\u0159ky Angely Merkelov\u00e9 a Rakouskem se p\u0159ehnala po\u0159\u00e1dn\u00e1 vlna \u201eSy\u0159an\u016f\u201c, z nich\u017e desetitis\u00edce v zemi z\u016fstaly a dnes m\u00e1 Rakousko 4. nejv\u011bt\u0161\u00ed afgh\u00e1nskou komunitu na sv\u011bt\u011b \u2013 44 000.<\/strong><\/div>\n<div><\/div>\n<div>Socialist\u00e9 m\u011bli tehdy kancl\u00e9\u0159e Wernera Faymana, kter\u00fd dokonce musel odstoupit, aby stranu nepoh\u0159bil. SP\u00d6 se v n\u00e1sleduj\u00edc\u00edch volb\u00e1ch 2017 nadechla trochu, lidovci po\u0159\u00e1dn\u011b a tento kurs jim vydr\u017eel. Dnes se pohybuj\u00ed v pr\u016fzkumech kolem 35 %, socialist\u00e9 kolem 20 % stejn\u011b jako Svobodn\u00ed, kte\u0159\u00ed v roce 2019 byli nuceni odej\u00edt z vl\u00e1dy po tzv. skand\u00e1lu \u201eIbiza\u201c. Vl\u00e1da \u00d6VP- FP\u00d6 padla. N\u00e1sleduj\u00edc\u00ed p\u0159ed\u010dasn\u00e9 volby op\u011bt vyhr\u00e1li lidovci s 37, 4 % a utvo\u0159ili vl\u00e1du s po dlouh\u00e9m vyjedn\u00e1v\u00e1n\u00ed se stranou Zelen\u00fdch, kter\u00e1 z\u00edskala 13 %. Svobodn\u00ed do vl\u00e1dy j\u00edt odm\u00edtli.<\/div>\n<div><\/div>\n<div>Tolik k historii a objasn\u011bn\u00ed toho, pro\u010d m\u00e1 kancl\u00e9\u0159 Kurz takovou podporu ve sv\u00e9 stran\u011b \u2013 sebral ji pomysln\u00e9mu hrobn\u00edkovi z lopaty. N\u011bmeck\u00e1 bratrsk\u00e1 unie CDU\/CSU si o takov\u00e9 podpo\u0159e voli\u010d\u016f m\u016f\u017ee nechat zd\u00e1t, a to m\u00edvali p\u0159es 30 % pravideln\u011b. Co je recept na \u00fasp\u011bch rakousk\u00fdch lidovc\u016f? Zaprv\u00e9 to byla v po\u010d\u00e1tku \u201enov\u00e1 tv\u00e1\u0159\u201c Sebastiana Kurze. Nebyla to ov\u0161em jen tv\u00e1\u0159, jak to b\u00fdv\u00e1 po\u017eadov\u00e1no od na\u0161ich stran, ale kompletn\u011b nov\u00e1 r\u00e9torika. Kurz pochopil, \u017ee nelze lidem vysv\u011btlovat, \u017ee to, co se jim nel\u00edb\u00ed a tr\u00e1p\u00ed je, je spr\u00e1vn\u00e9, proto\u017ee je to politicky korektn\u00ed a \u201ev N\u011bmecku to tak\u00e9 tak maj\u00ed\u201c. Od po\u010d\u00e1tku jeho n\u00e1stupu do \u010dela strany a pot\u00e9 i vl\u00e1dy to bylo p\u0159edev\u0161\u00edm ukon\u010den\u00ed \u201ev\u00edtac\u00ed kultury\u201c. Samoz\u0159ejm\u011b jsou v Rakousku st\u00e1le nov\u00ed uchaze\u010di o azyl, ale masov\u00e9 migraci \u0159\u00edk\u00e1 Kurz jasn\u00e9 NE. V\u0161echny pokusy se \u201esyrsk\u00fdmi sirotky\u201c, \u201esirotky z Morie\u201c a \u201eafgh\u00e1nsk\u00fdmi homosexu\u00e1ly a \u017eenami\u201c nar\u00e1\u017e\u00ed st\u00e1le na jednu v\u011btu \u2013 Rakousko bude pom\u00e1hat na m\u00edst\u011b (vor Ort), ale nep\u0159ijme \u017e\u00e1dn\u00e9 dal\u0161\u00ed kontingenty uprchl\u00edk\u016f. \u201eDokud budu kancl\u00e9\u0159em, nestane se tak\u201c, opakuje Kurz \u010dasto. To je z\u00e1klad \u00fasp\u011bchu \u201enov\u00fdch lidovc\u016f\u201c.<\/div>\n<div><\/div>\n<div>Nic nen\u00ed zadarmo, a cel\u00e1 \u00d6VP, lidoveck\u00e1 \u010d\u00e1st vl\u00e1dy a Kurz s\u00e1m se po v\u011bt\u0161inu doby, kdy vedou v \u201e\u017eeb\u0159\u00ed\u010dc\u00edch popularity\u201c, stali neust\u00e1l\u00fdm ter\u010dem pokus\u016f o shozen\u00ed vl\u00e1dy za strany opozice \u2013 socialist\u016f, liber\u00e1l\u016f i Svobodn\u00fdch. Neust\u00e1l\u00e1 obvin\u011bn\u00ed z korupce, z nelidsk\u00e9ho p\u0159\u00edstupu k uprchlick\u00e9mu t\u00e9matu a dokonce n\u00e1vrhy na trestn\u00ed st\u00edh\u00e1n\u00ed nabyly na intenzit\u011b zejm\u00e9na koncem lo\u0148sk\u00e9ho roku a letos na ja\u0159e a odvol\u00e1v\u00e1n\u00ed ministr\u016f za \u00d6VP bylo na po\u0159adu parlamentn\u00edch sch\u016fz\u00ed prakticky ka\u017ed\u00fd t\u00fdden. T\u00e9m\u011b\u0159 v\u0161echna mainstreamov\u00e1 m\u00e9dia v\u010detn\u011b ve\u0159ejnopr\u00e1vn\u00ed televize ORF v\u011bnovaly t\u011bmto obvin\u011bn\u00edm pomalu v\u011bt\u0161\u00ed pozornost ne\u017e koronavirov\u00e9 situaci v Rakousku. Kancl\u00e9\u0159 Kurz i minist\u0159i vnitra (Nehammer) a financ\u00ed (Bl\u00fcmel) \u010delili v p\u0159\u00edm\u00e9m p\u0159enosu v\u00fdzv\u00e1m TV moder\u00e1tor\u016f, aby odstoupili. Koali\u010dn\u00ed partner, tedy Zelen\u00ed, pak byli vyz\u00fdv\u00e1ni, aby kone\u010dn\u011b vl\u00e1du polo\u017eili, co\u017e tito neu\u010dinili. Mimochodem, v\u0161echny ty stra\u0161liv\u00e9 korup\u010dn\u00ed af\u00e9ry tak n\u011bjak splaskly.<\/div>\n<div><\/div>\n<div>Na za\u010d\u00e1tku sv\u00e9ho projevu na sjezdu v\u010dera Sebastian Kurz \u0159ekl, \u017e si \u010dasto kladl ot\u00e1zku, jestli je coby ter\u010d neust\u00e1l\u00fdch \u00fatok\u016f na spr\u00e1vn\u00e9m m\u00edst\u011b a jak dlouho to on i jeho rodina mohou vydr\u017eet. Hned ale dodal, \u017ee se c\u00edt\u00ed pos\u00edlen i podporou sv\u00fdch stran\u00edk\u016f a hejtman\u016f a \u017ee politik nesm\u00ed b\u00fdt \u201ebolest\u00edn\u201c.<\/div>\n<div><\/div>\n<div><strong>Program \u00d6VP shrnul Kurz v p\u011bti bodech:<\/strong><\/div>\n<div><\/div>\n<div>1. da\u0148ov\u00e9 \u00falevy u mal\u00fdch a st\u0159edn\u00edch p\u0159\u00edjm\u016f, proto\u017ee \u201ekdo pracuje, mus\u00ed b\u00fdt schopen se u\u017eivit\u201c, ale tak\u00e9 \u201eka\u017ed\u00fd, kdo je schopen pr\u00e1ce, m\u00e1 pracovat\u201c.\u00a0 Zv\u00fd\u0161\u00ed se podpora rodin\u00e1m\u00a0 &#8211; rodinn\u00fd bonus.<\/div>\n<div><\/div>\n<div>2. Pr\u00e1ce \u2013 zjednodu\u0161en\u00ed byrokratick\u00fdch p\u0159ek\u00e1\u017eek u vzniku podnik\u016f a \u017eivnost\u00ed, nastartov\u00e1n\u00ed ekonomiky po obdob\u00ed pandemie.<\/div>\n<div><\/div>\n<div>3. K t\u0159et\u00edmu bodu \u0159ekl: \u201eDigitalizace je prost\u011b fakt, kter\u00fd nijak nezastav\u00edme\u201c. Faktick\u00fdm v\u00fdsledkem by mohlo b\u00fdt i to, \u017ee ka\u017ed\u00fd \u017e\u00e1k bude m\u00edt vlastn\u00ed notebook.<\/div>\n<div><\/div>\n<div>4. Migrace &#8211; K n\u00ed nezm\u011bnil Kurz postoj: \u201eAno, pomoci bli\u017en\u00edmu je k\u0159es\u0165ansk\u00e1 soci\u00e1ln\u00ed odpov\u011bdnost. Neomezen\u00e9 p\u0159ij\u00edm\u00e1n\u00ed lid\u00ed z krizov\u00e9ho regionu ale nefunguje, chyby z roku 2015 se nesm\u00ed opakovat.\u00a0 Pro demokracii je nakonec z\u00e1sadn\u00ed, kdo zde \u017eije a v co lid\u00e9 v\u011b\u0159\u00ed. To pro n\u00e1s znamen\u00e1 &#8211; nem\u011bli bychom p\u0159ijmout v\u00edce lid\u00ed, ne\u017e dok\u00e1\u017eeme integrovat. \u201c<\/div>\n<div><\/div>\n<div>5. Samoz\u0159ejm\u011b \u017ee bodem programu \u00d6VP je i ekologizace. Ale i tady nen\u00ed Sebastian Kurz \u017e\u00e1dn\u00fd \u201egreendealista\u201c. Apeluje na to, aby se p\u0159i aplikaci Zelen\u00e9ho \u00fad\u011blu dbalo na zdrav\u00fd rozum a opat\u0159en\u00ed se p\u0159ij\u00edmala s rozvahou. \u201e\u010clov\u011bk c\u00edt\u00ed povinnost zach\u00e1zet s p\u0159\u00edrodou s respektem, ale nen\u00ed to bu\u010f \/ anebo: \u201eSamoz\u0159ejm\u011b mus\u00edme masivn\u011b sn\u00ed\u017eit emise CO2, ale mnoho lid\u00ed ve venkovsk\u00fdch oblastech je z\u00e1visl\u00fdch na automobilech. Auto nen\u00ed nep\u0159\u00edtel,\u201c \u0159ekl doslova Kurz.<\/div>\n<div><\/div>\n<div>Ostatn\u011b nejl\u00e9pe shrnul postoj \u00d6VP k ekologizaci ve sv\u00e9m projevu na sjezdu \u0161\u00e9f poslaneck\u00e9ho klubu lidovc\u016f August W\u00f6ginger: \u201eZem\u011bd\u011blec pot\u0159ebuje traktor, podnikatel n\u00e1kla\u010f\u00e1k a \u010dlov\u011bk, kter\u00fd doj\u00ed\u017ed\u00ed do pr\u00e1ce, pot\u0159ebuje auto. Jinak to nefunguje.\u201c<\/div>\n<div><\/div>\n<div>Kurz shrnul i v\u00fdsledky sv\u00e9 vl\u00e1dy v obdob\u00ed pandemie koronaviru a konstatoval, \u017ee d\u00edky masivn\u00edmu testov\u00e1n\u00ed a finan\u010dn\u00ed podpo\u0159e firem i zam\u011bstnanc\u016f, kte\u0159\u00ed kv\u016fli omezen\u00edm nemohli pracovat, zn\u00e1m\u00e9 jako \u201eKurzarbeit\u201c se poda\u0159ilo udr\u017eet zemi v chodu. Rakousko skute\u010dn\u011b investovalo do udr\u017een\u00ed ekonomiky zem\u011b zna\u010dn\u00e9 prost\u0159edky i d\u00edky tomu, \u017ee ministr financ\u00ed, na rozd\u00edl od na\u0161eho, m\u016f\u017ee p\u0159im\u011bt Rakouskou n\u00e1rodn\u00ed banku, aby pen\u00edze do ekonomiky \u201enalila\u201c. Vyzval tak\u00e9 v\u0161echny, aby se proti covidu dali o\u010dkovat, tento jeho postoj je dlouhodob\u011b zn\u00e1m. Kdo podle n\u011bj covid je\u0161t\u011b neprod\u011blal a nenech\u00e1 se o\u010dkovat, d\u0159\u00edve \u010di pozd\u011bji se nakaz\u00ed. V Rakousku tak\u00e9 konzistentn\u011b dodr\u017eovali opat\u0159en\u00ed po v\u011bt\u0161inu pandemie bez v\u00fdrazn\u00fdch v\u00fdkyv\u016f podle moment\u00e1ln\u00ed popt\u00e1vky. Ka\u017ed\u00fd, kdo p\u0159ijde kdekoli v Rakousku do restaurace \u010di obchodu, to m\u016f\u017ee potvrdit.<\/div>\n<div><\/div>\n<div>Nad\u011bje, kladen\u00e1 do sjezdu s t\u00edm, \u017ee strana se od Kurze odklon\u00ed, jak n\u011bkte\u0159\u00ed politici a koment\u00e1to\u0159i nazna\u010dovali, se tedy nenaplnila. P\u0159edsedkyn\u011b SP\u00d6, velk\u00e1 Kurzova kriti\u010dka Pamela Rendi \u2013 Wagnerov\u00e1, p\u0159i podobn\u00e9m m\u011b\u0159en\u00ed popularity uvnit\u0159 strany dostala ned\u00e1vno 75 % podporu, co\u017e bylo ozna\u010dov\u00e1no za \u201ehuben\u00fd v\u00fdsledek\u201c. A to navzdory masivn\u00ed podpo\u0159e m\u00e9di\u00ed. Vox populi, vox dei. Zd\u00e1 se, \u017ee Raku\u0161an\u00e9 si vytvo\u0159ili zdravou rezistenci na medi\u00e1ln\u00ed mas\u00edrky. Dlouh\u00e9 obli\u010deje koment\u00e1tor\u016f ORF hovo\u0159ily v\u010dera za v\u0161e.<\/div>\n<div><\/div>\n<div>Ivan David<\/div>\n<div><img decoding=\"async\" loading=\"lazy\" class=\"alignnone  wp-image-922\" src=\"http:\/\/www.infokuryr.cz\/n\/wp-content\/uploads\/2021\/04\/Ivan-David-1-222x300.jpg\" alt=\"\" width=\"159\" height=\"215\" srcset=\"https:\/\/www.infokuryr.cz\/n\/wp-content\/uploads\/2021\/04\/Ivan-David-1-222x300.jpg 222w, https:\/\/www.infokuryr.cz\/n\/wp-content\/uploads\/2021\/04\/Ivan-David-1.jpg 466w\" sizes=\"(max-width: 159px) 100vw, 159px\" \/><\/div>\n<div><\/div>\n<div><\/div>\n","protected":false},"excerpt":{"rendered":"<p>Vzpom\u00edn\u00e1m si na sjezdy \u010cSSD, kdy tehdej\u0161\u00ed p\u0159edseda Bohuslav Sobotka balancoval na hran\u011b 50 %&#8230;<\/p>\n","protected":false},"author":2,"featured_media":462,"comment_status":"closed","ping_status":"closed","sticky":false,"template":"","format":"standard","meta":[],"categories":[7],"tags":[29,154,120],"_links":{"self":[{"href":"https:\/\/www.infokuryr.cz\/n\/wp-json\/wp\/v2\/posts\/4415"}],"collection":[{"href":"https:\/\/www.infokuryr.cz\/n\/wp-json\/wp\/v2\/posts"}],"about":[{"href":"https:\/\/www.infokuryr.cz\/n\/wp-json\/wp\/v2\/types\/post"}],"author":[{"embeddable":true,"href":"https:\/\/www.infokuryr.cz\/n\/wp-json\/wp\/v2\/users\/2"}],"replies":[{"embeddable":true,"href":"https:\/\/www.infokuryr.cz\/n\/wp-json\/wp\/v2\/comments?post=4415"}],"version-history":[{"count":0,"href":"https:\/\/www.infokuryr.cz\/n\/wp-json\/wp\/v2\/posts\/4415\/revisions"}],"wp:featuredmedia":[{"embeddable":true,"href":"https:\/\/www.infokuryr.cz\/n\/wp-json\/wp\/v2\/media\/462"}],"wp:attachment":[{"href":"https:\/\/www.infokuryr.cz\/n\/wp-json\/wp\/v2\/media?parent=4415"}],"wp:term":[{"taxonomy":"category","embeddable":true,"href":"https:\/\/www.infokuryr.cz\/n\/wp-json\/wp\/v2\/categories?post=4415"},{"taxonomy":"post_tag","embeddable":true,"href":"https:\/\/www.infokuryr.cz\/n\/wp-json\/wp\/v2\/tags?post=4415"}],"curies":[{"name":"wp","href":"https:\/\/api.w.org\/{rel}","templated":true}]}}