{"id":44119,"date":"2024-01-08T00:31:38","date_gmt":"2024-01-07T23:31:38","guid":{"rendered":"http:\/\/www.infokuryr.cz\/n\/?p=44119"},"modified":"2024-01-07T15:14:18","modified_gmt":"2024-01-07T14:14:18","slug":"zelena-vrazda-vetrne-turbiny-zabiji-kazdy-rok-miliony-ptaku-a-netopyru","status":"publish","type":"post","link":"https:\/\/www.infokuryr.cz\/n\/2024\/01\/08\/zelena-vrazda-vetrne-turbiny-zabiji-kazdy-rok-miliony-ptaku-a-netopyru\/","title":{"rendered":"Zelen\u00e1 vra\u017eda: V\u011btrn\u00e9 turb\u00edny zabij\u00ed ka\u017ed\u00fd rok miliony pt\u00e1k\u016f a netop\u00fdr\u016f"},"content":{"rendered":"<div id=\"fb-root\"><\/div>\n<p><strong><span>Nebezpe\u010d\u00ed pro pt\u00e1ky a netop\u00fdry z v\u011btrn\u00fdch elektr\u00e1ren nyn\u00ed zas\u00e1hlo i klimatick\u00e9 apokalypty.\u00a0Zpr\u00e1va ukazuje, jak turb\u00edny \u00fa\u010dinn\u011b zp\u016fsobuj\u00ed genocidu mezi t\u011bmito zv\u00ed\u0159aty.\u00a0Ekosyst\u00e9m t\u00edm trp\u00ed.<\/span><\/strong><\/p>\n<p><span>Ka\u017ed\u00fd rok zem\u0159e na sv\u011bt\u011b nespo\u010det pt\u00e1k\u016f a netop\u00fdr\u016f, proto\u017ee je zab\u00edjej\u00ed listy rotoru v\u011btrn\u00fdch elektr\u00e1ren.\u00a0V\u0161echny tyto v\u011btrn\u00e9 elektr\u00e1rny na v\u00fdrobu elekt\u0159iny zp\u016fsobuj\u00ed ka\u017edodenn\u00ed masakr.\u00a0Mrtvoly zv\u00ed\u0159at jsou roztrou\u0161eny po cel\u00e9 plo\u0161e, co\u017e dlouhodob\u011b ovliv\u0148uje i kvalitu p\u016fdy.\u00a0Kritika tohoto byla dosud p\u0159ev\u00e1\u017en\u011b ignorov\u00e1na klimatick\u00fdmi cvoky.<\/span><\/p>\n<p><span>Nyn\u00ed se ale cel\u00e1 v\u011bc m\u011bn\u00ed.\u00a0C\u00edlem je sn\u00ed\u017eit po\u010det pt\u00e1k\u016f a netop\u00fdr\u016f zabit\u00fdch v\u011btrn\u00fdmi turb\u00ednami.\u00a0Zejm\u00e9na proto, \u017ee jednotliv\u00fdm druh\u016fm \u2013 v\u010detn\u011b\u00a0<\/span><a href=\"https:\/\/www.canarymedia.com\/articles\/wind\/wind-turbines-kill-too-many-birds-and-bats-how-can-we-make-them-safer\"><span>podle zpr\u00e1vy<\/span><\/a><span>\u00a0n\u011bkter\u00fdch druh\u016f netop\u00fdr\u016f \u2013 hroz\u00ed vyhynut\u00ed kv\u016fli v\u011btrn\u00fdm turb\u00edn\u00e1m.\u00a0A \u010d\u00edm v\u00edce se takov\u00fdch v\u011btrn\u00fdch elektr\u00e1ren stav\u00ed, t\u00edm v\u011bt\u0161\u00ed je po\u010det zabit\u00fdch zv\u00ed\u0159at.\u00a0Zpr\u00e1va tak\u00e9 uv\u00e1d\u00ed, \u017ee jen v Austr\u00e1lii ro\u010dn\u011b kv\u016fli v\u011btrn\u00fdm turb\u00edn\u00e1m p\u0159ijde o \u017eivot v\u00edce ne\u017e 10 000 pt\u00e1k\u016f a des\u00edtky tis\u00edc netop\u00fdr\u016f.\u00a0Ve Spojen\u00fdch st\u00e1tech jde o n\u011bkolik set tis\u00edc pt\u00e1k\u016f a t\u00e9m\u011b\u0159 milion netop\u00fdr\u016f.\u00a0Virtu\u00e1ln\u00ed genocida t\u011bchto \u017eivo\u010di\u0161n\u00fdch druh\u016f.<\/span><\/p>\n<p><span>Jin\u00e9 port\u00e1ly (nap\u0159. \u201e\u00a0<\/span><a href=\"https:\/\/windmillskill.com\/blog\/spanish-wind-farms-kill-6-18-million-birds-bats-year\"><span>Windmillskill<\/span><\/a><span>\u00a0\u201c) v\u0161ak o\u010dek\u00e1vaj\u00ed v\u00fdrazn\u011b vy\u0161\u0161\u00ed \u010d\u00edsla.\u00a0Podle tamn\u00edch \u00fadaj\u016f je \u201e\u00famrtnost\u201c pt\u00e1k\u016f a netop\u00fdr\u016f jen ve \u0160pan\u011blsku kolem 111 a\u017e 333 pt\u00e1k\u016f a 222 a\u017e 666 netop\u00fdr\u016f na v\u011btrnou turb\u00ednu za rok.\u00a0V N\u011bmecku to bylo (a to bylo v roce 1993, kdy byla provedena studie) 309 pt\u00e1k\u016f za rok na v\u011btrnou turb\u00ednu a ve \u0160v\u00e9dsku to bylo dokonce 895. Vzhledem k tomu, \u017ee v roce 2017 bylo takov\u00fdch v\u011btrn\u00fdch turb\u00edn po cel\u00e9m sv\u011bt\u011b v provozu v\u00edce ne\u017e 341\u00a0<\/span><a href=\"https:\/\/www.cnbc.com\/2017\/09\/08\/there-are-over-341000-wind-turbines-on-the-planet-why-they-matter.html\"><span>000<\/span><\/a><span>\u00a0a toto \u010d\u00edslo se nyn\u00ed zhruba zdvojn\u00e1sobilo, mluv\u00edme o zhruba 600 000 a\u017e 700 000 takov\u00fdch syst\u00e9m\u016f.\u00a0<\/span><strong><span>Pokud ka\u017ed\u00fd z nich zabije (konzervativn\u011b) v pr\u016fm\u011bru pouh\u00fdch 250 pt\u00e1k\u016f a 500 netop\u00fdr\u016f, mluv\u00edme o p\u0159ibli\u017en\u011b 150 milionech pt\u00e1k\u016f a 300 milionech zabit\u00fdch netop\u00fdr\u016f.<\/span><\/strong><\/p>\n<p><span>A lep\u0161\u00ed to nebude.\u00a0Po cel\u00e9m sv\u011bt\u011b se instaluje st\u00e1le v\u00edce takov\u00fdch v\u011btrn\u00fdch turb\u00edn.\u00a0V\u00edce takov\u00fdch za\u0159\u00edzen\u00ed znamen\u00e1 tak\u00e9 v\u00edce mrtv\u00fdch pt\u00e1k\u016f a netop\u00fdr\u016f.\u00a0A ve st\u00e1le v\u00edce regionech sv\u011bta.\u00a0To m\u00e1 ale tak\u00e9 negativn\u00ed dopady na region\u00e1ln\u00ed ekosyst\u00e9my.\u00a0L\u00e9taj\u00edc\u00ed zv\u00ed\u0159ata hraj\u00ed v p\u0159\u00edrod\u011b d\u016fle\u017eitou roli.\u00a0Od kontroly populac\u00ed hmyzu po distribuci semen rostlin \u2013 bez pt\u00e1k\u016f a netop\u00fdr\u016f se tyto syst\u00e9my postupn\u011b zhrout\u00ed.<\/span><\/p>\n<p><img decoding=\"async\" loading=\"lazy\" class=\"alignnone size-full wp-image-1185\" src=\"http:\/\/www.infokuryr.cz\/n\/wp-content\/uploads\/2021\/04\/kuryr-podpis.png\" alt=\"\" width=\"84\" height=\"24\" \/><\/p>\n<p>&nbsp;<\/p>\n<p>&nbsp;<\/p>\n","protected":false},"excerpt":{"rendered":"<p>Nebezpe\u010d\u00ed pro pt\u00e1ky a netop\u00fdry z v\u011btrn\u00fdch elektr\u00e1ren nyn\u00ed zas\u00e1hlo i klimatick\u00e9 apokalypty.\u00a0Zpr\u00e1va ukazuje, jak&#8230;<\/p>\n","protected":false},"author":2,"featured_media":44120,"comment_status":"closed","ping_status":"closed","sticky":false,"template":"","format":"standard","meta":[],"categories":[7],"tags":[67,6130,6589,6298],"_links":{"self":[{"href":"https:\/\/www.infokuryr.cz\/n\/wp-json\/wp\/v2\/posts\/44119"}],"collection":[{"href":"https:\/\/www.infokuryr.cz\/n\/wp-json\/wp\/v2\/posts"}],"about":[{"href":"https:\/\/www.infokuryr.cz\/n\/wp-json\/wp\/v2\/types\/post"}],"author":[{"embeddable":true,"href":"https:\/\/www.infokuryr.cz\/n\/wp-json\/wp\/v2\/users\/2"}],"replies":[{"embeddable":true,"href":"https:\/\/www.infokuryr.cz\/n\/wp-json\/wp\/v2\/comments?post=44119"}],"version-history":[{"count":0,"href":"https:\/\/www.infokuryr.cz\/n\/wp-json\/wp\/v2\/posts\/44119\/revisions"}],"wp:featuredmedia":[{"embeddable":true,"href":"https:\/\/www.infokuryr.cz\/n\/wp-json\/wp\/v2\/media\/44120"}],"wp:attachment":[{"href":"https:\/\/www.infokuryr.cz\/n\/wp-json\/wp\/v2\/media?parent=44119"}],"wp:term":[{"taxonomy":"category","embeddable":true,"href":"https:\/\/www.infokuryr.cz\/n\/wp-json\/wp\/v2\/categories?post=44119"},{"taxonomy":"post_tag","embeddable":true,"href":"https:\/\/www.infokuryr.cz\/n\/wp-json\/wp\/v2\/tags?post=44119"}],"curies":[{"name":"wp","href":"https:\/\/api.w.org\/{rel}","templated":true}]}}