{"id":44048,"date":"2024-01-06T06:17:21","date_gmt":"2024-01-06T05:17:21","guid":{"rendered":"http:\/\/www.infokuryr.cz\/n\/?p=44048"},"modified":"2024-01-06T06:17:21","modified_gmt":"2024-01-06T05:17:21","slug":"oleg-soskin-ukrajina-za-soucasneho-stavu-a-vedeni-zeme-nemuze-rusko-porazit","status":"publish","type":"post","link":"https:\/\/www.infokuryr.cz\/n\/2024\/01\/06\/oleg-soskin-ukrajina-za-soucasneho-stavu-a-vedeni-zeme-nemuze-rusko-porazit\/","title":{"rendered":"Oleg Soskin: Ukrajina za sou\u010dasn\u00e9ho stavu a veden\u00ed zem\u011b nem\u016f\u017ee Rusko porazit!"},"content":{"rendered":"<div id=\"fb-root\"><\/div>\n<h4>Oleg Soskin: Ukrajina za sou\u010dasn\u00e9ho stavu a veden\u00ed zem\u011b nem\u016f\u017ee Rusko porazit! Zelensk\u00fd se za\u010dal motat do v\u00e1le\u010dn\u00e9ho velen\u00ed! A n\u011bmeck\u00fd Frankfurter Rundschau u\u017e otev\u0159en\u011b napsal, \u017ee tlak na Zelensk\u00e9ho s\u00edl\u00ed s v\u00fdhr\u016f\u017ekou od Ameri\u010dan\u016f, \u017ee bu\u010f Kyjev urychlen\u011b vyjedn\u00e1 s Ruskem p\u0159\u00edm\u011b\u0159\u00ed a vyrovn\u00e1 se s realitou ztr\u00e1ty \u00fazem\u00ed, anebo bude Kyjev riskovat ztr\u00e1tu v\u00edce \u00fazem\u00ed! Rusk\u00e1 arm\u00e1da toti\u017e podle z\u00e1padn\u00ed rozv\u011bdky chyst\u00e1 nov\u00fd \u00fatok na Charkov!<\/h4>\n<p>Poradce b\u00fdval\u00e9ho ukrajinsk\u00e9ho prezidenta Leonida Ku\u010dmy a dnes analytik a koment\u00e1tor na voln\u00e9 noze Oleg Soskin v nejnov\u011bj\u0161\u00edm videu u\u017e bez obalu a bez serv\u00edtk\u016f prohl\u00e1sil, \u017ee za sou\u010dasn\u00e9ho velen\u00ed arm\u00e1dy a veden\u00ed zem\u011b nem\u016f\u017ee Ukrajina porazit Rusko, proto\u017ee zem\u011b se dostala do stavu a situace, \u017ee ji v\u0161ichni z\u00e1padn\u00ed partne\u0159i fakticky a prakticky opustili.<\/p>\n<p>Americk\u00fd kongres p\u0159i posledn\u00edm jedn\u00e1n\u00ed p\u0159ed dv\u011bma dny znovu zam\u00edtl Ukrajin\u011b bal\u00edk 61 miliard USD na pokra\u010dov\u00e1n\u00ed v\u00e1lky a\u00a0<strong>Republik\u00e1ni u\u017e za\u0161li dokonce je\u0161t\u011b d\u00e1l, kdy\u017e prohl\u00e1sili, \u017ee v\u00e1lka na Ukrajin\u011b nem\u00e1 vojensk\u00e9ho \u0159e\u0161en\u00ed a Kyjev mus\u00ed naj\u00edt jin\u00e9 cesty k vy\u0159e\u0161en\u00ed konfliktu<\/strong>, \u010d\u00edm\u017e se mysl\u00ed rozhovory a vyjedn\u00e1n\u00ed p\u0159\u00edm\u011b\u0159\u00ed s Ruskem. Informoval\u00a0<strong>[<a href=\"https:\/\/href.li\/?https:\/\/www.fr.de\/politik\/forderungen-druck-selenskyj-ukraine-krieg-russland-waffenstillstand-verhandlungen-zr-92756505.html\" target=\"_blank\" rel=\"nofollow noopener\">1<\/a>]<\/strong>\u00a0o tom ve \u010dtvrtek n\u011bmeck\u00fd list Frankfurter Rundschau s odvol\u00e1n\u00edm na zdroje americk\u00e9ho tisku.<\/p>\n<p>&nbsp;<\/p>\n<div id=\"rumble_v42idri\">\n<div id=\"vid_v42idri\" class=\"rumble_v42idri-Rumble-cls\" tabindex=\"-1\">\n<div>\n<div class=\"bigPlayUI ctp\">\n<div class=\"bigPlayUIInner ctp\"><div class='videoWrapper'>\r\n\t            <iframe src='https:\/\/rumble.com\/embed\/pj.v42idri\/' frameborder='0' allowfullscreen><\/iframe>\r\n\t        <\/div><\/div>\n<\/div>\n<\/div>\n<\/div>\n<\/div>\n<p>&nbsp;<\/p>\n<p><span class=\"VIpgJd-yAWNEb-VIpgJd-fmcmS-sn54Q\">Podle\u00a0<\/span><span class=\"VIpgJd-yAWNEb-VIpgJd-fmcmS-sn54Q\">republik\u00e1n\u016f<\/span><span class=\"VIpgJd-yAWNEb-VIpgJd-fmcmS-sn54Q\">\u00a0mus\u00ed Ukrajina naj\u00edt \u0159e\u0161en\u00ed jinak. Krom\u011b toho\u00a0<strong>\u201e<em>je v nejlep\u0161\u00edm z\u00e1jmu Spojen\u00fdch st\u00e1t\u016f p\u0159ijmout, \u017ee Ukrajina mus\u00ed postoupit n\u011bjak\u00e9 \u00fazem\u00ed Rus\u016fm,<\/em>\u201c<\/strong>\u00a0\u0159ekl republik\u00e1nsk\u00fd sen\u00e1tor J. D. Vance americk\u00e9 stanici\u00a0<\/span><em><span class=\"VIpgJd-yAWNEb-VIpgJd-fmcmS-sn54Q\">CNN<\/span><\/em><span class=\"VIpgJd-yAWNEb-VIpgJd-fmcmS-sn54Q\">. V\u00e1lka m\u016f\u017ee skon\u010dit podle republik\u00e1n\u016f pouze jedn\u00e1n\u00edm a pokud se\u00a0<strong>\u201e<em>ka\u017ed\u00e1 strana vzd\u00e1 n\u011b\u010deho, \u010deho se vzd\u00e1t nechce<\/em>\u201c,<\/strong>\u00a0\u0159ekl pozd\u011bji\u00a0<\/span><em><span class=\"VIpgJd-yAWNEb-VIpgJd-fmcmS-sn54Q\">NBC News<\/span><\/em><span class=\"VIpgJd-yAWNEb-VIpgJd-fmcmS-sn54Q\">. Jak upozor\u0148uj\u00ed n\u011bme\u010dt\u00ed novin\u00e1\u0159i, takov\u00e9to v\u00fdroky by byly p\u0159ed necel\u00fdmi 2 roky po rusk\u00e9 invazi na Ukrajinu od americk\u00fdch kongresman\u016f a sen\u00e1tor\u016f zcela vylou\u010den\u00e9.<\/span><\/p>\n<p><span class=\"VIpgJd-yAWNEb-VIpgJd-fmcmS-sn54Q\">Tehdy sborov\u011b zazn\u00edvalo, \u017ee USA budou Ukrajinu podporovat tak dlouho, jak to p\u016fjde, co\u017e bylo velmi \u00fadern\u00e9 heslo, kter\u00e9 ihned p\u0159evzala i vl\u00e1da Petra Fialy v \u010cR. Po necel\u00fdch 2 letech je ale v\u0161echno jinak. Nad\u0161en\u00ed pro podporu Ukrajiny vyprchalo jako p\u00e1ra nad hrncem a d\u016fvody jsou celkem hned dva.<\/span><\/p>\n<h6><span style=\"font-size: 18pt;\">Dva hlavn\u00ed d\u016fvody, pro\u010d Ameri\u010dan\u00e9 ztratili d\u016fv\u011bru ve v\u00edt\u011bzstv\u00ed Ukrajiny. A za\u010dal kolaps evropsk\u00fdch ekonomik kv\u016fli propadu N\u011bmecka<\/span><\/h6>\n<p>Za prv\u00e9, Ukrajina nezvl\u00e1dla letn\u00ed ofenz\u00edvu a\u00a0<strong>100 miliard USD<\/strong>, kter\u00e9 ta ofenz\u00edva st\u00e1la p\u0159ev\u00e1\u017en\u011b americkou st\u00e1tn\u00ed kasu\u00a0<strong>[<a href=\"https:\/\/href.li\/?https:\/\/www.rferl.org\/a\/ukraine-100-billion-dollars-military-aid-west\/32576686.html\" target=\"_blank\" rel=\"nofollow noopener\">2<\/a>]<\/strong>, vylet\u011bly do pov\u011bt\u0159\u00ed, stejn\u011b jako z\u00e1padn\u00ed technika na minov\u00fdch pol\u00ed Surovikinovy obrann\u00e9 linie. A za druh\u00e9, mohutn\u00e9 evropsk\u00e9 sankce proti Rusku (<em>z\u00e1m\u011brn\u011b ne\u0159\u00edk\u00e1m americk\u00e9 sankce, proto\u017ee USA uvalily na Rusko jen minim\u00e1ln\u00ed a v podstat\u011b nev\u00fdznamn\u00e9 sankce<\/em>) toti\u017e ruskou ekonomiku za 2 roky nejen nepolo\u017eily, ale\u00a0<strong>Rusko minul\u00fd m\u011bs\u00edc v prosinci zakon\u010dilo rok 2023 s ekonomick\u00fdm r\u016fstem HDP na \u00farovni 3.2% [<a href=\"https:\/\/href.li\/?https:\/\/tass.com\/economy\/1717557?utm_source=google.com&amp;utm_medium=organic&amp;utm_campaign=google.com&amp;utm_referrer=google.com\" target=\"_blank\" rel=\"nofollow noopener\">3<\/a>] a za\u0159adilo se mezi nejrychleji rostouc\u00ed ekonomiky na sv\u011bt\u011b<\/strong>\u00a0ve srovn\u00e1n\u00ed se zem\u011bmi EU nebo v porovn\u00e1n\u00ed s \u010cR, kter\u00e1 m\u011bla za rok 2023 negativn\u00ed r\u016fst -0,7% HDP za t\u0159et\u00ed kvart\u00e1l lo\u0148sk\u00e9ho roku\u00a0<strong>[<a href=\"https:\/\/href.li\/?https:\/\/www.kurzy.cz\/zpravy\/752553-hruby-domaci-produkt-hdp-se-ve-3-ctvrtleti-2023-mezirocne-snizil-o-0-7--a-slo-tak-o-treti\/\" target=\"_blank\" rel=\"nofollow noopener\">4<\/a>]<\/strong>.<\/p>\n<figure id=\"attachment_57614\" class=\"wp-caption aligncenter\" style=\"width: 695px;\"><a href=\"https:\/\/aeronet.news\/wp-content\/uploads\/FialaNutellaFeat.jpg\"><img decoding=\"async\" loading=\"lazy\" class=\"wp-image-57614 \" src=\"https:\/\/aeronet.news\/wp-content\/uploads\/FialaNutellaFeat-1024x574.jpg\" sizes=\"(max-width: 700px) 100vw, 700px\" srcset=\"https:\/\/aeronet.news\/wp-content\/uploads\/FialaNutellaFeat-1024x574.jpg 1024w, https:\/\/aeronet.news\/wp-content\/uploads\/FialaNutellaFeat-300x168.jpg 300w, https:\/\/aeronet.news\/wp-content\/uploads\/FialaNutellaFeat-768x431.jpg 768w, https:\/\/aeronet.news\/wp-content\/uploads\/FialaNutellaFeat-700x393.jpg 700w, https:\/\/aeronet.news\/wp-content\/uploads\/FialaNutellaFeat-636x357.jpg 636w, https:\/\/aeronet.news\/wp-content\/uploads\/FialaNutellaFeat-861x483.jpg 861w, https:\/\/aeronet.news\/wp-content\/uploads\/FialaNutellaFeat.jpg 1280w\" alt=\"\" width=\"695\" height=\"390\" \/><\/a><figcaption class=\"wp-caption-text\">Profesor Nutella dovedl \u010cR k propadu HDP do z\u00e1porn\u00fdch hodnot za rok 2023<\/figcaption><\/figure>\n<p>Za posledn\u00ed kvart\u00e1l je\u0161t\u011b \u010d\u00edsla nejsou venku, ale asi si dok\u00e1\u017eete p\u0159edstavit, \u017ee z m\u00ednusu se \u010desk\u00e9 HDP za cel\u00fd rok 2023 nedostane. D\u016fvod? Vysok\u00e1 m\u00edra inflace a s n\u00ed spojen\u00e9 zdra\u017eov\u00e1n\u00ed, v\u00fdjezdy stovek tis\u00edc \u010cech\u016f za n\u00e1kupy do Polska a N\u011bmecka, propad re\u00e1ln\u00fdch mezd a zejm\u00e9na zpomalen\u00ed v\u00fdkonu n\u011bmeck\u00e9ho pr\u016fmyslu v d\u016fsledku zhroucen\u00ed trhu s levn\u00fdmi energiemi a palivy z Ruska, co\u017e se okam\u017eit\u011b prom\u00edtlo do prudk\u00e9ho propadu \u010desk\u00e9ho HDP, proto\u017ee n\u011bmeck\u00e9 fabriky za\u010daly ru\u0161it odb\u011bry produkce z \u010desk\u00fdch podnik\u016f, to v\u0161echno je p\u0159\u00ed\u010dinou propadu HDP.<\/p>\n<p>Psal jsem o tom ned\u00e1vno \u010dl\u00e1nek, jak je \u010desk\u00e1 ekonomika napojen\u00e1 pupe\u010dn\u00ed \u0161\u0148\u016frou na n\u011bmeckou ekonomiku a jak\u00fdkoliv ot\u0159es pr\u016fmyslu tady se okam\u017eit\u011b p\u0159ekop\u00edruje do poklesu v\u00fdroby a t\u00edm p\u00e1dem HDP v \u010cR.\u00a0<strong>\u010cesk\u00e1 republika byla po roce 1989 redukov\u00e1na na od\u0161t\u011bpen\u00fd z\u00e1vod n\u011bmeck\u00e9ho automobilov\u00e9ho a stroj\u00edrensk\u00e9ho pr\u016fmyslu a 30 let to fungovalo.<\/strong>\u00a0Jen\u017ee, fungovalo to jen d\u00edky lacin\u00fdm energi\u00edm a surovin\u00e1m z Ruska. N\u011bmeck\u00e1 ekonomika bez rusk\u00fdch surovin nem\u016f\u017ee profitovat a logicky nem\u016f\u017ee u\u017e odeb\u00edrat od \u010desk\u00fdch manufaktur a z\u00e1vod\u016f tolik nasmlouvan\u00e9 subprodukce. Fiala ni\u010demu nerozum\u00ed a mysl\u00ed si, \u017ee probl\u00e9m s drahotou v \u010cR je zp\u016fsoben p\u0159ir\u00e1\u017ekami obchodn\u00edk\u016f na Nutelle a ke\u010dupech. To nevymysl\u00ed\u0161!<\/p>\n<h6><span style=\"font-size: 18pt;\">Ukrajina bez americk\u00fdch pen\u011bz a zbran\u00ed p\u0159ijde o dal\u0161\u00ed \u00fazem\u00ed, proto\u017ee klacky ukrajinsk\u00e1 arm\u00e1da Rusy nezastav\u00ed<\/span><\/h6>\n<p>Drahota v \u010cesku je zp\u016fsobena pr\u00e1v\u011b soub\u011bhem diletantstv\u00ed Fialovy ekonomick\u00e9 destruk\u010dn\u00ed vl\u00e1dy, kter\u00e1 krizi energi\u00ed a cen na trhu, podtr\u017een\u00e9 propadem n\u011bmeck\u00e9ho pr\u016fmyslu, na kter\u00fd je \u010desk\u00e1 ekonomka vertebr\u00e1ln\u011b nav\u00e1z\u00e1na, \u0159e\u0161\u00ed fisk\u00e1ln\u00edm \u0161pag\u00e1tem omotan\u00fdm okolo krku nejprve 2+ milion\u016f \u010desk\u00fdch d\u016fchodc\u016f a nyn\u00ed ji\u017e okolo 4,5 milionu ekonomicky v\u00fdkonn\u00fdch osob skrze sni\u017eov\u00e1n\u00ed odpisov\u00fdch polo\u017eek a zvy\u0161ov\u00e1n\u00edm dan\u00ed.\u00a0<strong>Tak\u017ee, zat\u00edmco Rusko roste o 3,7% a sm\u011bje se cel\u00e9 Evrop\u011b, tak EU mezit\u00edm kolabuje. Nejen ekonomicky, ale m\u011bn\u00ed se i konceptu\u00e1ln\u011b, co\u017e potvrzuj\u00ed v\u00fdsledky voleb na Slovensku, v Holandsku, v Srbsku<\/strong>\u00a0a postupn\u011b v dal\u0161\u00edch zem\u00edch. Ukrajina se stane balvanem, kter\u00fd st\u00e1hne byrokratickou EU ekonomicky a n\u00e1sledn\u011b i politicky ke dnu.<\/p>\n<figure id=\"attachment_32894\" class=\"wp-caption aligncenter\" style=\"width: 697px;\"><a href=\"https:\/\/aeronet.news\/wp-content\/uploads\/Trump_Congress_aerial_AP.jpg\"><img decoding=\"async\" loading=\"lazy\" class=\"wp-image-32894 \" src=\"https:\/\/aeronet.news\/wp-content\/uploads\/Trump_Congress_aerial_AP-1024x683.jpg\" sizes=\"(max-width: 700px) 100vw, 700px\" srcset=\"https:\/\/aeronet.news\/wp-content\/uploads\/Trump_Congress_aerial_AP-1024x683.jpg 1024w, https:\/\/aeronet.news\/wp-content\/uploads\/Trump_Congress_aerial_AP-300x200.jpg 300w, https:\/\/aeronet.news\/wp-content\/uploads\/Trump_Congress_aerial_AP-768x513.jpg 768w, https:\/\/aeronet.news\/wp-content\/uploads\/Trump_Congress_aerial_AP-700x467.jpg 700w, https:\/\/aeronet.news\/wp-content\/uploads\/Trump_Congress_aerial_AP-535x357.jpg 535w, https:\/\/aeronet.news\/wp-content\/uploads\/Trump_Congress_aerial_AP-724x483.jpg 724w, https:\/\/aeronet.news\/wp-content\/uploads\/Trump_Congress_aerial_AP.jpg 1500w\" alt=\"\" width=\"697\" height=\"465\" \/><\/a><figcaption class=\"wp-caption-text\">Americk\u00fd kongres m\u00e1 p\u0159ed sebou v USA volby a Ukrajina se stala pro dom\u00e1c\u00ed americkou politiku balvanem<\/figcaption><\/figure>\n<p>Americk\u00fd kongres jede u\u017e p\u0159edvolebn\u00ed kampa\u0148 a Ameri\u010dan\u00e9 podle americk\u00e9 rozv\u011bdky varovali Kyjev, \u017ee m\u00e1 posledn\u00ed \u0161anci k zah\u00e1jen\u00ed rozhovor\u016f s Ruskem o p\u0159\u00edm\u011b\u0159\u00ed, anebo bude Ukrajina \u010delit hrozb\u011b, \u017ee Rusk\u00e1 arm\u00e1da obsad\u00ed v\u00edce ukrajinsk\u00e9ho \u00fazem\u00ed, ne\u017e kter\u00e9 kontroluje dnes.\u00a0<strong>Rusov\u00e9 pr\u00fd v polovin\u011b ledna chystaj\u00ed ofenz\u00edvu na Charkov [<a href=\"https:\/\/href.li\/?https:\/\/news.yahoo.com\/ukraines-armed-forces-prepare-russian-110151494.html\" target=\"_blank\" rel=\"nofollow noopener\">5<\/a>] a celou Charkovskou oblast. Z\u00e1padn\u00ed rozv\u011bdky ji\u017e varovaly Kyjev.<\/strong><\/p>\n<p>Bez americk\u00fdch pen\u011bz a zbran\u00ed toti\u017e ztrat\u00ed Ukrajina je\u0161t\u011b v\u00edce \u00fazem\u00ed, varovaly z\u00e1padn\u00ed diplomat\u00e9 Zelensk\u00e9ho v posledn\u00edch dnech. Zelensk\u00fd st\u00e1le nev\u011b\u0159\u00ed tomu, \u017ee to Ameri\u010dan\u00e9 ud\u011blaj\u00ed a nechaj\u00ed Ukrajinu na holi\u010dk\u00e1ch, tak\u017ee Zelensk\u00fd st\u00e1le odm\u00edt\u00e1 jedn\u00e1n\u00ed s Ruskem, ale ve chv\u00edli, kdy se za\u010dnou na Charkov valit dal\u0161\u00ed rusk\u00e1 vojska, nebude ji\u017e Ukrajina se m\u00edt \u010d\u00edm br\u00e1nit. Nebude m\u00edt pen\u00edze, ani zbran\u011b, ani munici a p\u0159ijde o v\u00edce \u00fazem\u00ed. O kolik? No, to je dobr\u00e1 ot\u00e1zka.<\/p>\n<h6><span style=\"font-size: 18pt;\">Ameri\u010dan\u00e9 varuj\u00ed Zelensk\u00e9ho, \u017ee Ukrajina m\u016f\u017ee skon\u010dit bu\u010f s t\u00edm, co te\u010f kontroluje v\u00fdm\u011bnou za p\u0159\u00edm\u011b\u0159\u00ed, anebo ztrat\u00ed je\u0161t\u011b v\u00edce \u00fazem\u00ed<\/span><\/h6>\n<p>To v podstat\u011b z\u00e1vis\u00ed na tom, jak dlouho Zelensk\u00fd z\u016fstane v Kyjev\u011b u moci, ne\u017e se ho ukrajinsk\u00e1 arm\u00e1da prost\u011b zbav\u00ed.\u00a0<strong>Zelensk\u00fd se toti\u017e podle Soskina za\u010dal montovat do veden\u00ed a velen\u00ed vojensk\u00fdch operac\u00ed, p\u0159\u00edmo p\u0159evzal rozhodov\u00e1n\u00ed o man\u00e9vrech na front\u011b a \u010dm\u00e1r\u00e1 fixou po vojensk\u00e9 map\u011b<\/strong>, p\u0159i\u010dem\u017e \u00fapln\u011b odstavil jak Zalu\u017en\u00e9ho, tak i gener\u00e1la Syrsk\u00e9ho, kter\u00fd byl pova\u017eov\u00e1n za Zelensk\u00e9ho spojence, ale jak se zd\u00e1, ani on u\u017e nem\u00e1 jeho d\u016fv\u011bru.<\/p>\n<p>U prezidenta Zelensk\u00e9ho se projevuje paranoia, kter\u00e1 je typick\u00e1 pro dlouhodob\u00e9 u\u017eivatele kokainu. Zelensk\u00fd p\u0159est\u00e1v\u00e1 v\u0161em v\u011b\u0159it a chce m\u00edt v\u0161e pod kontrolou, proto zasahuje do vojensk\u00fdch operac\u00ed stejn\u011b jako Adolf Hitler ke konci v\u00e1lky, kter\u00fd zcela p\u0159evzal \u0159\u00edzen\u00ed arm\u00e1d Wehrmachtu ji\u017e na podzim roku 1944. Hitler obvinil v\u0161echny gener\u00e1ly z neschopnosti a por\u00e1\u017eek a p\u0159evzal \u0159\u00edzen\u00ed nad v\u00e1le\u010dn\u00fdm \u00fasil\u00edm cel\u00e9 \u0158\u00ed\u0161e do sv\u00fdch rukou. Zd\u00e1 se, \u017ee Zelensk\u00fd se dostal do stejn\u00e9 situace.<\/p>\n<p><a href=\"https:\/\/aeronet.news\/wp-content\/uploads\/RuTanksDonbass.jpg\"><img decoding=\"async\" loading=\"lazy\" class=\"wp-image-53986 aligncenter\" src=\"https:\/\/aeronet.news\/wp-content\/uploads\/RuTanksDonbass.jpg\" sizes=\"(max-width: 1200px) 100vw, 1200px\" srcset=\"https:\/\/aeronet.news\/wp-content\/uploads\/RuTanksDonbass.jpg 1200w, https:\/\/aeronet.news\/wp-content\/uploads\/RuTanksDonbass-300x150.jpg 300w, https:\/\/aeronet.news\/wp-content\/uploads\/RuTanksDonbass-768x384.jpg 768w, https:\/\/aeronet.news\/wp-content\/uploads\/RuTanksDonbass-1024x512.jpg 1024w, https:\/\/aeronet.news\/wp-content\/uploads\/RuTanksDonbass-700x350.jpg 700w, https:\/\/aeronet.news\/wp-content\/uploads\/RuTanksDonbass-714x357.jpg 714w, https:\/\/aeronet.news\/wp-content\/uploads\/RuTanksDonbass-966x483.jpg 966w\" alt=\"\" width=\"884\" height=\"442\" \/><\/a><\/p>\n<p>Po zpackan\u00e9 letn\u00ed ofenz\u00edv\u011b u\u017e nev\u011b\u0159\u00ed sv\u00fdm gener\u00e1l\u016fm a m\u00e1 pocit, \u017ee s\u00e1m bude vojensk\u00e9 operace \u0159\u00eddit l\u00e9pe. Soskin to ozna\u010dil za akt \u0161\u00edlenstv\u00ed spojen\u00fd s proti\u00fastavn\u00edm z\u00e1konem na zm\u011bnu mobiliza\u010dn\u00edch podm\u00ednek na Ukrajin\u011b, kter\u00fd vze\u0161el p\u0159\u00edmo od Zelensk\u00e9ho a v z\u00e1kon\u011b si chce prezident de facto p\u0159ivlastnit roli vrchn\u00edho vojskov\u00e9ho velitele po vzoru z\u00e1padn\u00edch zem\u00ed, kde prezidenti b\u00fdvaj\u00ed vrchn\u00edmi veliteli arm\u00e1d. Jen\u017ee v z\u00e1padn\u00edch zem\u00edch jde o ceremoni\u00e1ln\u00ed vojensk\u00e9 funkce, nikoliv o v\u00fdkonn\u00e9 d\u016fstojn\u00edky, kte\u0159\u00ed by v p\u0159\u00edpad\u011b v\u00e1lky zasedli za v\u00e1le\u010dn\u00fd st\u016fl s mapou a posunovali by po n\u00ed arm\u00e1dy jako mar\u0161\u00e1lov\u00e9.<\/p>\n<h6><span style=\"font-size: 18pt;\">Zelensk\u00fd zapudil gener\u00e1ly pro \u201cneschopnost\u201d a podle informac\u00ed se s\u00e1m ujal veden\u00ed bojov\u00fdch operac\u00ed. P\u0159esn\u011b jako to ud\u011blal Hitler ke konci v\u00e1lky<\/span><\/h6>\n<p>Zelensk\u00fd si v\u0161ak chce tuto roli vyzkou\u0161et a nam\u00edsto zm\u011bny ve velitelsk\u00fdch pozic\u00edch po ne\u00fasp\u011b\u0161n\u00e9 ofenz\u00edv\u011b se rozhodl, \u017ee vojensk\u00e9 operace bude \u0159\u00eddit s\u00e1m.\u00a0<strong>Komediant mar\u0161\u00e1lem? Ano, na Ukrajin\u011b je mo\u017en\u00e9 v\u0161echno.<\/strong>\u00a0Nen\u00ed divu, \u017ee tohoto cirkusu se ji\u017e Ameri\u010dan\u00e9 necht\u011bj\u00ed \u00fa\u010dastnit a hlavn\u011b necht\u011bj\u00ed na to pos\u00edlat dal\u0161\u00ed pen\u00edze. A postupn\u011b i v Evrop\u011b za\u010dnou politici brzdit podporu Ukrajin\u011b, proto\u017ee se budou bl\u00ed\u017eit volby a jak ukazuj\u00ed ji\u017e n\u011bkter\u00e9 evropsk\u00e9 zem\u011b, kdo cht\u011bl v\u00e1lku na Ukrajin\u011b, volby prohr\u00e1l. Ten proces se za\u010dne projevovat ve v\u00edce st\u00e1tech, ale pokud si Zelensk\u00fd neuv\u011bdom\u00ed, \u017ee bez americk\u00fdch pen\u011bz a zbran\u00ed u\u017e fakt Rusy nezastav\u00ed, tak Ukrajina p\u0159ijde o dal\u0161\u00ed oblasti.<\/p>\n<figure id=\"attachment_58222\" class=\"wp-caption aligncenter\" style=\"width: 696px;\"><a href=\"https:\/\/aeronet.news\/wp-content\/uploads\/ZelenskyNewYear2024.jpg\"><img decoding=\"async\" loading=\"lazy\" class=\"wp-image-58222 \" src=\"https:\/\/aeronet.news\/wp-content\/uploads\/ZelenskyNewYear2024-1024x576.jpg\" sizes=\"(max-width: 700px) 100vw, 700px\" srcset=\"https:\/\/aeronet.news\/wp-content\/uploads\/ZelenskyNewYear2024-1024x576.jpg 1024w, https:\/\/aeronet.news\/wp-content\/uploads\/ZelenskyNewYear2024-300x169.jpg 300w, https:\/\/aeronet.news\/wp-content\/uploads\/ZelenskyNewYear2024-768x432.jpg 768w, https:\/\/aeronet.news\/wp-content\/uploads\/ZelenskyNewYear2024-700x394.jpg 700w, https:\/\/aeronet.news\/wp-content\/uploads\/ZelenskyNewYear2024-635x357.jpg 635w, https:\/\/aeronet.news\/wp-content\/uploads\/ZelenskyNewYear2024-859x483.jpg 859w, https:\/\/aeronet.news\/wp-content\/uploads\/ZelenskyNewYear2024.jpg 1280w\" alt=\"\" width=\"696\" height=\"392\" \/><\/a><figcaption class=\"wp-caption-text\">Dramatick\u00fd zjev Zelensk\u00e9ho p\u0159i novoro\u010dn\u00edm projevu d\u00e1val tu\u0161it, \u017ee situace je tak v\u00e1\u017en\u00e1, \u017ee je t\u0159eba za\u010d\u00edt hr\u00e1t drama na\u017eivo na kameru, proto\u017ee u\u017e jde opravdu do tuh\u00e9ho<\/figcaption><\/figure>\n<p>Z\u0159ejm\u011b o Charkovskou oblast s druh\u00fdm nejv\u011bt\u0161\u00edm ukrajinsk\u00fdm m\u011bstem Charkovem v \u010dele, mo\u017en\u00e1 i o Od\u011bsu a Od\u011bskou oblast a b\u016fhv\u00ed, kde se to zastav\u00ed. Americk\u00e9 i evropsk\u00e9 zbrojn\u00ed sklady jsou pr\u00e1zdn\u00e9. Ukrajinci jsou v situaci, \u017ee i kdyby se stal z\u00e1zrak a pen\u00edze by nakonec dostali, nebudou m\u00edt za n\u011b co koupit, proto\u017ee sklady v USA i v Evrop\u011b jsou pr\u00e1zdn\u00e9. Zdaleka tak nejde jen o probl\u00e9m pen\u011bz, ale o kapacitu zbrojn\u00ed v\u00fdroby, kter\u00e1 v USA i v Evrop\u011b dohromady produkuje jen zlomek toho, co produkuje rusk\u00fd zbrojn\u00ed pr\u016fmysl v t\u00e9to chv\u00edli. Nen\u00ed proto divu, \u017ee republik\u00e1ni u\u017e otev\u0159en\u011b hovo\u0159\u00ed o tom, \u017ee Ukrajina mus\u00ed naj\u00edt jin\u00e9 \u0159e\u0161en\u00ed v\u00e1lky, a \u017ee mus\u00ed ud\u011blat Rusku \u00fazemn\u00ed \u00fastupky, dokud je \u010das. Proto\u017ee pokud to Kyjev neud\u011bl\u00e1, re\u00e1ln\u011b p\u0159ijde Ukrajina o v\u00edce \u00fazem\u00ed ne\u017e dnes.<\/p>\n<p><a href=\"https:\/\/aeronet.news\/oleg-soskin-ukrajina-za-soucasneho-stavu-a-vedeni-zeme-nemuze-rusko-porazit-zelensky-se-zacal-motat-do-valecneho-veleni-a-nemecky-frankfurter-rundschau-uz-otevrene-napsal-ze-tlak-na-zelenskeho\/\">-VK- \u0160\u00e9fredaktor AE News<\/a><\/p>\n<p>&nbsp;<\/p>\n<p>&nbsp;<\/p>\n","protected":false},"excerpt":{"rendered":"<p>Oleg Soskin: Ukrajina za sou\u010dasn\u00e9ho stavu a veden\u00ed zem\u011b nem\u016f\u017ee Rusko porazit! Zelensk\u00fd se za\u010dal&#8230;<\/p>\n","protected":false},"author":2,"featured_media":44049,"comment_status":"closed","ping_status":"closed","sticky":false,"template":"","format":"standard","meta":[],"categories":[6],"tags":[1042,26,1000],"_links":{"self":[{"href":"https:\/\/www.infokuryr.cz\/n\/wp-json\/wp\/v2\/posts\/44048"}],"collection":[{"href":"https:\/\/www.infokuryr.cz\/n\/wp-json\/wp\/v2\/posts"}],"about":[{"href":"https:\/\/www.infokuryr.cz\/n\/wp-json\/wp\/v2\/types\/post"}],"author":[{"embeddable":true,"href":"https:\/\/www.infokuryr.cz\/n\/wp-json\/wp\/v2\/users\/2"}],"replies":[{"embeddable":true,"href":"https:\/\/www.infokuryr.cz\/n\/wp-json\/wp\/v2\/comments?post=44048"}],"version-history":[{"count":0,"href":"https:\/\/www.infokuryr.cz\/n\/wp-json\/wp\/v2\/posts\/44048\/revisions"}],"wp:featuredmedia":[{"embeddable":true,"href":"https:\/\/www.infokuryr.cz\/n\/wp-json\/wp\/v2\/media\/44049"}],"wp:attachment":[{"href":"https:\/\/www.infokuryr.cz\/n\/wp-json\/wp\/v2\/media?parent=44048"}],"wp:term":[{"taxonomy":"category","embeddable":true,"href":"https:\/\/www.infokuryr.cz\/n\/wp-json\/wp\/v2\/categories?post=44048"},{"taxonomy":"post_tag","embeddable":true,"href":"https:\/\/www.infokuryr.cz\/n\/wp-json\/wp\/v2\/tags?post=44048"}],"curies":[{"name":"wp","href":"https:\/\/api.w.org\/{rel}","templated":true}]}}