{"id":44025,"date":"2024-01-06T00:45:49","date_gmt":"2024-01-05T23:45:49","guid":{"rendered":"http:\/\/www.infokuryr.cz\/n\/?p=44025"},"modified":"2024-01-05T18:05:42","modified_gmt":"2024-01-05T17:05:42","slug":"bezpilotni-clun-houthi-vybuchl-par-mil-od-americkych-valecnych-lodi-v-rudem-mori","status":"publish","type":"post","link":"https:\/\/www.infokuryr.cz\/n\/2024\/01\/06\/bezpilotni-clun-houthi-vybuchl-par-mil-od-americkych-valecnych-lodi-v-rudem-mori\/","title":{"rendered":"Bezpilotn\u00ed \u010dlun Houthi vybuchl p\u00e1r mil od americk\u00fdch v\u00e1le\u010dn\u00fdch lod\u00ed v Rud\u00e9m mo\u0159i"},"content":{"rendered":"<div id=\"fb-root\"><\/div>\n<p><strong><span>Bezpilotn\u00ed \u010dlun Houthi pln\u00fd v\u00fdbu\u0161nin se dostal na \u201ep\u00e1r mil\u201c od n\u00e1mo\u0159nictva Spojen\u00fdch st\u00e1t\u016f a komer\u010dn\u00edch plavidel v Rud\u00e9m mo\u0159i, ne\u017e vybuchl 4. ledna, jen n\u011bkolik hodin pot\u00e9, co B\u00edl\u00fd d\u016fm a 12 spojeneck\u00fdch zem\u00ed vydalo posledn\u00ed varov\u00e1n\u00ed jemensk\u00e9 skupin\u011b. zastavit \u00fatoky proti lodn\u00ed doprav\u011b.<\/span><\/strong><\/p>\n<p><span>H\u00fas\u00edov\u00e9, kte\u0159\u00ed ovl\u00e1daj\u00ed velkou \u010d\u00e1st jemensk\u00e9ho pob\u0159e\u017e\u00ed Rud\u00e9ho mo\u0159e, jsou sou\u010d\u00e1st\u00ed takzvan\u00e9 Osy odporu, kterou podporuje \u00cdr\u00e1n a stav\u00ed se proti Izraeli.<\/span><\/p>\n<p><span>Od za\u010d\u00e1tku izraelsk\u00e9 v\u00e1lky v palestinsk\u00e9m p\u00e1smu Gazy skupina vyp\u00e1lila n\u011bkolik raket a dron\u016f na nejji\u017en\u011bj\u0161\u00ed izraelsk\u00e9 m\u011bsto Ejlat.\u00a0Za\u00fato\u010dila tak\u00e9 na \u0159adu izraelsk\u00fdch lod\u00ed a ozn\u00e1mila blok\u00e1du v\u0161ech lod\u00ed m\u00ed\u0159\u00edc\u00edch do Izraele.<\/span><\/p>\n<p><span>Viceadmir\u00e1l Brad Cooper, velitel \u00dast\u0159edn\u00edho velitelstv\u00ed n\u00e1mo\u0159n\u00edch sil USA, \u0159ekl, \u017ee to bylo poprv\u00e9, co H\u00fas\u00edov\u00e9 pou\u017eili bezpilotn\u00ed povrchov\u00e9 vozidlo (USV) od za\u010d\u00e1tku jejich \u201eobt\u011b\u017eov\u00e1n\u00ed\u201c komer\u010dn\u00edch lod\u00ed v Rud\u00e9m mo\u0159i.<\/span><\/p>\n<p><span>USV cestovala z Jemenu na mezin\u00e1rodn\u00ed lodn\u00ed trasy \u201ejasn\u011b s \u00famyslem ubl\u00ed\u017eit\u201c, ne\u017e vybuchla, dodal Cooper.<\/span><\/p>\n<p><span>Nebylo jasn\u00e9, zda byla c\u00edlem konkr\u00e9tn\u00ed lo\u010f, a USV explodovala, ani\u017e by zp\u016fsobila po\u0161kozen\u00ed jak\u00e9koli lodi nebo zran\u011bn\u00ed pos\u00e1dky.<\/span><\/p>\n<p><span>Toto byl 25. \u00fatok Houthi\u016f na lod\u011b v Rud\u00e9m mo\u0159i od 18. listopadu, \u0159ekl Cooper s t\u00edm, \u017ee \u00fatoky budou t\u00e9m\u011b\u0159 jist\u011b pokra\u010dovat.<\/span><\/p>\n<p><em>&#8222;Neexistuj\u00ed \u017e\u00e1dn\u00e9 zn\u00e1mky toho, \u017ee by jejich nezodpov\u011bdn\u00e9 chov\u00e1n\u00ed odezn\u011blo,&#8220; \u0159ekl Cooper novin\u00e1\u0159\u016fm na br\u00edfinku ve \u010dtvrtek r\u00e1no.<\/em><\/p>\n<p><span>Minul\u00fd m\u011bs\u00edc USA rozm\u00edstily letadlovou lo\u010f USS Dwight D Eisenhower pobl\u00ed\u017e Jemenu a zah\u00e1jily operaci Prosperity Guardian na ochranu pohybu v Rud\u00e9m mo\u0159i, p\u0159es kter\u00e9 proch\u00e1z\u00ed 12 procent celosv\u011btov\u00e9ho obchodu.<\/span><\/p>\n<p><span>Cooper uvedl, \u017ee koalice se nyn\u00ed skl\u00e1d\u00e1 z 22 zem\u00ed a o\u010dek\u00e1v\u00e1 se, \u017ee poroste.\u00a0Od zah\u00e1jen\u00ed operace bylo podle velitele sest\u0159eleno 19 dron\u016f a raket vypu\u0161t\u011bn\u00fdch z \u00fazem\u00ed H\u00fas\u00ed\u016f a t\u0159i mal\u00e9 \u010dluny H\u00fas\u00ed\u016f byly potopeny.<\/span><\/p>\n<p><span>P\u0159i \u00fatoku na \u010dluny, kter\u00fd provedly vrtuln\u00edky americk\u00e9ho n\u00e1mo\u0159nictva, zahynulo deset bojovn\u00edk\u016f Houthi.\u00a0Skupina sl\u00edbila odpov\u011bd\u011bt.<\/span><\/p>\n<p><span>V posledn\u00edm varov\u00e1n\u00ed vydan\u00e9m za\u010d\u00e1tkem tohoto t\u00fddne USA a jejich spojenci uvedli, \u017ee H\u00fas\u00edov\u00e9 budou \u010delit \u201en\u00e1sledk\u016fm\u201c, pokud nezastav\u00ed sv\u00e9 \u00fatoky na lodn\u00ed dopravu v Rud\u00e9m mo\u0159i.\u00a0Jak\u00fdkoli \u00fatok koalice zaru\u010den\u011b vyvol\u00e1 reakci H\u00fas\u00ed\u016f, kte\u0159\u00ed maj\u00ed pokro\u010dil\u00e9 \u00fato\u010dn\u00e9 schopnosti, kter\u00e9 se neomezuj\u00ed na USV.<\/span><\/p>\n<p><img decoding=\"async\" loading=\"lazy\" class=\"alignnone size-full wp-image-1185\" src=\"http:\/\/www.infokuryr.cz\/n\/wp-content\/uploads\/2021\/04\/kuryr-podpis.png\" alt=\"\" width=\"84\" height=\"24\" \/><\/p>\n<p>&nbsp;<\/p>\n<p>&nbsp;<\/p>\n","protected":false},"excerpt":{"rendered":"<p>Bezpilotn\u00ed \u010dlun Houthi pln\u00fd v\u00fdbu\u0161nin se dostal na \u201ep\u00e1r mil\u201c od n\u00e1mo\u0159nictva Spojen\u00fdch st\u00e1t\u016f a&#8230;<\/p>\n","protected":false},"author":2,"featured_media":44026,"comment_status":"closed","ping_status":"closed","sticky":false,"template":"","format":"standard","meta":[],"categories":[7],"tags":[6583,6184,627,6329,37],"_links":{"self":[{"href":"https:\/\/www.infokuryr.cz\/n\/wp-json\/wp\/v2\/posts\/44025"}],"collection":[{"href":"https:\/\/www.infokuryr.cz\/n\/wp-json\/wp\/v2\/posts"}],"about":[{"href":"https:\/\/www.infokuryr.cz\/n\/wp-json\/wp\/v2\/types\/post"}],"author":[{"embeddable":true,"href":"https:\/\/www.infokuryr.cz\/n\/wp-json\/wp\/v2\/users\/2"}],"replies":[{"embeddable":true,"href":"https:\/\/www.infokuryr.cz\/n\/wp-json\/wp\/v2\/comments?post=44025"}],"version-history":[{"count":0,"href":"https:\/\/www.infokuryr.cz\/n\/wp-json\/wp\/v2\/posts\/44025\/revisions"}],"wp:featuredmedia":[{"embeddable":true,"href":"https:\/\/www.infokuryr.cz\/n\/wp-json\/wp\/v2\/media\/44026"}],"wp:attachment":[{"href":"https:\/\/www.infokuryr.cz\/n\/wp-json\/wp\/v2\/media?parent=44025"}],"wp:term":[{"taxonomy":"category","embeddable":true,"href":"https:\/\/www.infokuryr.cz\/n\/wp-json\/wp\/v2\/categories?post=44025"},{"taxonomy":"post_tag","embeddable":true,"href":"https:\/\/www.infokuryr.cz\/n\/wp-json\/wp\/v2\/tags?post=44025"}],"curies":[{"name":"wp","href":"https:\/\/api.w.org\/{rel}","templated":true}]}}