{"id":44024,"date":"2024-01-06T00:44:32","date_gmt":"2024-01-05T23:44:32","guid":{"rendered":"http:\/\/www.infokuryr.cz\/n\/?p=44024"},"modified":"2024-01-05T18:02:22","modified_gmt":"2024-01-05T17:02:22","slug":"hamas-sdili-bojove-zabery-z-gazy-izrael-hlasi-100-utoku-na-pasmo","status":"publish","type":"post","link":"https:\/\/www.infokuryr.cz\/n\/2024\/01\/06\/hamas-sdili-bojove-zabery-z-gazy-izrael-hlasi-100-utoku-na-pasmo\/","title":{"rendered":"Hamas sd\u00edl\u00ed bojov\u00e9 z\u00e1b\u011bry z Gazy, Izrael hl\u00e1s\u00ed 100 \u00fatok\u016f na p\u00e1smo"},"content":{"rendered":"<div id=\"fb-root\"><\/div>\n<p><strong><span>Brig\u00e1dy Izz ad-Din al-Qassam, vojensk\u00e9 k\u0159\u00eddlo hnut\u00ed Ham\u00e1s, zve\u0159ejnily 4. ledna videoz\u00e1znamy dokumentuj\u00edc\u00ed ned\u00e1vn\u00e9 st\u0159ety s izraelsk\u00fdmi obrann\u00fdmi silami (IDF) v severn\u00edm p\u00e1smu Gazy.<\/span><\/strong><\/p>\n<p><span>Z\u00e1b\u011bry ukazuj\u00ed, jak bojovn\u00edci Ham\u00e1su po\u0161kozuj\u00ed n\u011bkolik izraelsk\u00fdch hlavn\u00edch bojov\u00fdch tank\u016f raketov\u00fdmi gran\u00e1ty, ost\u0159eluj\u00ed velk\u00e9 shrom\u00e1\u017ed\u011bn\u00ed vybaven\u00ed a zam\u011b\u0159uj\u00ed se na p\u011bchotu IDF pomoc\u00ed \u00fato\u010dn\u00fdch pu\u0161ek a v\u00fdbu\u0161n\u00fdch za\u0159\u00edzen\u00ed ve m\u011bst\u011b Gaza.<\/span><\/p>\n<p><span>IDF tvrd\u00ed, \u017ee v\u011bt\u0161ina m\u011bsta Gazy je pod jej\u00ed kontrolou.\u00a0Video zve\u0159ejn\u011bn\u00e9 brig\u00e1dami Izz ad-Din al-Qassam v\u0161ak nazna\u010duje, \u017ee to nen\u00ed pravda.<\/span><\/p>\n<p><iframe loading=\"lazy\" src=\"https:\/\/s4.cdnstatic.space\/wp-content\/uploads\/2024\/01\/twitsave.com_SYrM0U3g3-B8AO_r.mp4\" width=\"600\" height=\"338\" data-mce-fragment=\"1\"><\/iframe><\/p>\n<p><strong>IDF dos\u00e1hly v posledn\u00edch dnech velmi omezen\u00fdch zisk\u016f ve st\u0159edn\u00ed a ji\u017en\u00ed Gaze.\u00a05. ledna ozn\u00e1mila, \u017ee v\u00edce ne\u017e 100 \u00fader\u016f zas\u00e1hlo c\u00edle Hamasu v P\u00e1smu.<\/strong><\/p>\n<p><span>\u00datoky prov\u00e1d\u011bn\u00e9 vzdu\u0161n\u00fdmi, n\u00e1mo\u0159n\u00edmi a pozemn\u00edmi silami zas\u00e1hly velitelsk\u00e1 centra Hamasu, odpalovac\u00ed pozice, sklady zbran\u00ed a dal\u0161\u00ed infrastrukturu, uv\u00e1d\u00ed IDF.<\/span><\/p>\n<p><span>V uprchlick\u00e9m t\u00e1bo\u0159e al-Bureij v centru Gazy IDF uvedla, \u017ee jednotky 414. bojov\u00e9 zpravodajsk\u00e9 jednotky z Pohrani\u010dn\u00edho obrann\u00e9ho sboru spat\u0159ily skupinu bojovn\u00edk\u016f Hamasu, kte\u0159\u00ed se pokou\u0161eli za\u00fato\u010dit na tank IDF.\u00a0Voj\u00e1ci zah\u00e1jili pron\u00e1sledov\u00e1n\u00ed bojovn\u00edk\u016f pomoc\u00ed dronu a IDF svolala n\u00e1let pot\u00e9, co byli bojovn\u00edci spat\u0159eni p\u0159i \u00fat\u011bku do budovy.<\/span><\/p>\n<p><span>Ve m\u011bst\u011b Khan Younis na jihu Gazy na\u0161li z\u00e1lo\u017en\u00edci brig\u00e1dy Kirjati n\u011bkolik odpalovac\u00edch m\u00edst raket pou\u017e\u00edvan\u00fdch k odpalov\u00e1n\u00ed projektil\u016f na Izrael.\u00a0IDF uvedla, \u017ee voj\u00e1ci b\u011bhem n\u011bkolika bitev v oblasti zni\u010dili odpalovac\u00ed za\u0159\u00edzen\u00ed a zabili \u201emnoho\u201c bojovn\u00edk\u016f Hamasu.<\/span><\/p>\n<p><iframe loading=\"lazy\" src=\"https:\/\/s4.cdnstatic.space\/wp-content\/uploads\/2024\/01\/twitsave.com_yVGGxXL_M8P2Jz2d.mp4\" width=\"600\" height=\"338\" data-mce-fragment=\"1\"><\/iframe><\/p>\n<p><span>Ned\u00e1vn\u00e9 izraelsk\u00e9 \u00fatoky na Gazu vedly k dal\u0161\u00edm ob\u011btem.\u00a0Ministerstvo zdravotnictv\u00ed v P\u00e1smu Hamasu ve sv\u00e9 nejnov\u011bj\u0161\u00ed aktualizaci uvedlo, \u017ee po\u010det ob\u011bt\u00ed izraelsk\u00fdch \u00fatok\u016f na p\u00e1smo Gazy vzrostl na 22 438.\u00a0Nejm\u00e9n\u011b 70 % byly \u017eeny a d\u011bti.\u00a0V\u00edce ne\u017e 57 614 dal\u0161\u00edch bylo zran\u011bno.<\/span><\/p>\n<p><span>Rozhovory o nov\u00e9m do\u010dasn\u00e9m p\u0159\u00edm\u011b\u0159\u00ed v Gaze \u010delily velk\u00e9mu ne\u00fasp\u011bchu po atent\u00e1tu na S\u00e1liha al-Ar\u00far\u00edho, z\u00e1stupce v\u016fdce Ham\u00e1su, v Libanonu za\u010d\u00e1tkem tohoto t\u00fddne.\u00a0Nyn\u00ed se zd\u00e1, \u017ee IDF roz\u0161i\u0159uje sv\u00e9 operace v r\u016fzn\u00fdch \u010d\u00e1stech P\u00e1sma.<\/span><\/p>\n<p><img decoding=\"async\" loading=\"lazy\" class=\"alignnone size-full wp-image-1185\" src=\"http:\/\/www.infokuryr.cz\/n\/wp-content\/uploads\/2021\/04\/kuryr-podpis.png\" alt=\"\" width=\"84\" height=\"24\" \/><\/p>\n<p>&nbsp;<\/p>\n<p>&nbsp;<\/p>\n","protected":false},"excerpt":{"rendered":"<p>Brig\u00e1dy Izz ad-Din al-Qassam, vojensk\u00e9 k\u0159\u00eddlo hnut\u00ed Ham\u00e1s, zve\u0159ejnily 4. ledna videoz\u00e1znamy dokumentuj\u00edc\u00ed ned\u00e1vn\u00e9 st\u0159ety&#8230;<\/p>\n","protected":false},"author":2,"featured_media":43043,"comment_status":"closed","ping_status":"closed","sticky":false,"template":"","format":"standard","meta":[],"categories":[7],"tags":[348,347,107,5135],"_links":{"self":[{"href":"https:\/\/www.infokuryr.cz\/n\/wp-json\/wp\/v2\/posts\/44024"}],"collection":[{"href":"https:\/\/www.infokuryr.cz\/n\/wp-json\/wp\/v2\/posts"}],"about":[{"href":"https:\/\/www.infokuryr.cz\/n\/wp-json\/wp\/v2\/types\/post"}],"author":[{"embeddable":true,"href":"https:\/\/www.infokuryr.cz\/n\/wp-json\/wp\/v2\/users\/2"}],"replies":[{"embeddable":true,"href":"https:\/\/www.infokuryr.cz\/n\/wp-json\/wp\/v2\/comments?post=44024"}],"version-history":[{"count":0,"href":"https:\/\/www.infokuryr.cz\/n\/wp-json\/wp\/v2\/posts\/44024\/revisions"}],"wp:featuredmedia":[{"embeddable":true,"href":"https:\/\/www.infokuryr.cz\/n\/wp-json\/wp\/v2\/media\/43043"}],"wp:attachment":[{"href":"https:\/\/www.infokuryr.cz\/n\/wp-json\/wp\/v2\/media?parent=44024"}],"wp:term":[{"taxonomy":"category","embeddable":true,"href":"https:\/\/www.infokuryr.cz\/n\/wp-json\/wp\/v2\/categories?post=44024"},{"taxonomy":"post_tag","embeddable":true,"href":"https:\/\/www.infokuryr.cz\/n\/wp-json\/wp\/v2\/tags?post=44024"}],"curies":[{"name":"wp","href":"https:\/\/api.w.org\/{rel}","templated":true}]}}