{"id":43995,"date":"2024-01-05T08:50:09","date_gmt":"2024-01-05T07:50:09","guid":{"rendered":"http:\/\/www.infokuryr.cz\/n\/?p=43995"},"modified":"2024-01-05T08:50:09","modified_gmt":"2024-01-05T07:50:09","slug":"jizni-korea-naridila-evakuaci-ostrova-kvuli-provokaci","status":"publish","type":"post","link":"https:\/\/www.infokuryr.cz\/n\/2024\/01\/05\/jizni-korea-naridila-evakuaci-ostrova-kvuli-provokaci\/","title":{"rendered":"Ji\u017en\u00ed Korea na\u0159\u00eddila evakuaci ostrova kv\u016fli \u201eprovokaci\u201c"},"content":{"rendered":"<div id=\"fb-root\"><\/div>\n<p><span style=\"font-size: 18pt;\"><strong>Tento krok p\u0159ich\u00e1z\u00ed uprost\u0159ed zpr\u00e1v o velk\u00e9 d\u011blost\u0159eleck\u00e9 palb\u011b ze Severu pobl\u00ed\u017e hrani\u010dn\u00edho ostrova<\/strong><\/span><\/p>\n<p><span>Ji\u017en\u00ed Korea na\u0159\u00eddila civilist\u016fm na ostrov\u011b pobl\u00ed\u017e hranic se Severn\u00ed Koreou, aby se evakuovali do kryt\u016f pot\u00e9, co obvinila Pchjongjang z odp\u00e1len\u00ed stovek d\u011blost\u0159eleck\u00fdch gran\u00e1t\u016f v r\u00e1mci vojensk\u00e9\u00a0<\/span><em><span>\u201eprovokace\u201c.<\/span><\/em><\/p>\n<p><span>P\u0159\u00edkaz k evakuaci vydaly v p\u00e1tek odpoledne m\u00edstn\u00ed \u00fa\u0159ady dvakr\u00e1t,\u00a0<\/span><a href=\"https:\/\/en.yna.co.kr\/view\/AEN20240105005300315\" target=\"_blank\" rel=\"noopener noreferrer\"><span>uvedl<\/span><\/a><span>\u00a0Yonhap News s t\u00edm, \u017ee k n\u011bmu do\u0161lo uprost\u0159ed\u00a0<\/span><em><span>\u201ezjevn\u00fdch zn\u00e1mek vojensk\u00e9 provokace ze strany Severn\u00ed Koreje\u201c.<\/span><\/em><\/p>\n<p><em><span>&#8222;Ohl\u00e1sili jsme evakuaci pot\u00e9, co jsme obdr\u017eeli telefon\u00e1t od vojensk\u00e9 jednotky, kter\u00e1 uvedla, \u017ee prov\u00e1d\u00ed n\u00e1mo\u0159n\u00ed \u00fatok na ostrov Yeongpyeong, proto\u017ee m\u00e1 situaci se severokorejskou provokac\u00ed,&#8220;<\/span><\/em><span>\u00a0uvedl nejmenovan\u00fd \u00fa\u0159edn\u00edk, kter\u00e9ho citovala agentura Yonhap.<\/span><\/p>\n<p><span>Soulsk\u00fd sbor n\u00e1\u010deln\u00edk\u016f \u0161t\u00e1b\u016f (JCS) pozd\u011bji uvedl, \u017ee Severn\u00ed Korea v p\u00e1tek r\u00e1no odp\u00e1lila kolem sv\u00e9ho z\u00e1padn\u00edho pob\u0159e\u017e\u00ed kolem 200 d\u011blost\u0159eleck\u00fdch gran\u00e1t\u016f.\u00a0Projektily dopadly v n\u00e1mo\u0159n\u00ed n\u00e1razn\u00edkov\u00e9 z\u00f3n\u011b z\u0159\u00edzen\u00e9 na z\u00e1klad\u011b dohody z roku 2018 mezi ob\u011bma Koreami, a\u010dkoli Pchjongjang od dohody odstoupil.<\/span><\/p>\n<p><em><span>&#8222;Velmi varujeme, \u017ee ve\u0161ker\u00e1 odpov\u011bdnost za takov\u00e9 situace eskaluj\u00edc\u00ed krizi le\u017e\u00ed na Severn\u00ed Koreji a d\u016frazn\u011b \u017e\u00e1d\u00e1me o jej\u00ed okam\u017eit\u00e9 zastaven\u00ed,&#8220;<\/span><\/em><span>\u00a0\u0159ekl mluv\u010d\u00ed JCS plukovn\u00edk Lee Sung-jun.\u00a0<\/span><\/p>\n<p><span>Jihokorejsk\u00e1 arm\u00e1da, kter\u00e1 pracuje v\u00a0<\/span><em><span>\u201e\u00fazk\u00e9 koordinaci\u201c<\/span><\/em><span>\u00a0s USA,\u00a0<\/span><em><span>\u201esleduje a monitoruje souvisej\u00edc\u00ed aktivity a provede odpov\u00eddaj\u00edc\u00ed opat\u0159en\u00ed k severokorejsk\u00fdm provokac\u00edm,\u201c<\/span><\/em><span>\u00a0zd\u016fraznil.<\/span><\/p>\n<p><span>Soul pl\u00e1nuje pozd\u011bji v p\u00e1tek prov\u00e9st na severoz\u00e1padn\u00edch pohrani\u010dn\u00edch ostrovech ve \u017dlut\u00e9m mo\u0159i vlastn\u00ed n\u00e1cvik ostr\u00e1 st\u0159elba v reakci na d\u011blost\u0159eleckou palbu Pchjongjangu, uvedli nejmenovan\u00ed p\u0159edstavitel\u00e9 pro Yonhap News.<\/span><\/p>\n<p><span>Zpr\u00e1vy p\u0159i\u0161ly brzy po spole\u010dn\u00fdch americko-jihokorejsk\u00fdch vojensk\u00fdch cvi\u010den\u00edch v bl\u00edzkosti hranic, kter\u00e9 Sever odsoudil jako\u00a0<\/span><em><span>\u201ebezohledn\u00e9 v\u00e1le\u010dn\u00e9 man\u00e9vry\u201c.\u00a0<\/span><\/em><span>Cvi\u010den\u00ed za \u00fa\u010dasti mechanizovan\u00e9 p\u011bchotn\u00ed brig\u00e1dy jihokorejsk\u00e9 arm\u00e1dy a americk\u00e9ho bojov\u00e9ho t\u00fdmu Stryker Brigade Combat Team za\u010dalo 29. prosince v pohrani\u010dn\u00edm m\u011bst\u011b Pocheon, asi 46 km (28,5 mil) severov\u00fdchodn\u011b od Soulu.<\/span><\/p>\n<p><img decoding=\"async\" loading=\"lazy\" class=\"alignnone size-full wp-image-1185\" src=\"http:\/\/www.infokuryr.cz\/n\/wp-content\/uploads\/2021\/04\/kuryr-podpis.png\" alt=\"\" width=\"84\" height=\"24\" \/><\/p>\n<p>&nbsp;<\/p>\n<p>&nbsp;<\/p>\n","protected":false},"excerpt":{"rendered":"<p>Tento krok p\u0159ich\u00e1z\u00ed uprost\u0159ed zpr\u00e1v o velk\u00e9 d\u011blost\u0159eleck\u00e9 palb\u011b ze Severu pobl\u00ed\u017e hrani\u010dn\u00edho ostrova Ji\u017en\u00ed&#8230;<\/p>\n","protected":false},"author":2,"featured_media":43996,"comment_status":"closed","ping_status":"closed","sticky":false,"template":"","format":"standard","meta":[],"categories":[7],"tags":[789,1189,2284,6580,716],"_links":{"self":[{"href":"https:\/\/www.infokuryr.cz\/n\/wp-json\/wp\/v2\/posts\/43995"}],"collection":[{"href":"https:\/\/www.infokuryr.cz\/n\/wp-json\/wp\/v2\/posts"}],"about":[{"href":"https:\/\/www.infokuryr.cz\/n\/wp-json\/wp\/v2\/types\/post"}],"author":[{"embeddable":true,"href":"https:\/\/www.infokuryr.cz\/n\/wp-json\/wp\/v2\/users\/2"}],"replies":[{"embeddable":true,"href":"https:\/\/www.infokuryr.cz\/n\/wp-json\/wp\/v2\/comments?post=43995"}],"version-history":[{"count":0,"href":"https:\/\/www.infokuryr.cz\/n\/wp-json\/wp\/v2\/posts\/43995\/revisions"}],"wp:featuredmedia":[{"embeddable":true,"href":"https:\/\/www.infokuryr.cz\/n\/wp-json\/wp\/v2\/media\/43996"}],"wp:attachment":[{"href":"https:\/\/www.infokuryr.cz\/n\/wp-json\/wp\/v2\/media?parent=43995"}],"wp:term":[{"taxonomy":"category","embeddable":true,"href":"https:\/\/www.infokuryr.cz\/n\/wp-json\/wp\/v2\/categories?post=43995"},{"taxonomy":"post_tag","embeddable":true,"href":"https:\/\/www.infokuryr.cz\/n\/wp-json\/wp\/v2\/tags?post=43995"}],"curies":[{"name":"wp","href":"https:\/\/api.w.org\/{rel}","templated":true}]}}