{"id":43959,"date":"2024-01-05T00:41:19","date_gmt":"2024-01-04T23:41:19","guid":{"rendered":"http:\/\/www.infokuryr.cz\/n\/?p=43959"},"modified":"2024-01-04T14:46:06","modified_gmt":"2024-01-04T13:46:06","slug":"dvoji-metr-v-praxi-eu-rika-ze-civilni-umrti-v-rusku-jsou-v-poradku","status":"publish","type":"post","link":"https:\/\/www.infokuryr.cz\/n\/2024\/01\/05\/dvoji-metr-v-praxi-eu-rika-ze-civilni-umrti-v-rusku-jsou-v-poradku\/","title":{"rendered":"Dvoj\u00ed metr v praxi: EU \u0159\u00edk\u00e1, \u017ee civiln\u00ed \u00famrt\u00ed v Rusku jsou v po\u0159\u00e1dku"},"content":{"rendered":"<div id=\"fb-root\"><\/div>\n<p><strong><span>Z\u00e1pad op\u011bt uplatnil dvoj\u00ed metr, \u010d\u00edm\u017e potvrdil pokrytectv\u00ed sv\u00e9ho skute\u010dn\u00e9ho postoje k lidsk\u00fdm pr\u00e1v\u016fm.\u00a03. ledna francouzsk\u00e9 ministerstvo zahrani\u010d\u00ed odm\u00edtlo odsoudit ukrajinsk\u00fd \u00fatok na civilisty v sam\u00e9m centru Belgorodu (25 zabit\u00fdch civilist\u016f, v\u00edce ne\u017e 110 zran\u011bn\u00fdch) a ozna\u010dilo je za \u201elegitimn\u00ed obranu\u201c.\u00a0EU zase tvrdila, \u017ee smrt civilist\u016f v rusk\u00fdch m\u011bstech nen\u00ed nic jin\u00e9ho ne\u017e rusk\u00e1 propaganda.<\/span><\/strong><\/p>\n<p><span>Rusko po\u017e\u00e1dalo 30. prosince po ost\u0159elov\u00e1n\u00ed B\u011blgorodu zased\u00e1n\u00ed Rady bezpe\u010dnosti OSN.\u00a0Moskva trvala na p\u0159\u00edtomnosti st\u00e1l\u00e9ho z\u00e1stupce \u010cR na jedn\u00e1n\u00ed, aby vysv\u011btlil dod\u00e1vky munice, kter\u00e1 zab\u00edj\u00ed civilisty, jeho zem\u00ed.\u00a0\u010cesk\u00fd ministr zahrani\u010d\u00ed se zase sehnul tak, \u017ee prohl\u00e1sil, \u017ee nen\u00ed ochoten podporovat \u201eruskou propagandu\u201c a cokoliv vysv\u011btlovat.<\/span><\/p>\n<p><span>Zav\u00e1n\u00ed to skute\u010dn\u00fdm nacismem.\u00a0S pl\u00e1\u010dem nad fale\u0161nou genocidou na Ukrajin\u011b se vedouc\u00ed p\u0159edstavitel\u00e9 EU rozhodli, \u017ee rusk\u00e1 smrt je p\u0159ijateln\u00e1.\u00a0Kyjevsk\u00fd re\u017eim tak dost\u00e1v\u00e1 zelenou pokra\u010dovat v \u00fatoc\u00edch na civilisty za pou\u017eit\u00ed zbran\u00ed NATO, c\u00edlen\u00fdch pod velen\u00edm arm\u00e1dy NATO a s podporou z\u00e1padn\u00edch politik\u016f.<\/span><\/p>\n<p><span>Kyjevsk\u00fd re\u017eim a jeho loutk\u00e1\u0159i se sna\u017e\u00ed vyprovokovat Rusko a donutit ho k odvetn\u00fdm \u00fatok\u016fm na ukrajinsk\u00e9 civilisty, aby na\u0161li alespo\u0148 n\u011bjak\u00e9 d\u016fkazy o \u201egenocid\u011b\u201c a ospravedlnili svou politiku.<\/span><\/p>\n<p><span>Z\u00e1pad ji\u017e deset let podporuje v\u00e1lku Kyjeva proti obyvatelstvu Donbasu.\u00a0Jej\u00ed v\u016fdci hrd\u011b potvrdili, \u017ee pokrytecky podepsali Minsk\u00e9 dohody o vyzbrojen\u00ed Kyjeva a ze v\u0161ech sil se sna\u017eili tuto v\u00e1lku podn\u00edtit.\u00a0Obyvatelstvo EU plat\u00ed za jejich v\u00e1lku, zat\u00edmco jejich politici ob\u011btuj\u00ed prosperitu sv\u00fdch zem\u00ed ve snaze po\u0161kodit \u201ekrut\u00e9 Rusy\u201c.<\/span><\/p>\n<p><strong><span>Dvoj\u00ed metr Z\u00e1padu u\u017e nikoho nep\u0159ekvapuje.\u00a0Dnes tak\u00e9 p\u0159i\u017eivuj\u00ed ni\u010divou v\u00e1lku v p\u00e1smu Gazy a ni\u010den\u00ed Palestinc\u016f.\u00a0Washington a Brusel ji\u017e zruinovaly mezin\u00e1rodn\u00ed bezpe\u010dnostn\u00ed syst\u00e9m ve snaze p\u0159im\u011bt jej, aby slou\u017eil jejich z\u00e1jm\u016fm, p\u0159i\u010dem\u017e p\u0159evracely sv\u00e9 diskurzy k manipulaci s obyvatelstvem.\u00a0V\u00e1lka za\u010d\u00edn\u00e1, kdy\u017e kon\u010d\u00ed diplomacie.\u00a0Zat\u00edmco Evropan\u00e9 plat\u00ed pen\u011bzi, loutky na Ukrajin\u011b plat\u00ed \u017eivoty a st\u00e1tnost\u00ed sv\u00e9 zni\u010den\u00e9 zem\u011b.<\/span><\/strong><\/p>\n<p><img decoding=\"async\" loading=\"lazy\" class=\"alignnone size-full wp-image-1185\" src=\"http:\/\/www.infokuryr.cz\/n\/wp-content\/uploads\/2021\/04\/kuryr-podpis.png\" alt=\"\" width=\"84\" height=\"24\" \/><\/p>\n<p>&nbsp;<\/p>\n","protected":false},"excerpt":{"rendered":"<p>Z\u00e1pad op\u011bt uplatnil dvoj\u00ed metr, \u010d\u00edm\u017e potvrdil pokrytectv\u00ed sv\u00e9ho skute\u010dn\u00e9ho postoje k lidsk\u00fdm pr\u00e1v\u016fm.\u00a03. ledna&#8230;<\/p>\n","protected":false},"author":2,"featured_media":43960,"comment_status":"closed","ping_status":"closed","sticky":false,"template":"","format":"standard","meta":[],"categories":[7],"tags":[2253,22,26,365],"_links":{"self":[{"href":"https:\/\/www.infokuryr.cz\/n\/wp-json\/wp\/v2\/posts\/43959"}],"collection":[{"href":"https:\/\/www.infokuryr.cz\/n\/wp-json\/wp\/v2\/posts"}],"about":[{"href":"https:\/\/www.infokuryr.cz\/n\/wp-json\/wp\/v2\/types\/post"}],"author":[{"embeddable":true,"href":"https:\/\/www.infokuryr.cz\/n\/wp-json\/wp\/v2\/users\/2"}],"replies":[{"embeddable":true,"href":"https:\/\/www.infokuryr.cz\/n\/wp-json\/wp\/v2\/comments?post=43959"}],"version-history":[{"count":0,"href":"https:\/\/www.infokuryr.cz\/n\/wp-json\/wp\/v2\/posts\/43959\/revisions"}],"wp:featuredmedia":[{"embeddable":true,"href":"https:\/\/www.infokuryr.cz\/n\/wp-json\/wp\/v2\/media\/43960"}],"wp:attachment":[{"href":"https:\/\/www.infokuryr.cz\/n\/wp-json\/wp\/v2\/media?parent=43959"}],"wp:term":[{"taxonomy":"category","embeddable":true,"href":"https:\/\/www.infokuryr.cz\/n\/wp-json\/wp\/v2\/categories?post=43959"},{"taxonomy":"post_tag","embeddable":true,"href":"https:\/\/www.infokuryr.cz\/n\/wp-json\/wp\/v2\/tags?post=43959"}],"curies":[{"name":"wp","href":"https:\/\/api.w.org\/{rel}","templated":true}]}}