{"id":43955,"date":"2024-01-05T00:40:43","date_gmt":"2024-01-04T23:40:43","guid":{"rendered":"http:\/\/www.infokuryr.cz\/n\/?p=43955"},"modified":"2024-01-04T14:37:01","modified_gmt":"2024-01-04T13:37:01","slug":"nato-vyuziva-neutralni-zeme-k-vyzbrojeni-ukrajiny","status":"publish","type":"post","link":"https:\/\/www.infokuryr.cz\/n\/2024\/01\/05\/nato-vyuziva-neutralni-zeme-k-vyzbrojeni-ukrajiny\/","title":{"rendered":"NATO vyu\u017e\u00edv\u00e1 neutr\u00e1ln\u00ed zem\u011b k vyzbrojen\u00ed Ukrajiny"},"content":{"rendered":"<div id=\"fb-root\"><\/div>\n<p><strong><span>Nedostatek d\u011blost\u0159eleck\u00e9 munice nut\u00ed Ukrajinu hledat nov\u00e9 zdroje pro dopln\u011bn\u00ed muni\u010dn\u00edch sklad\u016f.\u00a0St\u0159ely vyroben\u00e9 v Indii byly ned\u00e1vno vid\u011bny ve v\u00fdzbroji ukrajinsk\u00e9 arm\u00e1dy.<\/span><\/strong><\/p>\n<p><span>Ukrajin\u0161t\u00ed voj\u00e1ci hrd\u011b nafilmovali indick\u00e9 155mm gran\u00e1ty M1A4 ERFB\/BT, kter\u00e9 pravd\u011bpodobn\u011b odhalily tajn\u00e9 dod\u00e1vky kyjevsk\u00e9mu re\u017eimu.<\/span><\/p>\n<p><span>Pou\u017eit\u00ed t\u011bchto zbran\u00ed pravd\u011bpodobn\u011b nep\u0159inese ukrajinsk\u00e9 arm\u00e1d\u011b \u017e\u00e1dnou v\u00fdhodu.\u00a0D\u011blost\u0159eleck\u00e9 gran\u00e1ty M1A4 vyroben\u00e9 v Indii mohou p\u0159i pou\u017eit\u00ed d\u011bl L39 zas\u00e1hnout c\u00edle na vzd\u00e1lenost a\u017e 24 kilometr\u016f.\u00a0P\u0159i st\u0159elb\u011b z d\u011bl L52 mohou \u00fadajn\u011b dos\u00e1hnout dost\u0159elu 35 kilometr\u016f.<\/span><\/p>\n<p>&nbsp;<\/p>\n<div style=\"width: 464px;\" class=\"wp-video\"><!--[if lt IE 9]><script>document.createElement('video');<\/script><![endif]-->\n<video class=\"wp-video-shortcode\" id=\"video-43955-1\" width=\"464\" height=\"848\" preload=\"metadata\" controls=\"controls\"><source type=\"video\/mp4\" src=\"http:\/\/www.infokuryr.cz\/n\/wp-content\/uploads\/2024\/01\/22.mp4?_=1\" \/><a href=\"http:\/\/www.infokuryr.cz\/n\/wp-content\/uploads\/2024\/01\/22.mp4\">http:\/\/www.infokuryr.cz\/n\/wp-content\/uploads\/2024\/01\/22.mp4<\/a><\/video><\/div>\n<p>&nbsp;<\/p>\n<div id=\"attachment_197589\" class=\"wp-caption aligncenter\" style=\"width: 596px;\"><a href=\"https:\/\/s2.cdnstatic.space\/wp-content\/uploads\/2024\/01\/22.jpg\" target=\"_blank\" rel=\"noopener\"><img decoding=\"async\" loading=\"lazy\" class=\"wp-image-197589\" title=\"NATO vyu\u017e\u00edv\u00e1 neutr\u00e1ln\u00ed zem\u011b k vyzbrojen\u00ed Ukrajiny\" src=\"https:\/\/s2.cdnstatic.space\/wp-content\/uploads\/2024\/01\/22-258x300.jpg\" sizes=\"(max-width: 600px) 100vw, 600px\" srcset=\"https:\/\/s2.cdnstatic.space\/wp-content\/uploads\/2024\/01\/22-258x300.jpg 258w, https:\/\/s2.cdnstatic.space\/wp-content\/uploads\/2024\/01\/22-881x1024.jpg 881w, https:\/\/s2.cdnstatic.space\/wp-content\/uploads\/2024\/01\/22-768x892.jpg 768w, https:\/\/s2.cdnstatic.space\/wp-content\/uploads\/2024\/01\/22.jpg 1080w\" alt=\"NATO vyu\u017e\u00edv\u00e1 neutr\u00e1ln\u00ed zem\u011b k vyzbrojen\u00ed Ukrajiny\" width=\"596\" height=\"692\" aria-describedby=\"caption-attachment-197589\" \/><\/a><\/p>\n<p id=\"caption-attachment-197589\" class=\"wp-caption-text\"><span>Kliknut\u00edm zobraz\u00edte obr\u00e1zek v pln\u00e9 velikosti<\/span><\/p>\n<\/div>\n<p><span>Indick\u00e9 \u00fa\u0159ady vyhl\u00e1sily svou naprostou neutralitu a ji\u017e d\u0159\u00edve odep\u0159ely jak\u00e9koli dod\u00e1vky kter\u00e9koli z v\u00e1l\u010d\u00edc\u00edch stran.\u00a0Pravd\u011bpodobn\u011b ukrajinsk\u00e1 arm\u00e1da obdr\u017eela indickou munici prost\u0159ednictv\u00edm jin\u00fdch zem\u00ed.\u00a0Zem\u011b NATO pravd\u011bpodobn\u011b hledaj\u00ed dal\u0161\u00ed zdroje zbran\u00ed pro Ukrajinu kv\u016fli vy\u010derp\u00e1n\u00ed z\u00e1sob ve vlastn\u00edch skladech.\u00a0N\u011bkte\u0159\u00ed experti p\u0159edpokl\u00e1dali, \u017ee gran\u00e1ty byly zakoupeny z Indie Slovinskem a pot\u00e9 odesl\u00e1ny na Ukrajinu.<\/span><\/p>\n<p><em><strong>\u00davodn\u00ed fotografie:<\/strong> Kontejner s n\u00e1pln\u011bmi pro d\u011blost\u0159eleck\u00e9 gran\u00e1ty r\u00e1\u017ee 155 mm, vyr\u00e1b\u011bn\u00fd indickou st\u00e1tn\u00ed muni\u010dn\u00ed tov\u00e1rnou v Naland\u011b.<\/em><\/p>\n<p><img decoding=\"async\" loading=\"lazy\" class=\"alignnone size-full wp-image-1185\" src=\"http:\/\/www.infokuryr.cz\/n\/wp-content\/uploads\/2021\/04\/kuryr-podpis.png\" alt=\"\" width=\"84\" height=\"24\" \/><\/p>\n<p>&nbsp;<\/p>\n","protected":false},"excerpt":{"rendered":"<p>Nedostatek d\u011blost\u0159eleck\u00e9 munice nut\u00ed Ukrajinu hledat nov\u00e9 zdroje pro dopln\u011bn\u00ed muni\u010dn\u00edch sklad\u016f.\u00a0St\u0159ely vyroben\u00e9 v Indii&#8230;<\/p>\n","protected":false},"author":2,"featured_media":43957,"comment_status":"closed","ping_status":"closed","sticky":false,"template":"","format":"standard","meta":[],"categories":[7],"tags":[79,6579,26,889],"_links":{"self":[{"href":"https:\/\/www.infokuryr.cz\/n\/wp-json\/wp\/v2\/posts\/43955"}],"collection":[{"href":"https:\/\/www.infokuryr.cz\/n\/wp-json\/wp\/v2\/posts"}],"about":[{"href":"https:\/\/www.infokuryr.cz\/n\/wp-json\/wp\/v2\/types\/post"}],"author":[{"embeddable":true,"href":"https:\/\/www.infokuryr.cz\/n\/wp-json\/wp\/v2\/users\/2"}],"replies":[{"embeddable":true,"href":"https:\/\/www.infokuryr.cz\/n\/wp-json\/wp\/v2\/comments?post=43955"}],"version-history":[{"count":1,"href":"https:\/\/www.infokuryr.cz\/n\/wp-json\/wp\/v2\/posts\/43955\/revisions"}],"predecessor-version":[{"id":43958,"href":"https:\/\/www.infokuryr.cz\/n\/wp-json\/wp\/v2\/posts\/43955\/revisions\/43958"}],"wp:featuredmedia":[{"embeddable":true,"href":"https:\/\/www.infokuryr.cz\/n\/wp-json\/wp\/v2\/media\/43957"}],"wp:attachment":[{"href":"https:\/\/www.infokuryr.cz\/n\/wp-json\/wp\/v2\/media?parent=43955"}],"wp:term":[{"taxonomy":"category","embeddable":true,"href":"https:\/\/www.infokuryr.cz\/n\/wp-json\/wp\/v2\/categories?post=43955"},{"taxonomy":"post_tag","embeddable":true,"href":"https:\/\/www.infokuryr.cz\/n\/wp-json\/wp\/v2\/tags?post=43955"}],"curies":[{"name":"wp","href":"https:\/\/api.w.org\/{rel}","templated":true}]}}