{"id":43952,"date":"2024-01-05T00:39:07","date_gmt":"2024-01-04T23:39:07","guid":{"rendered":"http:\/\/www.infokuryr.cz\/n\/?p=43952"},"modified":"2024-01-04T14:28:21","modified_gmt":"2024-01-04T13:28:21","slug":"tri-africti-muzi-stanou-pred-soudem-za-hromadne-znasilneni-gruzinske-turistky-v-berlinskem-parku","status":"publish","type":"post","link":"https:\/\/www.infokuryr.cz\/n\/2024\/01\/05\/tri-africti-muzi-stanou-pred-soudem-za-hromadne-znasilneni-gruzinske-turistky-v-berlinskem-parku\/","title":{"rendered":"T\u0159i afri\u010dt\u00ed mu\u017ei stanou p\u0159ed soudem za hromadn\u00e9 zn\u00e1siln\u011bn\u00ed gruz\u00ednsk\u00e9 turistky v berl\u00ednsk\u00e9m parku"},"content":{"rendered":"<div id=\"fb-root\"><\/div>\n<p><span style=\"font-size: 18pt;\"><strong>\u017dena byla zn\u00e1siln\u011bna p\u0159ed o\u010dima sv\u00e9ho man\u017eela t\u0159emi neleg\u00e1ln\u00edmi migranty bez pr\u00e1va z\u016fstat v N\u011bmecku<\/strong><\/span><\/p>\n<p><span>Berl\u00ednsk\u00fd krajsk\u00fd soud schv\u00e1lil ob\u017ealobu proti t\u0159em ciz\u00edm st\u00e1tn\u00edm p\u0159\u00edslu\u0161n\u00edk\u016fm podez\u0159el\u00fdm ze sp\u00e1ch\u00e1n\u00ed lo\u0148sk\u00e9ho hromadn\u00e9ho zn\u00e1siln\u011bn\u00ed v G\u00f6rlitzer Parku.<\/span><\/p>\n<p><span>T\u0159i afri\u010dt\u00ed mu\u017ei jsou obvin\u011bni ze zn\u00e1siln\u011bn\u00ed, t\u011b\u017ek\u00e9ho ubl\u00ed\u017een\u00ed na zdrav\u00ed a loupe\u017ee 27let\u00e9 gruz\u00ednsk\u00e9 turistky, kter\u00e1 se 21. \u010dervna 2023 proch\u00e1zela se sv\u00fdm man\u017eelem parkem.<\/span><\/p>\n<p><span>Matka dvou d\u011bt\u00ed si spolu se sv\u00fdm man\u017eelem koupil kokain d\u0159\u00edve v noci a konzumovali ho na lavi\u010dce v parku, kdy\u017e p\u00e1r obklopilo p\u011bt mu\u017e\u016f z m\u00edstn\u00ed drogov\u00e9 sc\u00e9ny.<\/span><\/p>\n<p><span>Dva \u00fadajn\u011b napadli man\u017eela holemi a v\u011btvemi a ukradli mu 1200 eur, zat\u00edmco t\u0159i mu\u017ei \u017eenu \u00fadajn\u011b zbili a zn\u00e1silnili. \u017denin k\u0159ik zalarmoval obyvatele, kter\u00fd zavolal policii.<\/span><\/p>\n<p><span>Dva z \u00fadajn\u00fdch n\u00e1siln\u00edk\u016f maj\u00ed m\u00edt v\u00edce identit, uvedl Welt s odkazem na ob\u017ealobu.\u00a0Jednadvacetilet\u00fd Osman B. m\u00e1 podle ob\u017ealoby dal\u0161\u00edch deset policejn\u00edch z\u00e1znam\u016f. Som\u00e1lsk\u00fd st\u00e1tn\u00ed p\u0159\u00edslu\u0161n\u00edk vstoupil do N\u011bmecka v roce 2016 a dosud m\u00e1 za sebou sedm p\u0159edchoz\u00edch odsouzen\u00ed.\u00a0Nem\u00e1 ani trval\u00fd pobyt, ani aktu\u00e1ln\u00ed povolen\u00ed k pobytu.<\/span><\/p>\n<p><span>Dal\u0161\u00edm dv\u011bma mu\u017e\u016fm je ob\u011bma 22 let a poch\u00e1zej\u00ed z Guineje.\u00a0Jeden z nich, Boubacar B., je zn\u00e1m pod dal\u0161\u00edmi \u010dty\u0159mi identitami.\u00a0Odm\u00edtnut\u00fd \u017eadatel o azyl m\u00e1 v minulosti dev\u011bt odsouzen\u00ed, mimo jin\u00e9 za obchodov\u00e1n\u00ed s drogami.\u00a0S\u00e1m pravideln\u011b u\u017e\u00edv\u00e1 marihuanu a kokain a tak\u00e9 pr\u00fd nem\u00e1 trval\u00e9 bydli\u0161t\u011b.<\/span><\/p>\n<p><span>Pouze t\u0159et\u00ed ob\u017ealovan\u00fd, Mountaga D., pr\u00fd \u017e\u00e1dn\u00e9 probl\u00e9my s pobytem nem\u00e1. M\u00e1 v\u0161ak t\u0159i p\u0159edchoz\u00ed odsouzen\u00ed. \u017d\u00e1dost o azyl 22let\u00e9ho Guineje byla zam\u00edtnuta, ale \u017eije v domov\u011b pro asistovan\u00e9 bydlen\u00ed s tolerovan\u00fdm povolen\u00edm.<\/span><\/p>\n<p><span>Mezi t\u011bmito t\u0159emi africk\u00fdmi mu\u017ei je zn\u00e1mo 14 fale\u0161n\u00fdch identit a 19 zlo\u010din\u016f.\u00a0Dva z nich pat\u0159\u00ed mezi p\u0159ibli\u017en\u011b 280 000 cizinc\u016f, kte\u0159\u00ed mus\u00ed zemi opustit.<\/span><\/p>\n<p><span>Mluv\u010d\u00ed protiimigra\u010dn\u00ed Alternativy pro N\u011bmecko (AfD) proces komentoval slovy: \u201eM\u016f\u017eete jen nev\u011b\u0159\u00edcn\u011b kroutit hlavou, jak na\u0161e \u00fa\u0159ady zav\u00edraj\u00ed o\u010di p\u0159ed krimin\u00e1ln\u00edmi migranty.\u00a0Jednadvacetilet\u00fd Som\u00e1lec od roku 2016 neleg\u00e1ln\u011b cestoval po N\u011bmecku s jeden\u00e1cti identitami.\u00a0Loni v l\u00e9t\u011b spolu se \u010dty\u0159mi dal\u0161\u00edmi mu\u017ei zn\u00e1silnili 27letou studentku v G\u00f6rlitzer Parku v Berl\u00edn\u011b, zat\u00edmco jej\u00ed man\u017eel to sledoval.<\/span><\/p>\n<p><span>\u201eDvaadvacetilet\u00fd komplic z Guineje m\u011bl \u00fadajn\u011b \u010dty\u0159i dal\u0161\u00ed identity a v dev\u00edti p\u0159\u00edpadech m\u00e1 z\u00e1znam v trestn\u00edm rejst\u0159\u00edku.\u00a0Nyn\u00ed za\u010d\u00edn\u00e1 proces proti druh\u00e9mu a t\u0159et\u00edmu Afri\u010danovi.&#8220;<\/span><\/p>\n<p><span>Strana se odvol\u00e1vala na zimn\u00ed deportaci, kterou zavedl berl\u00ednsk\u00fd starosta CDU Kai Wegner, a zd\u016fraznila, \u017ee \u201e\u017e\u00e1dn\u00fd neleg\u00e1ln\u00ed migrant nemus\u00ed opustit hlavn\u00ed m\u011bsto do konce b\u0159ezna, bez ohledu na to, \u010d\u00edm se provinil\u201c.<\/span><\/p>\n<p><span>&#8222;Bra\u0148me se jako spole\u010dnost kone\u010dn\u011b proti takov\u00fdm n\u00e1siln\u00edk\u016fm &#8211; a proti t\u011bm, kte\u0159\u00ed jim umo\u017e\u0148uj\u00ed prov\u00e1d\u011bt jejich ohavnosti,&#8220; dodal mluv\u010d\u00ed strany.<\/span><\/p>\n<p><span>Soud m\u00e1 za\u010d\u00edt 18. ledna.<\/span><\/p>\n<p><img decoding=\"async\" loading=\"lazy\" class=\"alignnone size-full wp-image-1185\" src=\"http:\/\/www.infokuryr.cz\/n\/wp-content\/uploads\/2021\/04\/kuryr-podpis.png\" alt=\"\" width=\"84\" height=\"24\" \/><\/p>\n<p>&nbsp;<\/p>\n","protected":false},"excerpt":{"rendered":"<p>\u017dena byla zn\u00e1siln\u011bna p\u0159ed o\u010dima sv\u00e9ho man\u017eela t\u0159emi neleg\u00e1ln\u00edmi migranty bez pr\u00e1va z\u016fstat v N\u011bmecku&#8230;<\/p>\n","protected":false},"author":2,"featured_media":43953,"comment_status":"closed","ping_status":"closed","sticky":false,"template":"","format":"standard","meta":[],"categories":[7],"tags":[119,84,324,366],"_links":{"self":[{"href":"https:\/\/www.infokuryr.cz\/n\/wp-json\/wp\/v2\/posts\/43952"}],"collection":[{"href":"https:\/\/www.infokuryr.cz\/n\/wp-json\/wp\/v2\/posts"}],"about":[{"href":"https:\/\/www.infokuryr.cz\/n\/wp-json\/wp\/v2\/types\/post"}],"author":[{"embeddable":true,"href":"https:\/\/www.infokuryr.cz\/n\/wp-json\/wp\/v2\/users\/2"}],"replies":[{"embeddable":true,"href":"https:\/\/www.infokuryr.cz\/n\/wp-json\/wp\/v2\/comments?post=43952"}],"version-history":[{"count":1,"href":"https:\/\/www.infokuryr.cz\/n\/wp-json\/wp\/v2\/posts\/43952\/revisions"}],"predecessor-version":[{"id":43954,"href":"https:\/\/www.infokuryr.cz\/n\/wp-json\/wp\/v2\/posts\/43952\/revisions\/43954"}],"wp:featuredmedia":[{"embeddable":true,"href":"https:\/\/www.infokuryr.cz\/n\/wp-json\/wp\/v2\/media\/43953"}],"wp:attachment":[{"href":"https:\/\/www.infokuryr.cz\/n\/wp-json\/wp\/v2\/media?parent=43952"}],"wp:term":[{"taxonomy":"category","embeddable":true,"href":"https:\/\/www.infokuryr.cz\/n\/wp-json\/wp\/v2\/categories?post=43952"},{"taxonomy":"post_tag","embeddable":true,"href":"https:\/\/www.infokuryr.cz\/n\/wp-json\/wp\/v2\/tags?post=43952"}],"curies":[{"name":"wp","href":"https:\/\/api.w.org\/{rel}","templated":true}]}}