{"id":43923,"date":"2024-01-04T00:50:45","date_gmt":"2024-01-03T23:50:45","guid":{"rendered":"http:\/\/www.infokuryr.cz\/n\/?p=43923"},"modified":"2024-01-04T05:14:27","modified_gmt":"2024-01-04T04:14:27","slug":"jindrich-kulhavy-uz-to-do-nas-vali","status":"publish","type":"post","link":"https:\/\/www.infokuryr.cz\/n\/2024\/01\/04\/jindrich-kulhavy-uz-to-do-nas-vali\/","title":{"rendered":"Jind\u0159ich Kulhav\u00fd: U\u017e to do n\u00e1s val\u00ed"},"content":{"rendered":"<div id=\"fb-root\"><\/div>\n<p><span class=\"anotation\">Uplynulo p\u00e1r dn\u00ed z\u00a0nov\u00e9ho roku a t\u00e9mat, kter\u00e1 se st\u00e1vaj\u00ed aktu\u00e1ln\u00edmi, tu m\u00e1me a\u017ea\u017e. Sta\u010dilo, aby Petr Pavel zm\u00ednil ,,nutnost\u201c p\u0159ijmout euro a u\u017e je to \u00fast\u0159edn\u00ed t\u00e9ma pro P\u011btikoalici. Bezv\u00fdznamn\u00ed Top09 v\u00a0\u010dele s\u00a0nep\u0159\u00edli\u0161 inteligenc\u00ed opat\u0159enou Pekarovou Adamovou nebo na hranici volitelnosti balancuj\u00edc\u00ed STAN samoz\u0159ejm\u011b c\u00edt\u00ed mo\u017enost \u010cesk\u00e9 republice u\u0161kodit a ud\u011blaj\u00ed v\u0161e proto, aby se jim to poda\u0159ilo. U Pir\u00e1t\u016f u\u017e by nic jin\u00e9ho ani nikdo ne\u010dekal. ODS se na oko sna\u017e\u00ed vypadat jako s\u00a0p\u0159echodem na euro nesm\u00ed\u0159en\u00e1, ale politika je divadlo.<\/span><\/p>\n<div id=\"pagetext\">\n<p>\u00a0 P\u0159es 70% \u010cech\u016f se \u010desk\u00e9 koruny zbavit nechce, co\u017e ov\u0161em vl\u00e1du nezaj\u00edm\u00e1. Ji v\u016fbec n\u00e1zor n\u00e1roda netr\u00e1p\u00ed. P\u0159esto\u017ee lze korunu pova\u017eovat za \u00fasp\u011b\u0161nou m\u011bnu, co\u017e paradoxn\u011b nem\u00e1 moc spole\u010dn\u00e9ho s\u00a0prapodivnou ekonomikou \u010cesk\u00e9 republiky, liber\u00e1lov\u00e9 tou\u017e\u00ed po euru. Dokonce i v\u00a0televizi ekonomov\u00e9 vedou spory o tom, jak moc by euro bylo \u010di nebylo v\u00fdhodn\u00e9, mimo kamery v\u00edcem\u00e9n\u011b p\u0159izn\u00e1vaj\u00ed, \u017ee by pro n\u00e1s tato m\u011bna nebyla ni\u010d\u00edm v\u0161esp\u00e1sn\u00fdm, sp\u00ed\u0161e naopak. V\u00a0podstat\u011b jsou pro n\u011bj p\u0159edev\u0161\u00edm eurohuje\u0159i, tak\u00e9 ti, kte\u0159\u00ed exportuj\u00ed a sm\u011bny jim berou \u010das a nepatrnou \u010d\u00e1st zisku. Petr Pavel a v\u011bt\u0161ina P\u011btikoalice pat\u0159\u00ed k\u00a0t\u011bm prvn\u00edm.<\/p>\n<p>Dal\u0161\u00edm t\u00e9matem rezonuj\u00edc\u00edm na\u0161\u00ed spole\u010dnost\u00ed je nov\u00fd z\u00e1kon o zbran\u00edch. Jeho projedn\u00e1v\u00e1n\u00ed podez\u0159ele koliduje s\u00a0ud\u00e1lostmi kolem st\u0159elby na civilisty. St\u0159eln\u00e9 zbran\u011b se r\u00e1zem dostaly na \u010dernou medi\u00e1ln\u00ed listinu a z\u00a0lid\u00ed vlastn\u00edc\u00edch zbrojn\u00ed pr\u016fkazy jsou potencion\u00e1ln\u00ed vrazi. Je t\u0159eba \u0159\u00edct, \u017ee v\u011bt\u0161ina zlo\u010din\u016f za asistence zbran\u00ed se t\u00fdk\u00e1 neleg\u00e1ln\u011b vlastn\u011bn\u00fdch. Ka\u017ed\u00fd, kdo ji m\u00e1 povolenou, si v\u00e1\u017e\u00ed t\u00e9 mo\u017enosti a velmi zva\u017euje, kdy ji pou\u017e\u00edt. A pokud ji pozvedne proti jin\u00e9mu \u010dlov\u011bku, pak jedin\u011b v\u00a0nutn\u00e9 sebeobran\u011b. Bohu\u017eel, i v\u00a0takov\u00e9m p\u0159\u00edpadu je st\u0159elec \u010dasto potrest\u00e1n \u010di perzekuov\u00e1n, \u010d\u00edm\u017e je potla\u010dov\u00e1na samotn\u00e1 podstata pr\u00e1va na p\u0159im\u011b\u0159enou obranu.<\/p>\n<p>Ukrajinc\u016fm u n\u00e1s \u017eij\u00edc\u00edm by se mohla zv\u00fd\u0161it\u00a0mo\u017en\u00e1 finan\u010dn\u00ed podpora, jej\u00ed\u017e \u010d\u00e1stka za ur\u010dit\u00fdch okolnost\u00ed p\u0159es\u00e1hne\u00a030\u00a0000,-K\u010d. Placeno z\u00a0na\u0161ich dan\u00ed. N\u00e1vrh le\u017e\u00ed na ministersk\u00e9m stole. Pomalu za\u010d\u00edn\u00e1 st\u00e1t za \u00favahu, m\u00e1 li cenu pracovat. Jsme toti\u017e t\u00edm nejod\u00edran\u011bj\u0161\u00edm n\u00e1rodem v\u00a0Evrop\u011b, a to jak \u010deskou vl\u00e1dou, tak i bruselskou \u0161lechtou. P\u0159idejme je\u0161t\u011b nadn\u00e1rodn\u00ed spole\u010dnosti rabuj\u00edc\u00ed na\u0161e pen\u011b\u017eenky, v\u0161e pod dohledem P\u011btikoalice. Nen\u00e1vist k\u00a0Ukrajinc\u016fm m\u00e1 sv\u00e9 ko\u0159eny nejen v\u00a0historii fa\u0161ismu v\u00a0jejich rodn\u00e9 zemi, nov\u011b se proti nim obrac\u00ed ti, kter\u00fdm u\u017e do\u0161lo, co si sem Fiala &amp; spol. p\u0159ivedli a d\u00e1vaj\u00ed tomu p\u0159ednost p\u0159ed sv\u00fdmi ob\u010dany. Sta\u010d\u00ed je pozorovat v ulic\u00edch. Zdaleka ne v\u0161ichni jsou \u0161patn\u00ed, \u0159ada z\u00a0nich tu dob\u0159e pracuje (d\u00e9le, ne\u017e trv\u00e1 v\u00e1lka), ostatn\u00ed v\u0161ak klidn\u011b mohou p\u0159ijet jako turist\u00e9, ale to je asi tak v\u0161e.<\/p>\n<p><a href=\"https:\/\/stranapro.cz\/\"><img decoding=\"async\" loading=\"lazy\" class=\"alignnone wp-image-40285 aligncenter\" src=\"http:\/\/www.infokuryr.cz\/n\/wp-content\/uploads\/2023\/11\/11pro-300x79.png\" alt=\"\" width=\"539\" height=\"142\" srcset=\"https:\/\/www.infokuryr.cz\/n\/wp-content\/uploads\/2023\/11\/11pro-300x79.png 300w, https:\/\/www.infokuryr.cz\/n\/wp-content\/uploads\/2023\/11\/11pro.png 363w\" sizes=\"(max-width: 539px) 100vw, 539px\" \/><\/a><\/p>\n<p>P\u011btidemolice se bude sna\u017eit prosadit koresponden\u010dn\u00ed volby. Opozice chce obstrukcemi a tlakem na \u00dastavn\u00ed soud zabr\u00e1nit tomuto zp\u016fsobu voleb. Argument\u016f m\u00e1 v\u00a0ruce dost, ale ani podvody kolem zvl\u00e1\u0161tn\u00edho zp\u016fsobu hlasov\u00e1n\u00ed v\u00a0Rakousku \u010di USA, kde dokonce se volby opakovaly (Rakousko), nebo do\u0161lo po machinac\u00edch k\u00a0vytvo\u0159en\u00ed tzv. Bidenovi k\u0159ivky a skokov\u00e9mu zisku hlas\u016f vol\u00edc\u00edho Bidena (USA) nov\u00e9mu z\u00e1konu nezabr\u00e1n\u00ed. Bohu\u017eel pr\u00e1v\u011b tyto ,,mo\u017enosti\u201c koresponden\u010dn\u00ed volby liber\u00e1l\u016fm vyhovuj\u00ed. Nav\u00edc jen t\u011b\u017eko lze ch\u00e1pat, pro\u010d by volby u n\u00e1s m\u011bly b\u00fdt umo\u017en\u011bny dlouhodob\u011b \u017eij\u00edc\u00edm \u010cech\u016fm mimo \u010cR. Rozhodli se \u017e\u00edt jinde, to je jejich pr\u00e1vo, ale z\u00e1rove\u0148 se vzdali \u017eivota tady, pro\u010d by ho m\u011bli tedy m\u00edt pr\u00e1vo ovliv\u0148ovat, kdy\u017e mohou m\u00edt zkreslen\u00e9 p\u0159edstavy o skute\u010dn\u00e9 realit\u011b?<\/p>\n<p>M\u00e1me tu prvn\u00ed dny s\u00a0nov\u00fdmi silni\u010dn\u00edmi pravidly a uta\u017een\u00fdmi \u0161rouby t\u00fdkaj\u00edc\u00edch se postih\u016f \u0159idi\u010d\u016f. Pro\u010d mi m\u00e1 st\u00e1t mluvit do toho, jestli se chci poutat, nap\u0159\u00edklad? Speci\u00e1ln\u011b u \u0159idi\u010d\u016f je by to m\u011bla b\u00fdt jejich v\u011bc. I kdy\u017e v\u00a0tom asi nebudete v\u0161ichni souhlasit. Pro\u010d nen\u00ed m\u00edsto st\u00e1l\u00fdch omezov\u00e1n\u00ed kladen d\u016fraz na lep\u0161\u00ed v\u00fdchovu nov\u00fdch \u0159idi\u010d\u016f a na kvalitn\u011bj\u0161\u00ed v\u00fduku a p\u0159ipravenost? Z\u00e1rove\u0148 jsou ru\u0161eny VTP a jak\u00fdkoliv prodej vozidla se st\u00e1v\u00e1 komplikac\u00ed. Budete pot\u0159ebovat digit\u00e1ln\u00ed identitu, jej\u00ed\u017e sama podstata je postavena na budouc\u00ed jednodu\u0161\u0161\u00ed manipulaci s\u00a0n\u00e1mi ob\u010dany a s\u00a0je\u0161t\u011b dokonalej\u0161\u00edm \u0161piclov\u00e1n\u00edm. Op\u011bt za t\u00edm stoj\u00ed p\u0159edev\u0161\u00edm Pir\u00e1ti.<\/p>\n<p>V\u00a0hospod\u00e1ch, n\u00e1levn\u00e1ch a restaurac\u00edch je smutn\u011bji. Pivo op\u011bt razantn\u011b podra\u017eilo a z\u00a0na\u0161eho n\u00e1rodn\u00edho n\u00e1poje se st\u00e1v\u00e1 luxus. Jen\u017ee \u010ce\u0161i u\u017e d\u00e1vno nejsou t\u011bmi, \u010d\u00edm b\u00fdvali, a na zdra\u017een\u00ed zareaguj\u00ed m\u00edsto defenestrace sn\u00ed\u017een\u00edm po\u010dtu n\u00e1v\u0161t\u011bv v\u00a0restaura\u010dn\u00edch za\u0159\u00edzen\u00edch. Zdra\u017eily se i ob\u011bdy a ve\u010de\u0159e, tak\u017ee o\u010dek\u00e1vejme dal\u0161\u00ed zav\u0159en\u00e9 provozovny.<\/p>\n<p>Nakonec m\u00e1me jednu ot\u00e1zku. Protirusk\u00e9 vystupov\u00e1n\u00ed vl\u00e1dy a ministra zahrani\u010d\u00ed Pir\u00e1ta Lipavsk\u00e9ho zav\u00e1n\u00ed vyvol\u00e1n\u00edm v\u00e1lky proti Rusku. P\u0159itom nicotnost \u010cR v\u00a0pom\u011bru k\u00a0Rusk\u00e9 federaci je zjevn\u00e1, jej\u00ed v\u00fdzbroji i ekonomice nesah\u00e1me ani po kotn\u00edky, a i p\u0159es Fialou vyd\u00e1van\u00e1 prohl\u00e1\u0161en\u00ed o odpojen\u00ed se od rusk\u00fdch nerostn\u00fdch zdroj\u016f jsme na Rusku st\u00e1le z\u00e1visl\u00ed. Kam a\u017e tedy nech\u00e1me zaj\u00edt tuto vl\u00e1du ve vytv\u00e1\u0159en\u00ed nevratn\u00fdch \u0161kod zp\u016fsoben\u00fdch na sou\u010dasn\u00e9 i budouc\u00ed generaci?<\/p>\n<p>Uplynulo p\u00e1r dn\u00ed a u\u017e vn\u00edm\u00e1me mrazen\u00ed zad. Nebude to dobr\u00fd rok.<\/p>\n<p><a href=\"https:\/\/www.inadhled.live\/uvaha-dne\/uz-to-do-nas-vali\/\">Jind\u0159ich Kulhav\u00fd<\/a><\/p>\n<p><img decoding=\"async\" loading=\"lazy\" class=\"alignnone size-medium wp-image-22653\" src=\"http:\/\/www.infokuryr.cz\/n\/wp-content\/uploads\/2023\/02\/jindra-kulhavy-221x300.jpg\" alt=\"\" width=\"221\" height=\"300\" srcset=\"https:\/\/www.infokuryr.cz\/n\/wp-content\/uploads\/2023\/02\/jindra-kulhavy-221x300.jpg 221w, https:\/\/www.infokuryr.cz\/n\/wp-content\/uploads\/2023\/02\/jindra-kulhavy.jpg 311w\" sizes=\"(max-width: 221px) 100vw, 221px\" \/><\/p>\n<\/div>\n<p>&nbsp;<\/p>\n","protected":false},"excerpt":{"rendered":"<p>Uplynulo p\u00e1r dn\u00ed z\u00a0nov\u00e9ho roku a t\u00e9mat, kter\u00e1 se st\u00e1vaj\u00ed aktu\u00e1ln\u00edmi, tu m\u00e1me a\u017ea\u017e. Sta\u010dilo,&#8230;<\/p>\n","protected":false},"author":2,"featured_media":43924,"comment_status":"closed","ping_status":"closed","sticky":false,"template":"","format":"standard","meta":[],"categories":[6],"tags":[59,2150,29,535,122,99],"_links":{"self":[{"href":"https:\/\/www.infokuryr.cz\/n\/wp-json\/wp\/v2\/posts\/43923"}],"collection":[{"href":"https:\/\/www.infokuryr.cz\/n\/wp-json\/wp\/v2\/posts"}],"about":[{"href":"https:\/\/www.infokuryr.cz\/n\/wp-json\/wp\/v2\/types\/post"}],"author":[{"embeddable":true,"href":"https:\/\/www.infokuryr.cz\/n\/wp-json\/wp\/v2\/users\/2"}],"replies":[{"embeddable":true,"href":"https:\/\/www.infokuryr.cz\/n\/wp-json\/wp\/v2\/comments?post=43923"}],"version-history":[{"count":0,"href":"https:\/\/www.infokuryr.cz\/n\/wp-json\/wp\/v2\/posts\/43923\/revisions"}],"wp:featuredmedia":[{"embeddable":true,"href":"https:\/\/www.infokuryr.cz\/n\/wp-json\/wp\/v2\/media\/43924"}],"wp:attachment":[{"href":"https:\/\/www.infokuryr.cz\/n\/wp-json\/wp\/v2\/media?parent=43923"}],"wp:term":[{"taxonomy":"category","embeddable":true,"href":"https:\/\/www.infokuryr.cz\/n\/wp-json\/wp\/v2\/categories?post=43923"},{"taxonomy":"post_tag","embeddable":true,"href":"https:\/\/www.infokuryr.cz\/n\/wp-json\/wp\/v2\/tags?post=43923"}],"curies":[{"name":"wp","href":"https:\/\/api.w.org\/{rel}","templated":true}]}}