{"id":43883,"date":"2024-01-04T00:41:30","date_gmt":"2024-01-03T23:41:30","guid":{"rendered":"http:\/\/www.infokuryr.cz\/n\/?p=43883"},"modified":"2024-01-03T19:09:24","modified_gmt":"2024-01-03T18:09:24","slug":"somalsky-uprchlik-ktery-zastrelil-mladistveho-ve-svedske-ulici-nebude-deportovan-rozhodl-soud","status":"publish","type":"post","link":"https:\/\/www.infokuryr.cz\/n\/2024\/01\/04\/somalsky-uprchlik-ktery-zastrelil-mladistveho-ve-svedske-ulici-nebude-deportovan-rozhodl-soud\/","title":{"rendered":"Som\u00e1lsk\u00fd uprchl\u00edk, kter\u00fd zast\u0159elil mladistv\u00e9ho ve \u0161v\u00e9dsk\u00e9 ulici, nebude deportov\u00e1n, rozhodl soud"},"content":{"rendered":"<div id=\"fb-root\"><\/div>\n<p><span style=\"font-size: 18pt;\"><strong>Odsouzen\u00fd vrah vyp\u00e1lil n\u011bkolik v\u00fdst\u0159el\u016f na dosp\u00edvaj\u00edc\u00edho, kdy\u017e le\u017eel na podlaze, ale jeho ob\u011b\u0165 nebyla jeho zam\u00fd\u0161len\u00fdm c\u00edlem<\/strong><\/span><\/p>\n<p><span>Som\u00e1lsk\u00fd migrant, kter\u00fd popravil mu\u017ee uprost\u0159ed \u0161v\u00e9dsk\u00e9 ulice v p\u0159\u00edpad\u011b, kdy se m\u00e1 za to, \u017ee \u0161lo o p\u0159\u00edpad chybn\u00e9 identity, nem\u016f\u017ee b\u00fdt deportov\u00e1n, proto\u017ee z\u00edskal \u0161v\u00e9dsk\u00e9 ob\u010danstv\u00ed, rozhodl soud.<\/span><\/p>\n<p><span>Al\u00edho Saida (19) v \u00fater\u00fd odsoudil okresn\u00ed soud v Lundu k do\u017eivot\u00ed za \u00fatok, ke kter\u00e9mu do\u0161lo 14. kv\u011btna minul\u00e9ho roku p\u0159ed obchodem s potravinami v Landskron\u011b, m\u011bst\u011b na z\u00e1pad\u011b \u0160v\u00e9dska.<\/span><\/p>\n<p><span>V tom, co soud ozna\u010dil za \u201e\u010distou popravu\u201c, najel maskovan\u00fd Said na sv\u00e9m elektrick\u00e9m sk\u00fatru k 19let\u00e9mu mu\u017ei, kter\u00fd byl se sv\u00fdmi p\u0159\u00e1teli p\u0159ed obchodem, a vyp\u00e1lil na skupinu n\u011bkolik v\u00fdst\u0159el\u016f.<\/span><\/p>\n<p><span>Kdy\u017e jeho ob\u011b\u0165 le\u017eela na zemi, vyp\u00e1lil \u00fato\u010dn\u00edk n\u011bkolik dal\u0161\u00edch v\u00fdst\u0159el\u016f na ob\u011b\u0165, kter\u00e1 utrp\u011bla p\u011bt st\u0159eln\u00fdch zran\u011bn\u00ed a na m\u00edst\u011b zem\u0159ela.<\/span><\/p>\n<div id=\"taboola-mid-article-thumbnails\" class=\" trc_related_container trc_spotlight_widget\"><a href=\"https:\/\/stranapro.cz\/\"><img decoding=\"async\" loading=\"lazy\" class=\"alignnone  wp-image-40285 aligncenter\" src=\"http:\/\/www.infokuryr.cz\/n\/wp-content\/uploads\/2023\/11\/11pro-300x79.png\" alt=\"\" width=\"539\" height=\"142\" srcset=\"https:\/\/www.infokuryr.cz\/n\/wp-content\/uploads\/2023\/11\/11pro-300x79.png 300w, https:\/\/www.infokuryr.cz\/n\/wp-content\/uploads\/2023\/11\/11pro.png 363w\" sizes=\"(max-width: 539px) 100vw, 539px\" \/><\/a><\/div>\n<p><span>Pozd\u011bji se uk\u00e1zalo, \u017ee ob\u011b\u0165 nebyla Saidov\u00fdm zam\u00fd\u0161len\u00fdm c\u00edlem a \u0161lo o p\u0159\u00edpad chybn\u00e9 identity.\u00a0\u201eZd\u00e1 se, \u017ee byl ve \u0161patnou dobu na nespr\u00e1vn\u00e9m m\u00edst\u011b,\u201c stoj\u00ed v soudn\u00edch dokumentech ze soudn\u00edho procesu.<\/span><\/p>\n<p><span>Said p\u0159ijel do \u0160v\u00e9dska ze Som\u00e1lska v listopadu 2012, pot\u00e9, co v \u010dervnu t\u00e9ho\u017e roku p\u0159ijela jeho matka, byl p\u0159ivezen prost\u0159ednictv\u00edm syst\u00e9mu slou\u010den\u00ed rodiny.<\/span><\/p>\n<p><span>V dubnu 2013 mu bylo ud\u011bleno povolen\u00ed k trval\u00e9mu pobytu a v \u010dervenci 2016 z\u00edskal \u0161v\u00e9dsk\u00e9 ob\u010danstv\u00ed.<\/span><\/p>\n<p><span>Okresn\u00ed soud v \u00fater\u00fd rozhodl, \u017ee Said bude odsouzen k do\u017eivotn\u00edmu v\u011bzen\u00ed za vra\u017edu, stejn\u011b jako napaden\u00ed a nez\u00e1konn\u00e9 vyhro\u017eov\u00e1n\u00ed u\u010din\u011bn\u00e9 b\u011bhem policejn\u00edho vy\u0161et\u0159ov\u00e1n\u00ed.<\/span><\/p>\n<p><span>D\u00e1le rozhodl, \u017ee nem\u016f\u017ee b\u00fdt deportov\u00e1n zp\u011bt do Som\u00e1lska, proto\u017ee je \u0161v\u00e9dsk\u00fdm ob\u010danem, co\u017e znamen\u00e1, \u017ee \u0161v\u00e9dsk\u00fd da\u0148ov\u00fd poplatn\u00edk bude i nad\u00e1le platit za jeho uv\u011bzn\u011bn\u00ed.<\/span><\/p>\n<p><img decoding=\"async\" loading=\"lazy\" class=\"alignnone size-full wp-image-1185\" src=\"http:\/\/www.infokuryr.cz\/n\/wp-content\/uploads\/2021\/04\/kuryr-podpis.png\" alt=\"\" width=\"84\" height=\"24\" \/><\/p>\n<p>&nbsp;<\/p>\n<p>&nbsp;<\/p>\n","protected":false},"excerpt":{"rendered":"<p>Odsouzen\u00fd vrah vyp\u00e1lil n\u011bkolik v\u00fdst\u0159el\u016f na dosp\u00edvaj\u00edc\u00edho, kdy\u017e le\u017eel na podlaze, ale jeho ob\u011b\u0165 nebyla&#8230;<\/p>\n","protected":false},"author":2,"featured_media":43884,"comment_status":"closed","ping_status":"closed","sticky":false,"template":"","format":"standard","meta":[],"categories":[7],"tags":[6432,324,124,656],"_links":{"self":[{"href":"https:\/\/www.infokuryr.cz\/n\/wp-json\/wp\/v2\/posts\/43883"}],"collection":[{"href":"https:\/\/www.infokuryr.cz\/n\/wp-json\/wp\/v2\/posts"}],"about":[{"href":"https:\/\/www.infokuryr.cz\/n\/wp-json\/wp\/v2\/types\/post"}],"author":[{"embeddable":true,"href":"https:\/\/www.infokuryr.cz\/n\/wp-json\/wp\/v2\/users\/2"}],"replies":[{"embeddable":true,"href":"https:\/\/www.infokuryr.cz\/n\/wp-json\/wp\/v2\/comments?post=43883"}],"version-history":[{"count":0,"href":"https:\/\/www.infokuryr.cz\/n\/wp-json\/wp\/v2\/posts\/43883\/revisions"}],"wp:featuredmedia":[{"embeddable":true,"href":"https:\/\/www.infokuryr.cz\/n\/wp-json\/wp\/v2\/media\/43884"}],"wp:attachment":[{"href":"https:\/\/www.infokuryr.cz\/n\/wp-json\/wp\/v2\/media?parent=43883"}],"wp:term":[{"taxonomy":"category","embeddable":true,"href":"https:\/\/www.infokuryr.cz\/n\/wp-json\/wp\/v2\/categories?post=43883"},{"taxonomy":"post_tag","embeddable":true,"href":"https:\/\/www.infokuryr.cz\/n\/wp-json\/wp\/v2\/tags?post=43883"}],"curies":[{"name":"wp","href":"https:\/\/api.w.org\/{rel}","templated":true}]}}