{"id":43881,"date":"2024-01-04T00:40:35","date_gmt":"2024-01-03T23:40:35","guid":{"rendered":"http:\/\/www.infokuryr.cz\/n\/?p=43881"},"modified":"2024-01-03T18:55:57","modified_gmt":"2024-01-03T17:55:57","slug":"iran-zacina-zcela-se-vzdava-pouzivani-dolaru-v-obchodu-brics","status":"publish","type":"post","link":"https:\/\/www.infokuryr.cz\/n\/2024\/01\/04\/iran-zacina-zcela-se-vzdava-pouzivani-dolaru-v-obchodu-brics\/","title":{"rendered":"\u00cdr\u00e1n za\u010d\u00edn\u00e1 \u2013 zcela se vzd\u00e1v\u00e1 pou\u017e\u00edv\u00e1n\u00ed dolar\u016f v obchodu BRICS"},"content":{"rendered":"<div id=\"fb-root\"><\/div>\n<p><span>Podle Ali Bagheri Kani, n\u00e1m\u011bstka \u00edr\u00e1nsk\u00e9ho ministra zahrani\u010d\u00ed, \u00cdr\u00e1n, stejn\u011b jako ostatn\u00ed \u010dlensk\u00e9 st\u00e1ty BRICS, rychle pokro\u010d\u00ed v \u201ededolarizaci\u201c ekonomick\u00fdch vztah\u016f v r\u00e1mci aliance.<\/span><\/p>\n<p><span>Informovala o tom 31. prosince\u00a0agentura\u00a0<\/span><em><span>RIA Novosti .<\/span><\/em><\/p>\n<p><span style=\"font-size: 18pt;\"><strong>BRICS+ jede na pln\u00fd plyn v\u016f\u010di dolaru jako rezervn\u00ed m\u011bn\u011b\u00a0<\/strong><\/span><\/p>\n<p><span>Aliance tzv. rozv\u00edjej\u00edc\u00edch se zem\u00ed Braz\u00edlie, Ruska, Indie, \u010c\u00edny a Ji\u017en\u00ed Afriky (BRICS) rozhodla na summitu v Johannesburgu v srpnu 2023 o p\u0159ijet\u00ed \u00cdr\u00e1nu, Sa\u00fadsk\u00e9 Ar\u00e1bie, Spojen\u00fdch arabsk\u00fdch emir\u00e1t\u016f, Egypta, Etiopie a Argentiny jako \u201e \u0159\u00e1dn\u00ed \u010dlenov\u00e9\u201c.\u00a0Tato aliance je nyn\u00ed zn\u00e1m\u00e1 jako BRICS+.<\/span><\/p>\n<p><span>Expanze by dala nov\u00fd impuls spolupr\u00e1ci v r\u00e1mci skupiny, a proto by m\u011bla tak\u00e9 v\u00fdznamn\u00fd glob\u00e1ln\u00ed vliv, \u0159\u00edkalo se tehdy.\u00a0Rusk\u00fd prezident Vladimir Putin, kter\u00fd tehdy hovo\u0159il prost\u0159ednictv\u00edm videa z Moskvy, hovo\u0159il o \u201e\u00a0<\/span><a href=\"https:\/\/unser-mitteleuropa.com\/iwf-gestaendnis-dollar-anteil-weltweiter-waehrungsreserven-im-sinkflug\/\"><span>nevratn\u00e9m procesu dedolarizace\u201c, kter\u00fd<\/span><\/a><span>\u00a0v alianci prob\u00edhal.<\/span><\/p>\n<p><a href=\"https:\/\/stranapro.cz\/\"><img decoding=\"async\" loading=\"lazy\" class=\"alignnone  wp-image-40285 aligncenter\" src=\"http:\/\/www.infokuryr.cz\/n\/wp-content\/uploads\/2023\/11\/11pro-300x79.png\" alt=\"\" width=\"608\" height=\"160\" srcset=\"https:\/\/www.infokuryr.cz\/n\/wp-content\/uploads\/2023\/11\/11pro-300x79.png 300w, https:\/\/www.infokuryr.cz\/n\/wp-content\/uploads\/2023\/11\/11pro.png 363w\" sizes=\"(max-width: 608px) 100vw, 608px\" \/><\/a><\/p>\n<p><span>Nyn\u00ed Ali Bagheri Kani, n\u00e1m\u011bstek \u00edr\u00e1nsk\u00e9ho ministra zahrani\u010d\u00ed, \u0159ekl agentu\u0159e\u00a0<\/span><em><span>RIA Novosti<\/span><\/em><span>\u00a0, \u017ee Teher\u00e1n, stejn\u011b jako dal\u0161\u00ed ekonomick\u00e9 mocnosti BRICS, chce zcela odstranit americk\u00fd dolar z obchodn\u00edch a ekonomick\u00fdch vztah\u016f v r\u00e1mci skupiny.<\/span><\/p>\n<p><span style=\"font-size: 18pt;\"><strong>\u201eDokon\u010dete \u00fakol rychle\u201c<\/strong><\/span><\/p>\n<p><span>Vysv\u011btlil: \u201eV r\u00e1mci organizace jsme napl\u00e1novali mnoho mis\u00ed a spole\u010dn\u00fdch aktivit s ostatn\u00edmi zem\u011bmi BRICS.\u00a0Jedn\u00edm z nejd\u016fle\u017eit\u011bj\u0161\u00edch \u00fakol\u016f se stala dedolarizace obchodn\u00edch a ekonomick\u00fdch transakc\u00ed a tak\u00e9 finan\u010dn\u00ed spolupr\u00e1ce.\u00a0Pr\u00e1ce v t\u00e9to oblasti spolupr\u00e1ce BRICS ji\u017e za\u010daly.\u00a0Douf\u00e1me, \u017ee budeme schopni pos\u00edlit a roz\u0161\u00ed\u0159it p\u0159\u00edslu\u0161n\u00e1 opat\u0159en\u00ed, abychom tento \u00fakol realizovali co nejrychleji.\u201c<\/span><\/p>\n<p><span>Podle rusk\u00e9ho premi\u00e9ra Michaila Mi\u0161ustina vedouc\u00ed zem\u011b BRICS Rusko a \u010c\u00edna nyn\u00ed t\u00e9m\u011b\u0159 \u00fapln\u011b p\u0159estaly pou\u017e\u00edvat americk\u00fd dolar v bilater\u00e1ln\u00edm obchodu.\u00a0Na sv\u00e9m ned\u00e1vn\u00e9m setk\u00e1n\u00ed s \u010d\u00ednsk\u00fdmi a rusk\u00fdmi p\u0159edstaviteli Mi\u0161ustin uvedl, \u017ee p\u0159es 90 procent obchodu mezi t\u011bmito dv\u011bma zem\u011bmi proch\u00e1z\u00ed rusk\u00fdm rublem nebo \u010d\u00ednsk\u00fdm j\u00fcanem.\u00a0To ukazuje t\u00e9m\u011b\u0159 \u201e\u00faplnou dedolarizaci ekonomick\u00fdch vztah\u016f\u201c, \u0159ekl z\u00e1stupc\u016fm m\u00e9di\u00ed.<\/span><\/p>\n<p><span>Podle jejich vlastn\u00edch informac\u00ed nyn\u00ed p\u011bt zem\u00ed BRICS tvo\u0159\u00ed 42 procent sv\u011btov\u00e9 populace, 30 procent celosv\u011btov\u00e9 rozlohy zem\u011b a 24 procent celosv\u011btov\u00e9 ekonomick\u00e9 produkce.<\/span><\/p>\n<p><span>Nov\u00fd argentinsk\u00fd prezident Javier Milei odm\u00edtl vstup sv\u00e9 zem\u011b do spole\u010denstv\u00ed st\u00e1t\u016f BRICS, v neposledn\u00ed \u0159ad\u011b kv\u016fli sv\u00e9mu \u201et\u011b\u017ece pochopiteln\u00e9mu dolariza\u010dn\u00edmu pl\u00e1nu\u201c ve sv\u00e9 zemi.<\/span><\/p>\n<p><img decoding=\"async\" loading=\"lazy\" class=\"alignnone size-full wp-image-1185\" src=\"http:\/\/www.infokuryr.cz\/n\/wp-content\/uploads\/2021\/04\/kuryr-podpis.png\" alt=\"\" width=\"84\" height=\"24\" \/><\/p>\n<p>&nbsp;<\/p>\n<p>&nbsp;<\/p>\n","protected":false},"excerpt":{"rendered":"<p>Podle Ali Bagheri Kani, n\u00e1m\u011bstka \u00edr\u00e1nsk\u00e9ho ministra zahrani\u010d\u00ed, \u00cdr\u00e1n, stejn\u011b jako ostatn\u00ed \u010dlensk\u00e9 st\u00e1ty BRICS,&#8230;<\/p>\n","protected":false},"author":2,"featured_media":43882,"comment_status":"closed","ping_status":"closed","sticky":false,"template":"","format":"standard","meta":[],"categories":[7],"tags":[1161,1324,38],"_links":{"self":[{"href":"https:\/\/www.infokuryr.cz\/n\/wp-json\/wp\/v2\/posts\/43881"}],"collection":[{"href":"https:\/\/www.infokuryr.cz\/n\/wp-json\/wp\/v2\/posts"}],"about":[{"href":"https:\/\/www.infokuryr.cz\/n\/wp-json\/wp\/v2\/types\/post"}],"author":[{"embeddable":true,"href":"https:\/\/www.infokuryr.cz\/n\/wp-json\/wp\/v2\/users\/2"}],"replies":[{"embeddable":true,"href":"https:\/\/www.infokuryr.cz\/n\/wp-json\/wp\/v2\/comments?post=43881"}],"version-history":[{"count":0,"href":"https:\/\/www.infokuryr.cz\/n\/wp-json\/wp\/v2\/posts\/43881\/revisions"}],"wp:featuredmedia":[{"embeddable":true,"href":"https:\/\/www.infokuryr.cz\/n\/wp-json\/wp\/v2\/media\/43882"}],"wp:attachment":[{"href":"https:\/\/www.infokuryr.cz\/n\/wp-json\/wp\/v2\/media?parent=43881"}],"wp:term":[{"taxonomy":"category","embeddable":true,"href":"https:\/\/www.infokuryr.cz\/n\/wp-json\/wp\/v2\/categories?post=43881"},{"taxonomy":"post_tag","embeddable":true,"href":"https:\/\/www.infokuryr.cz\/n\/wp-json\/wp\/v2\/tags?post=43881"}],"curies":[{"name":"wp","href":"https:\/\/api.w.org\/{rel}","templated":true}]}}