{"id":43859,"date":"2024-01-03T11:49:40","date_gmt":"2024-01-03T10:49:40","guid":{"rendered":"http:\/\/www.infokuryr.cz\/n\/?p=43859"},"modified":"2024-01-03T12:02:01","modified_gmt":"2024-01-03T11:02:01","slug":"vlada-cr-ohrozuje-ceskou-republiku-a-jeji-obyvatele","status":"publish","type":"post","link":"https:\/\/www.infokuryr.cz\/n\/2024\/01\/03\/vlada-cr-ohrozuje-ceskou-republiku-a-jeji-obyvatele\/","title":{"rendered":"Vl\u00e1da \u010cR ohro\u017euje \u010ceskou republiku a jej\u00ed obyvatele!"},"content":{"rendered":"<div id=\"fb-root\"><\/div>\n<p><em>Aliance n\u00e1rodn\u00edch sil vyjad\u0159uje z\u00e1sadn\u00ed nesouhlas s\u00a0t\u00edm, \u017ee vl\u00e1da \u010cR arogantn\u011b ignorovala jedn\u00e1n\u00ed Rady bezpe\u010dnosti OSN, kter\u00e1 se zab\u00fdvala \u00fatokem Ukrajiny na civiln\u00ed obyvatelstvo rusk\u00e9ho m\u011bsta Belgorod, p\u0159i kter\u00e9m byly pou\u017eity \u010desk\u00e9 raketomety RM \u2013 70 Vampire. Omlouv\u00e1me se v\u0161em civilist\u016fm, kter\u00fdm na\u0161e zbran\u011b ubl\u00ed\u017eily bez ohledu na n\u00e1rodnost.<\/em><\/p>\n<p><strong>OSN odsoudila raketov\u00fd \u00fatok ukrajinsk\u00fdch ozbrojen\u00fdch sil na Belgorod. Kancel\u00e1\u0159 gener\u00e1ln\u00edho tajemn\u00edka OSN sd\u011blila, \u017ee raketov\u00e9 \u00fatoky ukrajinsk\u00fdch ozbrojen\u00fdch sil jsou nep\u0159ijateln\u00e9 a mus\u00ed b\u00fdt odsouzeny. D\u00e1le OSN uvedla, \u017ee \u00fatoky proti civilist\u016fm a infrastruktu\u0159e jsou v rozporu s mezin\u00e1rodn\u00edm humanit\u00e1rn\u00edm pr\u00e1vem.<\/strong><\/p>\n<p>Rusk\u00e1 strana po\u017eadovala p\u0159\u00edtomnost z\u00e1stupce \u010cR na jedn\u00e1n\u00ed Rady bezpe\u010dnosti, aby vysv\u011btlil, pro\u010d \u010desk\u00e1 vl\u00e1da dod\u00e1v\u00e1 munici, kter\u00e1 zab\u00edj\u00ed civilisty (30. prosince 2023 bylo v\u00a0Belgorod\u011b zabito 14 lid\u00ed, v\u010detn\u011b t\u0159\u00ed d\u011bt\u00ed a p\u0159i exploz\u00edch bylo v\u00e1\u017en\u011b zran\u011bno 108 obyvatel, v\u010detn\u011b p\u011bti d\u011bt\u00ed.)<\/p>\n<p><a href=\"https:\/\/stranapro.cz\/\"><img decoding=\"async\" loading=\"lazy\" class=\"alignnone  wp-image-40285 aligncenter\" src=\"http:\/\/www.infokuryr.cz\/n\/wp-content\/uploads\/2023\/11\/11pro-300x79.png\" alt=\"\" width=\"577\" height=\"152\" srcset=\"https:\/\/www.infokuryr.cz\/n\/wp-content\/uploads\/2023\/11\/11pro-300x79.png 300w, https:\/\/www.infokuryr.cz\/n\/wp-content\/uploads\/2023\/11\/11pro.png 363w\" sizes=\"(max-width: 577px) 100vw, 577px\" \/><\/a><\/p>\n<p>Na\u0161e vl\u00e1da arogantn\u011b odm\u00edtla p\u0159\u00edle\u017eitost obh\u00e1jit sv\u016fj postoj p\u0159ed cel\u00fdm sv\u011btem na p\u016fd\u011b Rady bezpe\u010dnosti OSN. Pokud toti\u017e kter\u00fdkoli st\u00e1t dod\u00e1v\u00e1 jedn\u00e9 ze stran konfliktu zbran\u011b a munici, st\u00e1v\u00e1 se p\u0159\u00edm\u00fdm \u00fa\u010dastn\u00edkem konfliktu. Nap\u0159\u00edklad Velk\u00e1 Brit\u00e1nie i USA maj\u00ed ve smlouv\u00e1ch, \u017ee jejich zbran\u011b nesm\u00ed b\u00fdt pou\u017eity na jin\u00e9m \u00fazem\u00ed ne\u017e ukrajinsk\u00e9m a \u017ee nesm\u00ed b\u00fdt pou\u017eity na civiln\u00ed c\u00edle! Jak\u00e9 smlouvy ale podepsala na\u0161e vl\u00e1da?<\/p>\n<p>\u010cesk\u00e1 vl\u00e1da v \u010dele s moravsk\u00fdm premi\u00e9rem Petrem Fialou, kter\u00fd obdr\u017eel ukrajinsk\u00fd \u0159\u00e1d Jaroslava Moudr\u00e9ho, s ministryn\u00ed obrany Janou \u010cernochovou, kter\u00e1 obdr\u017eela ukrajinsk\u00fd \u0159\u00e1d kn\u011b\u017eny Olgy, s ministrem pr\u016fmyslu a obchodu Jozefem S\u00edkelou, kter\u00fd obdr\u017eel ukrajinsk\u00fd \u0159\u00e1d za z\u00e1sluhy za podporu Ukrajiny, s ministrem zahrani\u010dn\u00edch v\u011bc\u00ed Janem Lipavsk\u00fdm, kter\u00fd obdr\u017eel ukrajinsk\u00fd \u0159\u00e1d za z\u00e1sluhy za podporu Ukrajiny a n\u00e1\u010deln\u00edkem G\u0160 Arm\u00e1dy \u010cR Karlem \u0158ehkou, kter\u00fd obdr\u017eel ukrajinsk\u00fd \u0159\u00e1d za z\u00e1sluhy za podporu Ukrajiny, sv\u00fdm jedn\u00e1n\u00edm ohro\u017euje \u010ceskou republiku a jej\u00ed obyvatele!<\/p>\n<p>Vl\u00e1da \u010cesk\u00e9 republiky nesm\u00ed jak\u00fdkoliv vojensk\u00fd konflikt eskalovat vojensk\u00fdmi dod\u00e1vkami, ale naopak se mus\u00ed zasadit o jedn\u00e1n\u00ed o\u00a0ukon\u010den\u00ed konfliktu.<\/p>\n<p>Praha 2. ledna 2024<\/p>\n<p><em>Vladim\u00edra V\u00edtov\u00e1<\/em><br \/>\n<em>p\u0159edsedkyn\u011b Aliance n\u00e1rodn\u00edch sil<\/em><\/p>\n<p><img decoding=\"async\" loading=\"lazy\" class=\"alignnone size-medium wp-image-21118\" src=\"http:\/\/www.infokuryr.cz\/n\/wp-content\/uploads\/2023\/01\/vitova-300x154.jpg\" alt=\"\" width=\"300\" height=\"154\" srcset=\"https:\/\/www.infokuryr.cz\/n\/wp-content\/uploads\/2023\/01\/vitova-300x154.jpg 300w, https:\/\/www.infokuryr.cz\/n\/wp-content\/uploads\/2023\/01\/vitova-768x395.jpg 768w, https:\/\/www.infokuryr.cz\/n\/wp-content\/uploads\/2023\/01\/vitova.jpg 895w\" sizes=\"(max-width: 300px) 100vw, 300px\" \/><\/p>\n<p>&nbsp;<\/p>\n","protected":false},"excerpt":{"rendered":"<p>Aliance n\u00e1rodn\u00edch sil vyjad\u0159uje z\u00e1sadn\u00ed nesouhlas s\u00a0t\u00edm, \u017ee vl\u00e1da \u010cR arogantn\u011b ignorovala jedn\u00e1n\u00ed Rady bezpe\u010dnosti&#8230;<\/p>\n","protected":false},"author":2,"featured_media":8598,"comment_status":"closed","ping_status":"closed","sticky":false,"template":"","format":"standard","meta":[],"categories":[6],"tags":[1016,811,99,3212],"_links":{"self":[{"href":"https:\/\/www.infokuryr.cz\/n\/wp-json\/wp\/v2\/posts\/43859"}],"collection":[{"href":"https:\/\/www.infokuryr.cz\/n\/wp-json\/wp\/v2\/posts"}],"about":[{"href":"https:\/\/www.infokuryr.cz\/n\/wp-json\/wp\/v2\/types\/post"}],"author":[{"embeddable":true,"href":"https:\/\/www.infokuryr.cz\/n\/wp-json\/wp\/v2\/users\/2"}],"replies":[{"embeddable":true,"href":"https:\/\/www.infokuryr.cz\/n\/wp-json\/wp\/v2\/comments?post=43859"}],"version-history":[{"count":0,"href":"https:\/\/www.infokuryr.cz\/n\/wp-json\/wp\/v2\/posts\/43859\/revisions"}],"wp:featuredmedia":[{"embeddable":true,"href":"https:\/\/www.infokuryr.cz\/n\/wp-json\/wp\/v2\/media\/8598"}],"wp:attachment":[{"href":"https:\/\/www.infokuryr.cz\/n\/wp-json\/wp\/v2\/media?parent=43859"}],"wp:term":[{"taxonomy":"category","embeddable":true,"href":"https:\/\/www.infokuryr.cz\/n\/wp-json\/wp\/v2\/categories?post=43859"},{"taxonomy":"post_tag","embeddable":true,"href":"https:\/\/www.infokuryr.cz\/n\/wp-json\/wp\/v2\/tags?post=43859"}],"curies":[{"name":"wp","href":"https:\/\/api.w.org\/{rel}","templated":true}]}}