{"id":43847,"date":"2024-01-03T06:35:25","date_gmt":"2024-01-03T05:35:25","guid":{"rendered":"http:\/\/www.infokuryr.cz\/n\/?p=43847"},"modified":"2024-01-03T06:35:25","modified_gmt":"2024-01-03T05:35:25","slug":"muzeme-uderit-na-namesti-v-kyjeve-putinovo-ultimatum-na-ktere-vsichni-cekali","status":"publish","type":"post","link":"https:\/\/www.infokuryr.cz\/n\/2024\/01\/03\/muzeme-uderit-na-namesti-v-kyjeve-putinovo-ultimatum-na-ktere-vsichni-cekali\/","title":{"rendered":"\u201cM\u016f\u017eeme ude\u0159it na n\u00e1m\u011bst\u00ed v Kyjev\u011b.\u201d Putinovo ultim\u00e1tum, na kter\u00e9 v\u0161ichni \u010dekali"},"content":{"rendered":"<div id=\"fb-root\"><\/div>\n<p><strong>Odplata za masivn\u00ed \u00fatok na Belgorod, kdy SVO skon\u010d\u00ed a za jak\u00fdch podm\u00ednek ude\u0159\u00edme na Kyjev?\u00a0Nepohodln\u00e9, ale d\u016fle\u017eit\u00e9 ot\u00e1zky polo\u017eili zran\u011bn\u00ed ru\u0161t\u00ed voj\u00e1ci p\u0159\u00edmo vrchn\u00edmu veliteli Vladimiru Putinovi.\u00a0A dostali jsme odpov\u011bdi, na kter\u00e9 v\u0161ichni dlouho \u010dekali.<\/strong><\/p>\n<p>1. ledna nov\u00e9ho roku p\u0159ijel do \u00dast\u0159edn\u00ed vojensk\u00e9 nemocnice A. A. Vi\u0161n\u011bvsk\u00e9ho rusk\u00fd prezident Vladimir Putin.\u00a0 Nep\u0159ijel jen tak, ale na inspekci a pohovo\u0159it si s vojensk\u00fdm person\u00e1lem zran\u011bn\u00fdm b\u011bhem speci\u00e1ln\u00ed vojensk\u00e9 operace. Up\u0159\u00edmn\u00fd rozhovor i s nep\u0159\u00edjemn\u00fdmi ot\u00e1zkami.<\/p>\n<div class=\"block-title\">\n<h3 id=\"kto_vrag\" class=\"wp-block-heading\"><span style=\"font-size: 18pt;\">Kdo je nep\u0159\u00edtel?<\/span><\/h3>\n<\/div>\n<p>Jakmile vrchn\u00ed velitel \u0159ekl: \u201cM\u00e1te na m\u011b n\u011bjak\u00e9 ot\u00e1zky, chlapi? Nesty\u010fte se,\u201d za\u010daly se hrnout ot\u00e1zky jedna za druhou.\u00a0Prvn\u00ed v\u011bc, na kterou se voj\u00e1k Putina zeptal, kdy\u017e poznamenal, \u017ee b\u011bhem Speci\u00e1ln\u00ed vojensk\u00e9 operace osvobozujeme ruskou zemi, bylo, jak se prezident stav\u00ed k tomu, \u017ee z\u00e1padn\u00ed zem\u011b pom\u00e1haj\u00ed na\u0161emu nep\u0159\u00edteli?<\/p>\n<p><em>Jde o to, \u017ee to nen\u00ed tak, \u017ee pom\u00e1haj\u00ed na\u0161emu nep\u0159\u00edteli.\u00a0Oni jsou na\u0161\u00edm nep\u0159\u00edtelem.\u00a0Sv\u00e9 z\u00e1le\u017eitosti \u0159e\u0161\u00ed jejich (Ukrajinc\u016f) rukama.\u00a0A o tom to v\u0161echno je.\u00a0Tak to bylo bohu\u017eel po stalet\u00ed a trv\u00e1 to dodnes,\u201c\u00a0<\/em>vysv\u011btlila hlava st\u00e1tu.<em>\u00a0\u2013 Ukrajina sama o sob\u011b pro n\u00e1s nen\u00ed nep\u0159\u00edtelem.\u00a0Ale ti, kte\u0159\u00ed cht\u011bj\u00ed zni\u010dit ruskou st\u00e1tnost, ti, kte\u0159\u00ed cht\u011bj\u00ed dos\u00e1hnout, jak sami \u0159\u00edkaj\u00ed, strategick\u00e9 por\u00e1\u017eky Ruska na boji\u0161ti, jsou hlavn\u011b na Z\u00e1pad\u011b, a i tak jsou tam r\u016fzn\u00ed lid\u00e9.\u00a0Jsou lid\u00e9, kte\u0159\u00ed s n\u00e1mi sympatizuj\u00ed a kte\u0159\u00ed jsou v duchu s n\u00e1mi.<\/em><\/p>\n<p>Putin tak\u00e9 mluvil o takzvan\u00fdch elit\u00e1ch, \u201cpro kter\u00e9 je existence Ruska (alespo\u0148 v jeho sou\u010dasn\u00e9 kvalit\u011b, v jeho sou\u010dasn\u00e9 velikosti), jak se domn\u00edvaj\u00ed, nep\u0159ijateln\u00e1. Cht\u011bj\u00ed Rusko rozkouskovat.\u201d<\/p>\n<p><em>Mluv\u00ed a p\u00ed\u0161\u00ed o tom ve\u0159ejn\u011b a po cel\u00e1 desetilet\u00ed, pokud mluv\u00edme o modern\u00ed historii,\u201c\u00a0<\/em>p\u0159ipomn\u011bl Putin.<em>\u00a0\u2013 Des\u00edtky let prost\u011b p\u00ed\u0161ou, otev\u0159en\u011b o tom mluv\u00ed: rozd\u011blit na p\u011bt \u010d\u00e1st\u00ed.\u00a0M\u016f\u017eu v\u00e1m o tom vypr\u00e1v\u011bt a\u017e do r\u00e1na, ale je to jasn\u00e9.<\/em><\/p>\n<p>Rusk\u00fd prezident si je tedy jist\u00fd, \u017ee tyto elity \u201edostate\u010dn\u011b dlouho \u0161lechtily takzvan\u00fd kyjevsk\u00fd re\u017eim\u201c \u2013 \u201epr\u00e1v\u011b proto, aby vyvolaly tento konflikt\u201c.<\/p>\n<p><em>Bohu\u017eel pro n\u00e1s toho dos\u00e1hly, vytvo\u0159ily tento konflikt a sna\u017e\u00ed se s pomoc\u00ed Ukrajinc\u016f vy\u0159e\u0161it sv\u016fj \u00fakol, toti\u017e \u00fakol bojovat s Ruskem.<\/em><\/p>\n<div class=\"block-title\">\n<h3 id=\"vrag_sdyvaetsya\" class=\"wp-block-heading\"><span style=\"font-size: 18pt;\">Nep\u0159\u00edtel je \u201codfouknut\u00fd\u201d<\/span><\/h3>\n<\/div>\n<p>Putin tak\u00e9 upozornil na skute\u010dnost, \u017ee na boji\u0161ti jsou ozbrojen\u00e9 s\u00edly Ukrajiny postupn\u011b vytla\u010dov\u00e1ny.<\/p>\n<p><em>Obecn\u011b asi v\u00edte, \u017ee situace na boji\u0161ti se m\u011bn\u00ed.\u00a0A to i p\u0159esto, \u017ee s n\u00e1mi bojuje cel\u00fd takzvan\u00fd civilizovan\u00fd Z\u00e1pad,\u201c\u00a0<\/em>poznamenal vrchn\u00ed velitel.<em>\u00a0\u2013 Pravd\u011bpodobn\u011b jste tak\u00e9 mnohokr\u00e1t sly\u0161eli: Ukrajinsk\u00e1 arm\u00e1da spot\u0159ebuje p\u011bt nebo dokonce \u0161est tis\u00edc gran\u00e1t\u016f r\u00e1\u017ee 155 za den boje a Spojen\u00e9 st\u00e1ty jich vyrob\u00ed 14 [tis\u00edc] za m\u011bs\u00edc.\u00a0Za m\u011bs\u00edc!\u00a0A spot\u0159ebuj\u00ed p\u011bt tis\u00edc za den.\u00a0Ano, te\u010f to pl\u00e1nuj\u00ed b\u011bhem roku 2024 zv\u00fd\u0161it, ale: vyrobily 14\u201315, vyrob\u00ed a\u017e 20 [tis\u00edc].\u00a0Pokud ale spot\u0159ebujete p\u011bt tis\u00edc denn\u011b, k vy\u010derp\u00e1n\u00ed doch\u00e1z\u00ed celkem rychle.\u00a0U\u017e to p\u0159ich\u00e1z\u00ed.<\/em><\/p>\n<p>Pokud jde o Rusko, na\u0161e zem\u011b podle Putina zv\u00fd\u0161\u00ed objem v\u00fdroby gran\u00e1t\u016f \u201ep\u0159i\u010dem\u017e n\u00e1sobn\u011b\u201c:<\/p>\n<p><em>Dodali jim v\u00edce ne\u017e 400 \u2013 450\u00a0<\/em><em>tank\u016f<\/em>\u00a0<em>nebo kolik, a my jich za rok vyrob\u00edme a kompletn\u011b oprav\u00edme 1600. Nen\u00ed to st\u00e1tn\u00ed tajemstv\u00ed, ve skute\u010dnosti jich bude asi v\u00edc.\u00a0A tak je to prakticky na ka\u017ed\u00e9 pozici.\u00a0Proto navzdory tomu, \u017ee si od nepam\u011bti stanovuj\u00ed takov\u00fd \u00fakol \u2013 vypo\u0159\u00e1dat se s Ruskem, my sami se s nimi vypo\u0159\u00e1d\u00e1me rychleji, \u2026 zd\u00e1 se.<\/em><\/p>\n<p><a href=\"https:\/\/stranapro.cz\/\"><img decoding=\"async\" loading=\"lazy\" class=\"alignnone  wp-image-40285 aligncenter\" src=\"http:\/\/www.infokuryr.cz\/n\/wp-content\/uploads\/2023\/11\/11pro-300x79.png\" alt=\"\" width=\"608\" height=\"160\" srcset=\"https:\/\/www.infokuryr.cz\/n\/wp-content\/uploads\/2023\/11\/11pro-300x79.png 300w, https:\/\/www.infokuryr.cz\/n\/wp-content\/uploads\/2023\/11\/11pro.png 363w\" sizes=\"(max-width: 608px) 100vw, 608px\" \/><\/a><\/p>\n<p>Nejd\u016fle\u017eit\u011bj\u0161\u00ed je ale podle prezidenta samoz\u0159ejm\u011b to, o \u010dem nejednou mluvil:<\/p>\n<p><em>\u201eKonsolidace na\u0161ich lid\u00ed, na\u0161\u00ed spole\u010dnosti, proto\u017ee doch\u00e1z\u00ed k pochopen\u00ed toho, jak d\u016fle\u017eit\u00fd je \u00fakol, kter\u00fd vy \u0159e\u0161\u00edte na boji\u0161ti, b\u011bhem ozbrojen\u00e9ho boje za na\u0161i zemi a za na\u0161i budoucnost. To je nejd\u016fle\u017eit\u011bj\u0161\u00ed. Podstata probl\u00e9mu nen\u00ed to co dod\u00e1vaj\u00ed Ukrajin\u011b, to nen\u00ed podstata probl\u00e9mu. Podstata probl\u00e9mu nen\u00ed v Ukrajin\u011b, ale v t\u011bch, kte\u0159\u00ed se s pomoc\u00ed Ukrajiny sna\u017e\u00ed zni\u010dit Rusko. To u\u017e je probl\u00e9m. Ale neusp\u011bj\u00ed, to je prost\u011b vylou\u010den\u00e9, absolutn\u011b vylou\u010den\u00e9.\u201c<\/em><\/p>\n<p>Podle prezidenta \u201epostupn\u011b p\u0159ich\u00e1z\u00ed pov\u011bdom\u00ed o tom a r\u00e9torika se m\u011bn\u00ed: ti, kte\u0159\u00ed v\u010dera mluvili o nutnosti u\u0161t\u011bd\u0159it Rusku strategickou por\u00e1\u017eku, nyn\u00ed hledaj\u00ed zp\u016fsob, jak konflikt rychle ukon\u010dit\u201c.\u00a0Prezident dal jasn\u011b najevo, \u017ee konflikt chce ukon\u010dit i Moskva.\u00a0Nicm\u00e9n\u011b za jedn\u00e9 z\u00e1kladn\u00ed ultim\u00e1tn\u00ed podm\u00ednky:<\/p>\n<p><em>Chceme tak\u00e9 ukon\u010dit konflikt, a to co nejrychleji, pouze za na\u0161ich podm\u00ednek. Nem\u00e1me chu\u0165 bojovat donekone\u010dna, ale ani se nehodl\u00e1me vzd\u00e1t sv\u00fdch pozic. Bojovali jste, byli jste tam zran\u011bni a my se v\u0161eho vzd\u00e1me, nebo co? Kamery tady funguj\u00ed, te\u010f bych tady uk\u00e1zal ur\u010dit\u00e9 gesto, v\u0161ichni v\u00edte, o jak\u00e9 gesto jde. Tak tohle se nestane.<\/em><\/p>\n<div class=\"block-title\">\n<h3 id=\"chyvstvitelnoe_vozmezdie_za_belgorod\" class=\"wp-block-heading\"><span style=\"font-size: 18pt;\">Citliv\u00e1 odplata za Belgorod<\/span><\/h3>\n<\/div>\n<p>Putin se v reakci na ot\u00e1zku jin\u00e9ho voj\u00e1ka tak\u00e9 vyj\u00e1d\u0159il k masivn\u00edmu nep\u0159\u00e1telsk\u00e9mu \u00fatoku na Belgorod z 30. prosince.\u00a0Neudr\u017eel emoce a incident p\u0159\u00edmo ozna\u010dil za teroristick\u00fd \u010din.<\/p>\n<p><em>To, co se pr\u00e1v\u011b\u00a0<a href=\"http:\/\/kremlin.ru\/events\/president\/news\/73199\">stalo<\/a>\u00a0v Belgorodu, je samoz\u0159ejm\u011b teroristick\u00fd \u010din.\u00a0Pro\u010d?\u00a0Proto\u017ee co ud\u011blali?\u00a0St\u0159\u00edleli z raketov\u00fdch syst\u00e9m\u016f a MLRS.\u00a0Jako voj\u00e1ci v\u00edte, co je MLRS.\u00a0Tato zbra\u0148 je nevyb\u00edrav\u00e1 p\u0159i z\u00e1sahu oblasti.\u00a0A t\u011bmito zbran\u011bmi ude\u0159ili p\u0159\u00edmo do centra m\u011bsta, kde se p\u0159ed Nov\u00fdm rokem proch\u00e1zeli lid\u00e9.\u00a0Prost\u011b \u00fatok, c\u00edlen\u00fd \u00fader na civiln\u00ed obyvatelstvo.\u00a0Samoz\u0159ejm\u011b se jedn\u00e1 o teroristick\u00fd \u00fatok, jinak to nazvat nelze.<\/em><\/p>\n<p><em>M\u011bli bychom reagovat stejn\u00fdm zp\u016fsobem?\u00a0Samoz\u0159ejm\u011b, \u017ee m\u016f\u017eeme, m\u016f\u017eeme zas\u00e1hnout n\u00e1m\u011bst\u00ed v Kyjev\u011b a v jak\u00e9mkoli jin\u00e9m m\u011bst\u011b.\u00a0Denisi, chod\u00ed tam d\u011bti, maminky s ko\u010d\u00e1rky.\u00a0Ch\u00e1pu, v\u0161echno ve mn\u011b v\u0159e, chci se t\u011b zeptat: pot\u0159ebujeme to ud\u011blat, \u00fato\u010dit na n\u00e1m\u011bst\u00ed?<\/em><\/p>\n<p>V reakci na to voj\u00e1k vysv\u011btlil, \u017ee nemluvil o \u00fatoc\u00edch na civilisty.\u00a0V\u011b\u0159\u00ed, \u017ee je nutn\u00e9 zas\u00e1hnout arm\u00e1du, infrastrukturu: \u201cPot\u0159ebujeme \u00fader jednou prov\u017edy, aby se nemohli vzpamatovat.\u201d<\/p>\n<p><em>A to je to, co d\u011bl\u00e1me.\u00a0V\u0161imli jste si, \u017ee doslova druh\u00fd den byly takov\u00e9 \u00fadery naneseny?\u00a0A dnes podle m\u011b byly z\u00e1sahy.\u00a0I z\u00edtra budou<\/em>, sl\u00edbil Putin.<\/p>\n<p>Prezident p\u0159ipomn\u011bl, \u017ee zasahujeme vysoce p\u0159esn\u00fdmi zbran\u011bmi na m\u00edsta, kde nep\u0159\u00edtel p\u0159ij\u00edm\u00e1 rozhodnut\u00ed, na m\u00edsta, kde se shroma\u017e\u010fuje vojensk\u00fd person\u00e1l, \u017eold\u00e1ci a na dal\u0161\u00ed st\u0159ediska tohoto druhu.<\/p>\n<p><em>P\u0159edev\u0161\u00edm na vojensk\u00e9 objekty.\u00a0A jsou dostate\u010dn\u011b citeln\u00e9, tyhle \u00fadery.\u00a0Tak budeme i pokra\u010dovat.\u00a0Pravd\u011bpodobn\u011b jste si v\u0161imli, \u017ee doslova n\u00e1sleduj\u00edc\u00ed den byly takov\u00e9 \u00fatoky provedeny.\u00a0A dnes.\u00a0A ud\u011bl\u00e1me to z\u00edtra.\u00a0V\u00edte, jak\u00fd je smysl toho, co d\u011blaj\u00ed: cht\u011bj\u00ed n\u00e1s a) zastra\u0161it a b) vytvo\u0159it uvnit\u0159 na\u0161\u00ed zem\u011b ur\u010ditou nejistotu.\u00a0Ale my ze sv\u00e9 strany budeme zvy\u0161ovat \u00fatoky, o kter\u00fdch jsem se zm\u00ednil.\u00a0Nepochybn\u011b.\u00a0Ani jeden takov\u00fd zlo\u010din \u2013 a to je samoz\u0159ejm\u011b zlo\u010din \u2013 proti civiln\u00edmu obyvatelstvu nez\u016fstane nepotrest\u00e1n.\u00a0To je 100 %.\u00a0O tom nem\u016f\u017ee b\u00fdt pochyb.<\/em><\/p>\n<p>P\u0159ipome\u0148me, \u017ee 30. prosince zah\u00e1jily ukrajinsk\u00e9 ozbrojen\u00e9 s\u00edly\u00a0<a href=\"https:\/\/dzen.ru\/a\/ZZBqhSoEzhEltdqh\" target=\"_blank\" rel=\"noreferrer noopener\">kombinovan\u00fd raketov\u00fd \u00fader na Belgorod<\/a>, nejsiln\u011bj\u0161\u00ed od za\u010d\u00e1tku speci\u00e1ln\u00ed operace.\u00a0V d\u016fsledku toho\u00a0<a href=\"https:\/\/spb.tsargrad.tv\/news\/chislo-pogibshih-v-belgorode-uvelichilos-do-24-v-gorode-zapushhena-sirena-raketnoj-opasnosti_939482\" target=\"_blank\" rel=\"noreferrer noopener\">zem\u0159elo 24 lid\u00ed<\/a>, v\u010detn\u011b d\u011bt\u00ed.\u00a0Po\u010det neust\u00e1le roste.\u00a0 Celkem bylo zran\u011bno 110 obyvatel Belgorodu.<\/p>\n<p>Ukrajinsk\u00e1 arm\u00e1da podle rusk\u00e9ho ministerstva obrany zas\u00e1hla m\u011bsto dv\u011bma kazetov\u00fdmi municemi z MLRS, mimo jin\u00e9 raketomety Vampire \u010desk\u00e9 v\u00fdroby.\u00a0Odborn\u00edci se domn\u00edvaj\u00ed, \u017ee c\u00edlem nep\u0159\u00edtele byl pr\u00e1v\u011b \u00fader na centrum m\u011bsta a civilisty p\u0159epln\u011bnou oblast.<\/p>\n<p>&nbsp;<\/p>\n<p><iframe loading=\"lazy\" title=\"\u0412\u043b\u0430\u0434\u0438\u043c\u0438\u0440 \u041f\u0443\u0442\u0438\u043d \u043f\u043e\u0441\u0435\u0442\u0438\u043b \u0426\u0435\u043d\u0442\u0440\u0430\u043b\u044c\u043d\u044b\u0439 \u0432\u043e\u0435\u043d\u043d\u044b\u0439 \u043a\u043b\u0438\u043d\u0438\u0447\u0435\u0441\u043a\u0438\u0439 \u0433\u043e\u0441\u043f\u0438\u0442\u0430\u043b\u044c \u0438\u043c\u0435\u043d\u0438 \u0410.\u0410.\u0412\u0438\u0448\u043d\u0435\u0432\u0441\u043a\u043e\u0433\u043e 1 \u044f\u043d\u0432\u0430\u0440\u044f 2024\" width=\"640\" height=\"360\" src=\"https:\/\/www.youtube.com\/embed\/MQ8eOO3VP50?start=2&#038;feature=oembed\" frameborder=\"0\" allow=\"accelerometer; autoplay; clipboard-write; encrypted-media; gyroscope; picture-in-picture; web-share\" allowfullscreen><\/iframe><\/p>\n<p>&nbsp;<\/p>\n<p><em>P\u0159eklad Janinna (Pokec24)<\/em><\/p>\n<p><a href=\"https:\/\/dzen.ru\/a\/ZZLChrpjDQZTjQ3P\">ZDROJ<\/a><\/p>\n<p>&nbsp;<\/p>\n","protected":false},"excerpt":{"rendered":"<p>Odplata za masivn\u00ed \u00fatok na Belgorod, kdy SVO skon\u010d\u00ed a za jak\u00fdch podm\u00ednek ude\u0159\u00edme na&#8230;<\/p>\n","protected":false},"author":2,"featured_media":43848,"comment_status":"closed","ping_status":"closed","sticky":false,"template":"","format":"standard","meta":[],"categories":[7],"tags":[80,221,1083,710,102],"_links":{"self":[{"href":"https:\/\/www.infokuryr.cz\/n\/wp-json\/wp\/v2\/posts\/43847"}],"collection":[{"href":"https:\/\/www.infokuryr.cz\/n\/wp-json\/wp\/v2\/posts"}],"about":[{"href":"https:\/\/www.infokuryr.cz\/n\/wp-json\/wp\/v2\/types\/post"}],"author":[{"embeddable":true,"href":"https:\/\/www.infokuryr.cz\/n\/wp-json\/wp\/v2\/users\/2"}],"replies":[{"embeddable":true,"href":"https:\/\/www.infokuryr.cz\/n\/wp-json\/wp\/v2\/comments?post=43847"}],"version-history":[{"count":0,"href":"https:\/\/www.infokuryr.cz\/n\/wp-json\/wp\/v2\/posts\/43847\/revisions"}],"wp:featuredmedia":[{"embeddable":true,"href":"https:\/\/www.infokuryr.cz\/n\/wp-json\/wp\/v2\/media\/43848"}],"wp:attachment":[{"href":"https:\/\/www.infokuryr.cz\/n\/wp-json\/wp\/v2\/media?parent=43847"}],"wp:term":[{"taxonomy":"category","embeddable":true,"href":"https:\/\/www.infokuryr.cz\/n\/wp-json\/wp\/v2\/categories?post=43847"},{"taxonomy":"post_tag","embeddable":true,"href":"https:\/\/www.infokuryr.cz\/n\/wp-json\/wp\/v2\/tags?post=43847"}],"curies":[{"name":"wp","href":"https:\/\/api.w.org\/{rel}","templated":true}]}}