{"id":43775,"date":"2024-01-02T06:44:29","date_gmt":"2024-01-02T05:44:29","guid":{"rendered":"http:\/\/www.infokuryr.cz\/n\/?p=43775"},"modified":"2024-01-02T06:44:29","modified_gmt":"2024-01-02T05:44:29","slug":"zelenskyj-odhaluje-vojenske-cile-kyjeva-pro-rok-2024","status":"publish","type":"post","link":"https:\/\/www.infokuryr.cz\/n\/2024\/01\/02\/zelenskyj-odhaluje-vojenske-cile-kyjeva-pro-rok-2024\/","title":{"rendered":"Zelenskyj odhaluje vojensk\u00e9 c\u00edle Kyjeva pro rok 2024"},"content":{"rendered":"<div id=\"fb-root\"><\/div>\n<p><span style=\"font-size: 18pt;\"><strong>Krym se stane \u201et\u011b\u017ei\u0161t\u011bm konfliktu\u201c, \u0159ekl ukrajinsk\u00fd v\u016fdce The Economist<\/strong><\/span><\/p>\n<p><span>Ukrajinsk\u00fd prezident Vladimir Zelenskij obvi\u0148uje \u00faniky informac\u00ed z ne\u00fasp\u011bchu letn\u00ed protiofenz\u00edvy Kyjeva proti Rusku, o kter\u00e9 se mluv\u00ed, ale p\u0159esto se pod\u011blil o nov\u00e9 poznatky o hlavn\u00edch priorit\u00e1ch arm\u00e1dy pro rok 2024 a v rozhovoru pro The Economist prohl\u00e1sil, \u017ee izolace Krymu je \u201e\u00a0<\/span><em><span>extr\u00e9mn\u011b d\u016fle\u017eit\u00e1\u201c.<\/span><\/em><\/p>\n<p><span>Zelenskyj zopakoval sv\u016fj ambici\u00f3zn\u00ed c\u00edl, kter\u00fdm je nakonec obnovit Ukrajinu na jej\u00ed hranice z roku 1991, ale p\u0159estal d\u011blat jak\u00e9koli sliby nebo stanovit \u010dasov\u00e9 pl\u00e1ny, aby nedo\u0161lo k nafouknut\u00ed o\u010dek\u00e1v\u00e1n\u00ed mezi ve\u0159ejnost\u00ed a z\u00e1padn\u00edmi podporovateli Kyjeva.\u00a0Okam\u017eit\u00fdm \u00fakolem,\u00a0<\/span><a href=\"https:\/\/www.economist.com\/europe\/2024\/01\/01\/a-new-years-interview-with-volodymr-zelensky\" target=\"_blank\" rel=\"noopener noreferrer\"><span>\u0159ekl<\/span><\/a><span>\u00a0, bude\u00a0<\/span><em><span>\u201eobrana v\u00fdchodu\u201c<\/span><\/em><span>\u00a0a ochrana kritick\u00e9 infrastruktury Ukrajiny.<\/span><\/p>\n<p><span>Ukrajinsk\u00fd v\u016fdce v\u0161ak nazna\u010dil, \u017ee Kyjev m\u016f\u017ee zintenzivnit sv\u00e9 \u00fatoky proti Krymu a pokusit se\u00a0<\/span><em><span>\u201eizolovat\u201c<\/span><\/em><span>\u00a0\u00a0poloostrov zni\u010den\u00edm Ker\u010dsk\u00e9ho mostu, kter\u00fd jej spojuje s ruskou pevninou.\u00a0Za t\u00edmto \u00fa\u010delem op\u011bt po\u017eadoval \u0159\u00edzen\u00e9 st\u0159ely dlouh\u00e9ho doletu Taurus n\u011bmeck\u00e9 v\u00fdroby, kter\u00e9 Berl\u00edn zat\u00edm odm\u00edtl dodat i pot\u00e9, co Francie a Velk\u00e1 Brit\u00e1nie poskytly Kyjevu st\u0159ely Storm Shadow.<\/span><\/p>\n<p><em><span>&#8222;Rusko mus\u00ed v\u011bd\u011bt, \u017ee pro n\u00e1s je to vojensk\u00fd objekt,&#8220;<\/span><\/em><span>\u00a0\u0159ekl.<\/span><\/p>\n<p><a href=\"https:\/\/stranapro.cz\/\"><img decoding=\"async\" loading=\"lazy\" class=\"alignnone  wp-image-40285 aligncenter\" src=\"http:\/\/www.infokuryr.cz\/n\/wp-content\/uploads\/2023\/11\/11pro-300x79.png\" alt=\"\" width=\"646\" height=\"170\" srcset=\"https:\/\/www.infokuryr.cz\/n\/wp-content\/uploads\/2023\/11\/11pro-300x79.png 300w, https:\/\/www.infokuryr.cz\/n\/wp-content\/uploads\/2023\/11\/11pro.png 363w\" sizes=\"(max-width: 646px) 100vw, 646px\" \/><\/a><\/p>\n<p><span>Podle prezidenta Vladimira Putina rusk\u00e9 s\u00edly nyn\u00ed dr\u017e\u00ed\u00a0<\/span><a href=\"https:\/\/swentr.site\/russia\/589335-putin-shoigu-ukraine-conflict\/\" target=\"_blank\" rel=\"noopener noreferrer\"><span>strategickou iniciativu<\/span><\/a><span>\u00a0v ukrajinsk\u00e9m konfliktu, zat\u00edmco Kyjev byl z velk\u00e9 \u010d\u00e1sti \u0159\u00edzen politick\u00fdmi c\u00edli a jejich \u00fasil\u00ed bylo zam\u011b\u0159eno na to, aby\u00a0<\/span><em><span>\u201esv\u00fdm skute\u010dn\u00fdm p\u00e1n\u016fm uk\u00e1zali alespo\u0148 n\u011bjak\u00e9 v\u00fdsledky\u201c.<\/span><\/em><\/p>\n<p><span>Zelenskyj si tak\u00e9 st\u011b\u017eoval, \u017ee\u00a0<\/span><em><span>\u201emobilizace ukrajinsk\u00e9 spole\u010dnosti a sv\u011bta\u201c<\/span><\/em><span>\u00a0je nyn\u00ed mnohem ni\u017e\u0161\u00ed ne\u017e na za\u010d\u00e1tku konfliktu, a p\u0159ipustil, \u017ee jak\u00fdkoli vojensk\u00fd \u00fasp\u011bch bude z\u00e1viset na pomoci Z\u00e1padu.<\/span><\/p>\n<p><em><span>&#8222;D\u00e1v\u00e1te n\u00e1m pen\u00edze nebo zbran\u011b, t\u00edm se \u017eiv\u00edte.&#8220;\u00a0Zachra\u0148ujete sv\u00e9 d\u011bti, ne na\u0161e,\u201c<\/span><\/em><span>\u00a0\u00a0tvrdil.<\/span><\/p>\n<p><span>Kyjev v \u00fanoru 2022 ozn\u00e1mil v\u0161eobecnou mobilizaci, kter\u00e1 v\u011bt\u0161in\u011b mu\u017e\u016f ve v\u011bku 18 a\u017e 60 let zak\u00e1zala opustit zemi, ale kampa\u0148 byla poznamen\u00e1na korupc\u00ed a vyh\u00fdb\u00e1n\u00edm\u00a0se odvod\u016fm.\u00a0Po neuspokojiv\u00e9 letn\u00ed protiofenz\u00edv\u011b Ukrajiny, kter\u00e1 podle Moskvy st\u00e1la Kyjev t\u00e9m\u011b\u0159 160 000 voj\u00e1k\u016f, Zelenskij ned\u00e1vno ozn\u00e1mil pl\u00e1n na z\u00edsk\u00e1n\u00ed dal\u0161\u00edch 500 000 voj\u00e1k\u016f, kte\u0159\u00ed by nahradili ztr\u00e1ty na boji\u0161t\u00edch.<\/span><\/p>\n<p><em><span>\u201eMobilizace nen\u00ed jen ot\u00e1zkou odchodu voj\u00e1k\u016f na frontu.\u00a0Je to o n\u00e1s v\u0161ech.\u00a0Je to mobilizace ve\u0161ker\u00e9ho \u00fasil\u00ed,\u201c<\/span><\/em><span>\u00a0\u0159ekl The Economist.\u00a0<\/span><em><span>\u201eBu\u010fme up\u0159\u00edmn\u00ed, p\u0159e\u0161li jsme na dom\u00e1c\u00ed politiku&#8230; Pokud se budeme nad\u00e1le soust\u0159edit na dom\u00e1c\u00ed politiku, mus\u00edme vyhl\u00e1sit volby.\u00a0Zm\u011b\u0148te z\u00e1kon, \u00fastavu.\u00a0Ale zapome\u0148te na protiofenzivn\u00ed akce a deokupaci.\u201c<\/span><\/em><\/p>\n<p><img decoding=\"async\" loading=\"lazy\" class=\"alignnone size-full wp-image-1185\" src=\"http:\/\/www.infokuryr.cz\/n\/wp-content\/uploads\/2021\/04\/kuryr-podpis.png\" alt=\"\" width=\"84\" height=\"24\" \/><\/p>\n<p>&nbsp;<\/p>\n<p>&nbsp;<\/p>\n","protected":false},"excerpt":{"rendered":"<p>Krym se stane \u201et\u011b\u017ei\u0161t\u011bm konfliktu\u201c, \u0159ekl ukrajinsk\u00fd v\u016fdce The Economist Ukrajinsk\u00fd prezident Vladimir Zelenskij obvi\u0148uje&#8230;<\/p>\n","protected":false},"author":2,"featured_media":43776,"comment_status":"closed","ping_status":"closed","sticky":false,"template":"","format":"standard","meta":[],"categories":[7],"tags":[1052,26,3340,1000],"_links":{"self":[{"href":"https:\/\/www.infokuryr.cz\/n\/wp-json\/wp\/v2\/posts\/43775"}],"collection":[{"href":"https:\/\/www.infokuryr.cz\/n\/wp-json\/wp\/v2\/posts"}],"about":[{"href":"https:\/\/www.infokuryr.cz\/n\/wp-json\/wp\/v2\/types\/post"}],"author":[{"embeddable":true,"href":"https:\/\/www.infokuryr.cz\/n\/wp-json\/wp\/v2\/users\/2"}],"replies":[{"embeddable":true,"href":"https:\/\/www.infokuryr.cz\/n\/wp-json\/wp\/v2\/comments?post=43775"}],"version-history":[{"count":0,"href":"https:\/\/www.infokuryr.cz\/n\/wp-json\/wp\/v2\/posts\/43775\/revisions"}],"wp:featuredmedia":[{"embeddable":true,"href":"https:\/\/www.infokuryr.cz\/n\/wp-json\/wp\/v2\/media\/43776"}],"wp:attachment":[{"href":"https:\/\/www.infokuryr.cz\/n\/wp-json\/wp\/v2\/media?parent=43775"}],"wp:term":[{"taxonomy":"category","embeddable":true,"href":"https:\/\/www.infokuryr.cz\/n\/wp-json\/wp\/v2\/categories?post=43775"},{"taxonomy":"post_tag","embeddable":true,"href":"https:\/\/www.infokuryr.cz\/n\/wp-json\/wp\/v2\/tags?post=43775"}],"curies":[{"name":"wp","href":"https:\/\/api.w.org\/{rel}","templated":true}]}}