{"id":43771,"date":"2024-01-02T06:31:32","date_gmt":"2024-01-02T05:31:32","guid":{"rendered":"http:\/\/www.infokuryr.cz\/n\/?p=43771"},"modified":"2024-01-02T06:31:32","modified_gmt":"2024-01-02T05:31:32","slug":"macron-odvolal-sefa-francouzske-rozvedky-kvuli-africkemu-selhani","status":"publish","type":"post","link":"https:\/\/www.infokuryr.cz\/n\/2024\/01\/02\/macron-odvolal-sefa-francouzske-rozvedky-kvuli-africkemu-selhani\/","title":{"rendered":"Macron odvolal \u0161\u00e9fa francouzsk\u00e9 rozv\u011bdky kv\u016fli africk\u00e9mu selh\u00e1n\u00ed"},"content":{"rendered":"<div id=\"fb-root\"><\/div>\n<h2><span>Je st\u00e1le t\u011b\u017e\u0161\u00ed a t\u011b\u017e\u0161\u00ed skr\u00fdt to, co je z\u0159ejm\u00e9<\/span><\/h2>\n<p><strong>20. prosince francouzsk\u00fd prezident EmmanuVytvo\u0159it nov\u00fd p\u0159\u00edsp\u011bvekel Macron na zased\u00e1n\u00ed Rady ministr\u016f se skand\u00e1lem odvolal hlavu zahrani\u010dn\u00ed rozv\u011bdky P\u00e1t\u00e9 republiky (Direction g\u00e9n\u00e9rale de la S\u00e9curit\u00e9 ext\u00e9rieure, DGSE) Bernarda \u00c9mi\u00e9.\u00a0 Na jeho m\u00edsto byl jmenov\u00e1n Macron\u016fv osobn\u00ed p\u0159\u00edtel, \u0161\u00e9f francouzsk\u00e9 kontrarozv\u011bdky (Direction g\u00e9n\u00e9rale de la S\u00e9curit\u00e9 int\u00e9rieure, DGSI) Nicolas Lerner.<\/strong><\/p>\n<p>V z\u00e1\u0159\u00ed dal z\u00a0DGSE v\u00fdpov\u011b\u010f z\u00e1stupce Bernarda \u00c9mi\u00e9 \u010dty\u0159hv\u011bzdi\u010dkov\u00fd gener\u00e1l Olivier Bonne de Paire. Gener\u00e1l, kter\u00fd vyc\u00edtil rostouc\u00ed Macronovu nespokojenost s\u00a0nekon\u010d\u00edc\u00edmi ne\u00fasp\u011bchy francouzsk\u00fdch zpravodajsk\u00fdch slu\u017eeb, se rozhodl nevy\u010dk\u00e1vat, a\u017e zah\u0159m\u00ed a\u00a0ode\u0161el do soukrom\u00e9ho podnik\u00e1n\u00ed.<\/p>\n<p>Hn\u011bv hlavy P\u00e1t\u00e9 republiky na sv\u00e9 \u0161piony se st\u0159\u00e1dal dlouho. 29.\u00a0\u010dervence b\u011bhem zased\u00e1n\u00ed Rady obrany se Macron jednodu\u0161e obo\u0159il na Bernarda \u00c9mi\u00e9, jak ozn\u00e1mil dob\u0159e informovan\u00fd t\u00fdden\u00edk Le Canard Encha\u00een\u00e9: \u201cMacron zu\u0159\u00ed kv\u016fli DGSE, jej\u00ed\u017e agenti nep\u0159edv\u00eddali bl\u00ed\u017e\u00edc\u00ed se st\u00e1tn\u00ed p\u0159evrat v\u00a0Nigeru. V\u00a0polovin\u011b zased\u00e1n\u00ed Rady obrany prezident za\u00fato\u010dil na velk\u00e9ho n\u00e1\u010deln\u00edka rozv\u011bdky: \u201cNiger po\u00a0Mali, to u\u017e je p\u0159\u00edli\u0161!\u201d<\/p>\n<p>Macron obvinil Bernarda \u00c9mi\u00e9 za to, \u017ee j\u00edm veden\u00e1 tajn\u00e1 slu\u017eba zaspala st\u00e1tn\u00ed p\u0159evraty v\u00a0Mali a\u00a0Nigeru, kde se k\u00a0moci dostali v\u016f\u010di Rusku p\u0159\u00e1tel\u0161t\u00ed voj\u00e1ci.<\/p>\n<p>DGSE v\u00a0posledn\u00edch m\u011bs\u00edc\u00edch pron\u00e1sledovaly sam\u00e9 ne\u00fasp\u011bchy. Bernard \u00c9mi\u00e9, diplomat povol\u00e1n\u00edm, nebyl v\u00a0\u010dele n\u00e1rodn\u00ed zpravodajsk\u00e9 slu\u017eby t\u00edm prav\u00fdm a\u00a0zma\u0159il v\u0161echno, co mohl zma\u0159it.<\/p>\n<p>\u201cBernard \u00c9mi\u00e9 nen\u00ed jen tak n\u011bkdo. Krom\u011b velvyslaneck\u00fdch post\u016f v\u00a0letech 1998 a\u017e 2014 mu vd\u011b\u010d\u00edme za to, \u017ee p\u0159evzal odpov\u011bdnost za legend\u00e1rn\u00ed slu\u017ebu po\u00a0brilantn\u00edm, ale kontroverzn\u00edm Bernardu Bajoletovi. Slou\u017eil v\u00a0ministersk\u00fdch kancel\u00e1\u0159\u00edch, je norm\u00e1ln\u00ed a\u00a0um\u00ed \u010d\u00edst\u00a0a\u00a0ps\u00e1t\u201d, ironizuje port\u00e1l Boulevard Voltaire zalo\u017een\u00fd Thierry Meyssanem a\u00a0poznamen\u00e1v\u00e1, \u017ee \u201cMacron si od roku 2017 osvojil smutn\u00fd zvyk obklopovat se sebev\u011bdom\u00fdmi smola\u0159i\u201d.<\/p>\n<p>P\u0159edch\u016fdce \u00c9mi\u00e9 ve funkci \u0161\u00e9fa DGSE, Bernard Bajolet, utkv\u011bl v\u00a0pam\u011bti p\u0159edev\u0161\u00edm t\u00edm, \u017ee byl ned\u00e1vno obvin\u011bn ze \u201cspolu\u00fa\u010dasti na pokusu o\u00a0vyd\u00edr\u00e1n\u00ed\u201d (v\u00a0dob\u011b, kdy byl \u0159editelem DGSE) a\u00a0\u201csv\u00e9voln\u00e9ho ohro\u017eov\u00e1n\u00ed osobn\u00ed svobody ze strany osoby disponuj\u00edc\u00ed st\u00e1tn\u00ed moc\u00ed\u201d proti Alainu Dum\u00e9nilovi, francouzsko-\u0161v\u00fdcarsk\u00e9mu podnikateli, kter\u00fd v\u00a0roce 2016 obvinil zpravodajskou slu\u017ebu z\u00a0pou\u017eit\u00ed n\u00e1tlaku p\u0159i\u00a0po\u017eadov\u00e1n\u00ed pen\u011bz.<\/p>\n<p>\u201cNeuv\u011b\u0159iteln\u00e1 situace, p\u0159i\u00a0n\u00ed\u017e bylo promrh\u00e1no n\u011bkolik des\u00edtek milion\u016f z\u00a0tajn\u00e9ho fondu DGSE. Tento posledn\u00ed neslavn\u00fd po\u010din je sou\u010d\u00e1st\u00ed dlouh\u00e9ho seznamu hloupost\u00ed, kter\u00e9 po\u0161pinily francouzskou zahrani\u010dn\u00ed rozv\u011bdku. Jsme daleko od hrdinsk\u00e9ho obrazu, kter\u00fd zobrazuje slavn\u00fd seri\u00e1l The Legend Bureau, kde DGSE chr\u00e1n\u00ed Francii p\u0159ed teroristickou hrozbou a\u00a0ekonomickou \u0161pion\u00e1\u017e\u00ed ze strany jin\u00fdch velmoc\u00ed\u201d, komentoval tento skand\u00e1l zn\u00e1m\u00fd francouzsk\u00fd publicista a\u00a0spisovatel Thomas Dietrich.<\/p>\n<p>Zaj\u00edmav\u00e9 je, \u017ee obvin\u011bn\u00ed proti Bajoletovi vznesl jeho n\u00e1stupce Bernard \u00c9mi\u00e9, kter\u00fd se projevil jako zdatn\u00fd intrik\u00e1n, ale mizern\u00fd rozv\u011bd\u010d\u00edk.<\/p>\n<p>V Elysejsk\u00e9m pal\u00e1ci byl kritizov\u00e1n za to, \u017ee v\u00a0srpnu nep\u0159edv\u00eddal st\u00e1tn\u00ed p\u0159evrat v\u00a0Nigeru, kter\u00fd byl d\u016fvodem sta\u017een\u00ed francouzsk\u00fdch vojsk ze Sahelu, stejn\u011b jako p\u0159edchoz\u00ed p\u0159evrat v\u00a0Mali. DGSE tak\u00e9, stejn\u011b jako cel\u00fd st\u00e1tn\u00ed apar\u00e1t, nep\u0159edpokl\u00e1dal ruskou invazi na Ukrajinu v\u00a0\u00fanoru 2022\u2026 Nebo ukon\u010den\u00ed smlouvy na dod\u00e1vku australsk\u00fdch ponorek v\u00a0z\u00e1\u0159\u00ed 2021. Slab\u00e1 pr\u00e1ce francouzsk\u00e9 rozv\u011bdky v\u00a0P\u00e1smu Gazy tak\u00e9 nehr\u00e1la v\u00a0jej\u00ed prosp\u011bch\u201d, p\u00ed\u0161e l\u2019Opinion.<\/p>\n<p>Co je za\u010d Nicolas Lerner, lze soudit podle vskutku anekdotick\u00e9ho p\u0159\u00edb\u011bhu vypr\u00e1v\u011bn\u00e9ho \u010dasopisem Challenges, kter\u00fd ne bez humoru hovo\u0159il o\u00a0velkolep\u00e9m ve\u010d\u00edrku, uspo\u0159\u00e1dan\u00e9m 20.\u00a0\u0159\u00edjna 2022 v\u00a0divadle Sablon na pa\u0159\u00ed\u017esk\u00e9m p\u0159edm\u011bst\u00ed Neueye Bernardem \u00c9mi\u00e9 a\u00a0Nicolasem Lernerem.<\/p>\n<p>\u201cB\u011bhem t\u00e9to akce podnikli dva na\u0161i vedouc\u00ed \u0161pion\u00e1\u017en\u00ed s\u00edt\u011b neobvykl\u00e9 cvi\u010den\u00ed na samochv\u00e1lu a\u00a0bezmeznou d\u016fv\u011bru. Bernard \u00c9mi\u00e9 tedy prohl\u00e1sil: \u201cM\u00e1me jednu z\u00a0nejlep\u0161\u00edch v\u00fdzv\u011bdn\u00fdch slu\u017eeb na sv\u011bt\u011b, jsme v\u00a0ka\u017ed\u00e9m p\u0159\u00edpad\u011b v\u00a0trojici l\u00eddr\u016f, poj\u010fme, p\u0159esta\u0148me se c\u00edtit provinile. Da\u0148ov\u00ed poplatn\u00edci, bu\u010fte si jisti, \u017ee s\u00a0na\u0161imi rozpo\u010dty z\u00edsk\u00e1te velmi dobrou n\u00e1vratnost investic\u201d\u201d, p\u00ed\u0161e publikace a\u00a0dod\u00e1v\u00e1, \u017ee divadlo bylo pln\u00e9 toho nejpochybn\u011bj\u0161\u00edho publika, co\u017e neskr\u00fdvali ani samotn\u00ed organiz\u00e1to\u0159i tohoto podivn\u00e9ho ve\u010d\u00edrku, kte\u0159\u00ed neust\u00e1le vtipkovali, \u017ee s\u00e1l je pln\u00fd \u0161pi\u00f3n\u016f.<\/p>\n<p>Vypad\u00e1 to, \u017ee stejn\u00fd bonviv\u00e1n nahradil jin\u00e9ho \u201csebev\u011bdom\u00e9ho smola\u0159e\u201d.<\/p>\n<p>T\u00fdden p\u0159ed propu\u0161t\u011bn\u00edm Bernarda \u00c9mi\u00e9 byli v\u00a0Burkin\u011b Faso zat\u010deni \u010dty\u0159i agenti DGSE, kte\u0159\u00ed p\u0159icestovali do republiky s\u00a0diplomatick\u00fdmi pasy. To vedlo k\u00a0nal\u00e9hav\u00e9mu odchodu ze zem\u011b des\u00edtek jejich zpravodajsk\u00fdch koleg\u016f, uv\u00e1d\u00ed Jeune Afrique. P\u0159itom, jak tvrd\u00ed \u00fa\u0159ady v\u00a0Burkin\u011b Faso, maj\u00ed d\u016fkazy o\u00a0\u0161pion\u00e1\u017ei ze strany Francouz\u016f. Zadr\u017een\u00ed jsou ve vazebn\u00ed cele, je jim poskytov\u00e1na konzul\u00e1rn\u00ed pomoc.<\/p>\n<p>Je p\u0159\u00edzna\u010dn\u00e9, \u017ee den po\u00a0propu\u0161t\u011bn\u00ed Bernarda \u00c9mi\u00e9 informovala \u00e1zerb\u00e1jd\u017e\u00e1nsk\u00e1 a\u00a0tureck\u00e1 m\u00e9dia o\u00a0odhalen\u00ed \u0161pion\u00e1\u017en\u00ed s\u00edt\u011b DGSE, kter\u00e1 \u201cbyla zapojena do r\u016fzn\u00fdch operac\u00ed na Ukrajin\u011b, Moldavsku, Gruzii, \u00c1zerb\u00e1jd\u017e\u00e1nu, \u0159ad\u011b zem\u00ed v\u00fdchodn\u00ed Evropy, Bl\u00edzk\u00e9ho v\u00fdchodu a\u00a0St\u0159edn\u00ed Asie\u201d.<\/p>\n<p>\u201cNa \u00fazem\u00ed \u00c1zerb\u00e1jd\u017e\u00e1nu se do zorn\u00e9ho pole dostala rezidentura p\u016fsob\u00edc\u00ed uvnit\u0159 francouzsk\u00e9ho velvyslanectv\u00ed, kter\u00e1 velmi sebejist\u011b a\u00a0klidn\u011b prov\u00e1d\u011bla zpravodajsk\u00e9 akce proti p\u0159edstavitel\u016fm zem\u00ed zn\u00e1m\u00fdch jako \u201cpartne\u0159i\u201d Francie. Vedle toho se rezidentura s\u00a0vyu\u017eit\u00edm \u0161irok\u00fdch vazeb zab\u00fdvala aktivn\u00ed \u010dinnost\u00ed v\u00a0zem\u00edch regionu, formovala nov\u00e9 \u00fakoly a\u00a0roz\u0161i\u0159ovala sf\u00e9ru vlivu\u201d, p\u00ed\u0161e tureck\u00fd den\u00edk Yeni Safak.<\/p>\n<p>Francouzskou rozv\u011bdku vydal \u00e1zerb\u00e1jd\u017e\u00e1nsk\u00e9 kontrarozv\u011bdce agent DGSE, francouzsk\u00fd ob\u010dan, kter\u00fd v\u00a0regionu dlouhodob\u011b p\u016fsobil. Poskytnul tak\u00e9 \u00e1zerb\u00e1jd\u017e\u00e1nsk\u00fdm tajn\u00fdm slu\u017eb\u00e1m \u201cd\u016fkazy a\u00a0dokumenty t\u00fdkaj\u00edc\u00ed se aktivit francouzsk\u00e9 rezidentury v\u00a0oblasti Ji\u017en\u00edho Kavkazu, Bl\u00edzk\u00e9ho v\u00fdchodu, Ukrajiny a\u00a0Moldavska\u201d.<\/p>\n<p>\u201cFrancouzsk\u00e9 tajn\u00e9 slu\u017eby utrp\u011bly v\u00a0\u00c1zerb\u00e1jd\u017e\u00e1nu nejv\u011bt\u0161\u00ed ne\u00fasp\u011bch ve sv\u00e9 historii za posledn\u00edch 50 let. Ofici\u00e1ln\u00ed Pa\u0159\u00ed\u017e, kter\u00e1 na sv\u00e9m velvyslanectv\u00ed v\u00a0Baku vytvo\u0159ila \u0161pion\u00e1\u017en\u00ed s\u00ed\u0165, t\u00edm hrub\u011b poru\u0161ila podm\u00ednky V\u00edde\u0148sk\u00e9 \u00famluvy o\u00a0\u010dinnosti diplomatick\u00fdch zastoupen\u00ed a\u00a0velvyslanectv\u00ed a\u00a0tak\u00e9 po\u017eadavky mezin\u00e1rodn\u00edho pr\u00e1va.<\/p>\n<p>Krom\u011b toho Francie s\u00a0vyu\u017eit\u00edm sv\u00fdch zastoupen\u00ed v\u00a0mezin\u00e1rodn\u00edch struktur\u00e1ch zasahovala do vnit\u0159n\u00edch z\u00e1le\u017eitost\u00ed \u0159ady st\u00e1t\u016f, prov\u00e1d\u011bla provokativn\u00ed pl\u00e1ny. Pa\u0159\u00ed\u017e se t\u00edm nyn\u00ed zab\u00fdv\u00e1, ale rezidentura Francie v\u00a0\u00c1zerb\u00e1jd\u017e\u00e1nu utrp\u011bla drtivou r\u00e1nu\u201d, p\u00ed\u0161e port\u00e1l Day.Az.<\/p>\n<p>\u201cV\u00a0souvislosti s\u00a0trestn\u00edm p\u0159\u00edpadem, veden\u00fdm tajn\u00fdmi slu\u017ebami \u00c1zerb\u00e1jd\u017e\u00e1nu, byla zat\u010dena \u0159ada osob, kter\u00e9 prov\u00e1d\u011bly zpravodajsk\u00e9 aktivity v\u016f\u010di Ukrajin\u011b, Gruzii a\u00a0\u00c1zerb\u00e1jd\u017e\u00e1nu a\u00a0byly zat\u010deny des\u00edtky francouzsk\u00fdch agent\u016f\u201d, uv\u00e1d\u00ed list Bakinsk\u00fd d\u011bln\u00edk, kter\u00fd vyj\u00e1d\u0159il rozho\u0159\u010den\u00ed nad t\u00edm, \u017ee \u201crezidentura francouzsk\u00e9ho velvyslanectv\u00ed velmi sebejist\u011b a\u00a0klidn\u011b prov\u00e1d\u011bla zpravodajsk\u00e9 akce proti p\u0159edstavitel\u016fm zem\u00ed zn\u00e1m\u00fdch jako partne\u0159i Francie.<\/p>\n<p>Co je p\u0159\u00ed\u010dinou tak rozs\u00e1hl\u00e9ho selh\u00e1n\u00ed kdysi siln\u00e9 zpravodajsk\u00e9 slu\u017eby, jako je DGSE?<\/p>\n<p>Francouzsk\u00e1 m\u00e9dia jedn\u00edm hlasem hovo\u0159\u00ed o\u00a0sv\u00edzeln\u00e9 finan\u010dn\u00ed situaci francouzsk\u00fdch rozv\u011bd\u010d\u00edk\u016f, kte\u0159\u00ed jsou nuceni se pustit do v\u0161eho mo\u017en\u00e9ho, \u201caby se u\u017eivili\u201d.<\/p>\n<p><a href=\"https:\/\/stranapro.cz\/\"><img decoding=\"async\" loading=\"lazy\" class=\"alignnone  wp-image-40285 aligncenter\" src=\"http:\/\/www.infokuryr.cz\/n\/wp-content\/uploads\/2023\/11\/11pro-300x79.png\" alt=\"\" width=\"600\" height=\"158\" srcset=\"https:\/\/www.infokuryr.cz\/n\/wp-content\/uploads\/2023\/11\/11pro-300x79.png 300w, https:\/\/www.infokuryr.cz\/n\/wp-content\/uploads\/2023\/11\/11pro.png 363w\" sizes=\"(max-width: 600px) 100vw, 600px\" \/><\/a><\/p>\n<p>V \u0159\u00edjnu byl b\u00fdval\u00fd d\u016fstojn\u00edk DGSE Jean-Fran\u00e7ois Lhuillier zat\u010den za vyzrazen\u00ed vojensk\u00e9ho tajemstv\u00ed. V\u00a0\u010dervnu Lhuillier vydal ve Francii knihu \u201cMu\u017e z\u00a0Tripolisu\u201d, ve kter\u00e9 hovo\u0159il o\u00a0sv\u00e9 pr\u00e1ci v\u00a0Libyi v\u00a0letech 2009 a\u017e 2012, a\u017e do svr\u017een\u00ed v\u016fdce t\u00e9to zem\u011b Muammara Kadd\u00e1f\u00edho. V\u00a0rozhovoru pro den\u00edk Jeune Afrique u\u00a0p\u0159\u00edle\u017eitosti vyd\u00e1n\u00ed knihy Lhuillier ozn\u00e1mil, \u017ee v\u00a0Tripolisu, kde se zab\u00fdval udr\u017eov\u00e1n\u00edm \u201cu\u017eite\u010dn\u00fdch kontakt\u016f\u201d, byli informov\u00e1ni o\u00a0jeho pr\u00e1ci pro zahrani\u010dn\u00ed rozv\u011bdku a\u00a0prost\u0159ednictv\u00edm n\u011bj ob\u010das p\u0159ed\u00e1vali r\u016fzn\u00e9 zpr\u00e1vy do Pa\u0159\u00ed\u017ee s\u00a0obej\u00edt\u00edm velvyslanectv\u00ed. 15.\u00a0z\u00e1\u0159\u00ed byl zadr\u017een dal\u0161\u00ed b\u00fdval\u00fd rozv\u011bd\u010d\u00edk DGSE. Stejn\u011b jako Lhuillier vydal memo\u00e1ry pod titulkem \u201c\u0160pion, 44 let v\u00a0DGSE\u201d pod pseudonymem Richard Volange. Konkr\u00e9tn\u011b mluvil o\u00a0sv\u00e9 pr\u00e1ci v\u00a0Africe a\u00a0o\u00a0tom, jak sledoval a\u017e do D\u017eibuti francouzsk\u00e9ho islamistu Petera Cherifa, kter\u00fd se v\u00a0roce 2015 v\u00a0Pa\u0159\u00ed\u017ei d\u016fv\u011brn\u011b znal s\u00a0bratry Kouachiov\u00fdmi, kte\u0159\u00ed za\u00fato\u010dili na redakci t\u00fdden\u00edku Charlie Hebdo. V\u00a0roce 2018 tam byl Cherif zat\u010den a\u00a0p\u0159evezen do Francie.<\/p>\n<p>\u201cDGSE ukon\u010dila zvyk t\u00e9m\u011b\u0159 v\u0161ech b\u00fdval\u00fdch \u0161pi\u00f3n\u016f mluvit o\u00a0sv\u00e9 minul\u00e9 \u010dinnosti, aby p\u0159e\u017eili\u201d, \u0159ekl agentu\u0159e AFP pr\u00e1vn\u00edk 15.\u00a0z\u00e1\u0159\u00ed zadr\u017een\u00e9ho rozv\u011bd\u010d\u00edka Emmanuel Ludot.<\/p>\n<p>A to na pozad\u00ed bujar\u00e9ho rozpo\u010dtov\u00e9ho vychloub\u00e1n\u00ed ze strany veden\u00ed francouzsk\u00fdch tajn\u00fdch slu\u017eeb!<\/p>\n<p>Do nebe volaj\u00edc\u00ed neprofesionalita francouzsk\u00fdch \u0161pion\u016f byla mo\u017en\u00e1 hlavn\u00ed p\u0159\u00ed\u010dinou jejich selh\u00e1n\u00ed. V\u00a0roce 2018 francouzsk\u00e1 televizn\u00ed stanice BMFTV uvedla, \u017ee \u201cagenty DGSE je snadn\u00e9 odhalit a\u00a0identifikovat d\u00edky tomu, \u017ee pou\u017e\u00edvaj\u00ed bezplatnou mobiln\u00ed aplikaci pro b\u011bh nazvanou Strava, kter\u00e1 odhaluje jejich p\u0159em\u00eds\u0165ov\u00e1n\u00ed a\u00a0identity\u201d.<\/p>\n<p>Proveden\u00edm anal\u00fdzy sportovn\u00edch v\u00fdsledk\u016f se na z\u00e1klad\u011b u\u017eivatelsk\u00fdch \u00fa\u010dt\u016f poda\u0159ilo odhalit mnoho agent\u016f DGSE, kte\u0159\u00ed si b\u011bhem poledn\u00ed p\u0159est\u00e1vky \u0161li zab\u011bhat. Podle t\u00fdden\u00edku Le Canard Encha\u00een\u00e9 lze pomoc\u00ed t\u00e9to aplikace sledovat b\u011bhy agent\u016f DGSE kolem la Piscine \u2013 s\u00eddla DGSE na bulv\u00e1ru Mortier ve 20.\u00a0pa\u0159\u00ed\u017esk\u00e9m obvodu.<\/p>\n<p>\u201cPou\u017eit\u00ed aplikace Strava agenty DGSE umo\u017enilo u\u00a0jednoho z\u00a0nich zjistit m\u00edsto pobytu, kdy\u017e se skr\u00fdval v\u00a0Ir\u00e1ku. Jin\u00ed byli spat\u0159eni pobl\u00ed\u017e jedn\u00e9 z\u00a0nejd\u016fle\u017eit\u011bj\u0161\u00edch odposlechov\u00fdch stanic ve Francii a\u00a0pobl\u00ed\u017e dal\u0161\u00ed odposlechov\u00e9 stanice v\u00a0Africe. Novin\u00e1\u0159i tak\u00e9 mohli zjistit p\u0159esnou polohu tajn\u00e9 francouzsk\u00e9 zahrani\u010dn\u00ed vojensk\u00e9 z\u00e1kladny\u201d.<\/p>\n<p>Francouzsk\u00fd t\u00fdden\u00edk Le Point upozornil na z\u00e1hadn\u00fd po\u017e\u00e1r v\u00a0pa\u0159\u00ed\u017esk\u00e9 centr\u00e1le DGSE v\u00a0roce 2016, kdy zcela sho\u0159ela v\u00a0noci z\u00a028.\u00a0na 29.\u00a0\u00fanora takzvan\u00e1 \u201c\u0161pion\u00e1\u017en\u00ed v\u011b\u017e\u201d (La tour des espions). \u201cBudova byla zcela evakuov\u00e1na a\u00a0informace okam\u017eit\u011b dostala zna\u010dku \u201cVojensk\u00e9 tajemstv\u00ed\u201d\u2026 Nebylo mo\u017en\u00e9 zjistit, zda byla katastrofa n\u00e1hodn\u00e1 nebo ne. Tak\u00e9 se nepoda\u0159ilo zjistit v\u00fd\u0161i \u0161kody zp\u016fsoben\u00e9 plameny\u201d.<\/p>\n<p>Shodou okolnost\u00ed pr\u00e1v\u011b v\u00a0t\u00e9to dob\u011b tehdej\u0161\u00ed \u0161\u00e9f DGSE Bernard Bajolet vym\u00e1hal na podnikateli Alainu Dum\u00e9nilovi pen\u00edze, aby skryl zmizen\u00ed \u201cdes\u00edtek milion\u016f z\u00a0tajn\u00fdch fond\u016f DGSE\u201d.<\/p>\n<p>D\u00edky naprost\u00e9mu \u0161lendri\u00e1nstv\u00ed pracovn\u00edk\u016f DGSE se v\u00a0roce 2012 objevily tajn\u00e9 pl\u00e1ny \u00fast\u0159ed\u00ed DGSE ve ve\u0159ejn\u00e9m prostoru.<\/p>\n<p>V srpnu 2012 byly z\u00a0auta na n\u00e1dra\u017e\u00ed v\u00a0Lyonu ukradeny a\u00a0na internetu rozm\u00edst\u011bny pl\u00e1ny Elysejsk\u00e9ho pal\u00e1ce, ministerstva vnitra, s\u00eddla pa\u0159\u00ed\u017esk\u00e9 policie a\u00a09000 ve\u0159ejn\u00fdch a\u00a0soukrom\u00fdch budov. Dokumenty byly ulo\u017eeny na USB disku a\u00a0ne\u0161ifrovan\u00fdch pevn\u00fdch disc\u00edch. List Le Canard Encha\u00een\u00e9 uvedl, \u017ee b\u011bhem n\u011bkolika m\u011bs\u00edc\u016f si kdokoli mohl st\u00e1hnout na webu ve\u0159ejn\u00fdch zak\u00e1zek n\u011bkolik podrobn\u00fdch pl\u00e1n\u016f jedn\u00e9 z\u00a0budov kas\u00e1ren Turel na bulv\u00e1ru Mortier, kde se nach\u00e1z\u00ed velitelstv\u00ed DGSE a\u00a0zejm\u00e9na \u00fadaje o\u00a0syst\u00e9mu \u201canti-invaze\u201d.<\/p>\n<p>V r\u00e1mci v\u00fdb\u011brov\u00e9ho \u0159\u00edzen\u00ed na instalaci kop\u00edrek a\u00a0skartova\u010dek spole\u010dnost DGSE ve skute\u010dnosti zve\u0159ejnila na internetu podrobn\u00e9 specifikace prac\u00ed, kter\u00e9 budou provedeny, a\u00a0p\u0159\u00edslu\u0161n\u00e9 pl\u00e1ny, a\u00a0to a\u017e do bodu, \u017ee bylo uvedeno, \u017ee \u201cv\u00a0r\u00e1mci harmonizace instalovan\u00e9ho za\u0159\u00edzen\u00ed a\u00a0p\u00e9\u010de o\u00a0zjednodu\u0161en\u00ed slu\u017eeb budou po\u017eadov\u00e1ny zna\u010dky produkt\u016f\u201d.<\/p>\n<p>\u201cT\u00edmto zp\u016fsobem jsme se dozv\u011bd\u011bli, \u017ee\u201d spojen\u00ed kontakt\u016f jednotliv\u00fdch vstupn\u00edch dve\u0159\u00ed bude provedeno prost\u0159ednictv\u00edm samochr\u00e1n\u011bn\u00e9 krabi\u010dky \u2026 zna\u010dky BECUVE a\u00a0typu IM1640 PAG nebo ekvivalentn\u00ed\u201d, \u017ee \u201cmagnetick\u00fd kontakt otev\u00edr\u00e1n\u00ed standardn\u00edch dve\u0159\u00ed\u201d bude zna\u010dky BECUVE a\u00a0typu IM9700 nebo ekvivalentn\u00ed\u201d, \u017ee line\u00e1rn\u00ed infra\u010derven\u00e9 detektory budou \u201cmodel ARITEC EV475AM nebo ekvivalentn\u00ed\u201d nebo, pokud se t\u00fdkaj\u00ed \u201cbiline\u00e1rn\u00ed technologie, se zrcadly a\u00a0mikrovlnami, s\u00a0funkc\u00ed proti maskov\u00e1n\u00ed, to bude model zna\u010dky ARITECH DD478AMC-F\u2026\u201d<\/p>\n<p>V dal\u0161\u00ed st\u00e1tn\u00ed smlouv\u011b, kter\u00e1 tak\u00e9 vych\u00e1zela z\u00a0DGSE a\u00a0t\u00fdkala se \u201cZ\u00edsk\u00e1n\u00ed za\u0159\u00edzen\u00ed na ochranu proti vniknut\u00ed a\u00a0doprovodn\u00e9ho vybaven\u00ed\u201d, bylo uvedeno asi 250 komponent pou\u017e\u00edvan\u00fdch k\u00a0\u201cudr\u017eov\u00e1n\u00ed v\u00a0provozu instalac\u00ed ur\u010den\u00fdch k\u00a0pozorov\u00e1n\u00ed v\u00a0administrativn\u00edch objektech\u201d, jmenovit\u011b \u201cchr\u00e1n\u00edc\u00ed proti vandal\u016fm\u201d kopulov\u00e9 komory (modely Panasonic WV-CW500S\/G, WV-CW504SE a\u00a0WV-CW504SE), signaliza\u010dn\u00ed centrum GD-520 od Honeywell, 17palcov\u00fd notebook pod Windows 7 \u201cvybaven\u00fd \u010dte\u010dkou\/zapisova\u010dem CD\/DVD\u201d, pevn\u00fdm diskem a\u201d kompatibiln\u00edm s\u00a0Windows\u201d (tak je v\u00a0origin\u00e1le) USB kl\u00ed\u010dem\u2026\u201d<\/p>\n<p>Do o\u010d\u00ed bij\u00edc\u00ed neprofesionalita pracovn\u00edk\u016f, pochybn\u00e9 machinace veden\u00ed DGSE a\u00a0zanedb\u00e1n\u00ed element\u00e1rn\u00edch opat\u0159en\u00ed na ochranu utajovan\u00fdch informac\u00ed zp\u016fsobily rezonan\u010dn\u00ed selh\u00e1n\u00ed DGSE, o\u00a0\u010dem\u017e se znepokojen\u00edm napsali ve sv\u00e9 knize \u201cKam se pod\u011bli na\u0161i \u0161pioni? \u201d francouz\u0161t\u00ed novin\u00e1\u0159i Eric Pelletier a\u00a0Christophe Dubois. V\u00a0koment\u00e1\u0159i k\u00a0t\u00e9to knize b\u00fdval\u00fd \u0161\u00e9f DGSE Alain Chouet v\u00a0rozhovoru pro Le Parisien smutn\u011b p\u0159iznal: \u201cSt\u00e1le \u017eijeme ve Francii podle logiky galsk\u00fdch kmen\u016f\u201d, a\u00a0odk\u00e1zal se na absenci kompetentn\u00ed organizace pro sou\u010dinnost tajn\u00fdch slu\u017eeb P\u00e1t\u00e9 republiky, ale delik\u00e1tn\u011b poml\u010del o\u00a0skute\u010dnostech neprofesion\u00e1ln\u00edho chov\u00e1n\u00ed a\u00a0dal\u0161\u00edch kostlivc\u00edch ve sk\u0159\u00edni kdysi impozantn\u00ed francouzsk\u00e9 zahrani\u010dn\u00ed rozv\u011bdky.<\/p>\n<p>Nemluvil ani o\u00a0monstr\u00f3zn\u00edch zlo\u010dinech DGSE, \u201cnejbrut\u00e1ln\u011bj\u0161\u00ed rozv\u011bdky na sv\u011bt\u011b\u201d. O\u00a0tom se dozv\u00edte v\u00a0n\u00e1sleduj\u00edc\u00edm \u010dl\u00e1nku.<\/p>\n<p><em>Vladim\u00edr Prochvatilov<\/em><\/p>\n<p><em>Vy\u0161lo na\u00a0 Nov\u00e1 republika vybrala a p\u0159elo\u017eila PhDr. Vladim\u00edra Grulchov\u00e1<\/em><\/p>\n<p><a href=\"https:\/\/fondsk.ru\/news\/2023\/12\/27\/makron-uvolil-glavu-francuzskoy-razvedki-za-afrikanskiy-proval.html\"><em>fondsk<\/em><\/a><\/p>\n","protected":false},"excerpt":{"rendered":"<p>Je st\u00e1le t\u011b\u017e\u0161\u00ed a t\u011b\u017e\u0161\u00ed skr\u00fdt to, co je z\u0159ejm\u00e9 20. prosince francouzsk\u00fd prezident EmmanuVytvo\u0159it&#8230;<\/p>\n","protected":false},"author":2,"featured_media":1158,"comment_status":"closed","ping_status":"closed","sticky":false,"template":"","format":"standard","meta":[],"categories":[7],"tags":[130,307,1104],"_links":{"self":[{"href":"https:\/\/www.infokuryr.cz\/n\/wp-json\/wp\/v2\/posts\/43771"}],"collection":[{"href":"https:\/\/www.infokuryr.cz\/n\/wp-json\/wp\/v2\/posts"}],"about":[{"href":"https:\/\/www.infokuryr.cz\/n\/wp-json\/wp\/v2\/types\/post"}],"author":[{"embeddable":true,"href":"https:\/\/www.infokuryr.cz\/n\/wp-json\/wp\/v2\/users\/2"}],"replies":[{"embeddable":true,"href":"https:\/\/www.infokuryr.cz\/n\/wp-json\/wp\/v2\/comments?post=43771"}],"version-history":[{"count":0,"href":"https:\/\/www.infokuryr.cz\/n\/wp-json\/wp\/v2\/posts\/43771\/revisions"}],"wp:featuredmedia":[{"embeddable":true,"href":"https:\/\/www.infokuryr.cz\/n\/wp-json\/wp\/v2\/media\/1158"}],"wp:attachment":[{"href":"https:\/\/www.infokuryr.cz\/n\/wp-json\/wp\/v2\/media?parent=43771"}],"wp:term":[{"taxonomy":"category","embeddable":true,"href":"https:\/\/www.infokuryr.cz\/n\/wp-json\/wp\/v2\/categories?post=43771"},{"taxonomy":"post_tag","embeddable":true,"href":"https:\/\/www.infokuryr.cz\/n\/wp-json\/wp\/v2\/tags?post=43771"}],"curies":[{"name":"wp","href":"https:\/\/api.w.org\/{rel}","templated":true}]}}