{"id":4376,"date":"2021-08-28T06:41:09","date_gmt":"2021-08-28T04:41:09","guid":{"rendered":"http:\/\/www.infokuryr.cz\/n\/?p=4376"},"modified":"2021-08-28T06:41:09","modified_gmt":"2021-08-28T04:41:09","slug":"pribeh-byvaleho-prislusnika-specialnich-jednotek-milana-sillera","status":"publish","type":"post","link":"https:\/\/www.infokuryr.cz\/n\/2021\/08\/28\/pribeh-byvaleho-prislusnika-specialnich-jednotek-milana-sillera\/","title":{"rendered":"P\u0159\u00edb\u011bh b\u00fdval\u00e9ho p\u0159\u00edslu\u0161n\u00edka speci\u00e1ln\u00edch jednotek Milana \u0160illera"},"content":{"rendered":"<div id=\"fb-root\"><\/div>\n<p>\u201eArm\u00e1da je velmi uzav\u0159en\u00e9 prost\u0159ed\u00ed, ta \u010desk\u00e1 ur\u010dit\u011b,\u201c \u0159\u00edk\u00e1 b\u00fdval\u00fd p\u0159\u00edslu\u0161n\u00edk speci\u00e1ln\u00edch jednotek Milan \u0160iler. Pr\u00e1ce v elitn\u00edch \u00fatvarech arm\u00e1dy pro n\u011bj byla spln\u011bn\u00fdm klukovsk\u00fdm snem a p\u0159\u00edle\u017eitost\u00ed d\u011blat n\u011bco pro svou zemi, chr\u00e1nit ji a bojovat za bezpe\u010dnost jej\u00edch obyvatel. Od mali\u010dka se pohyboval v prost\u0159ed\u00ed arm\u00e1dy a elitn\u00edch jednotek, bav\u00ed ho st\u0159elba, bojov\u00e9 taktiky a strategie, p\u016fsobil jako instruktor v\u00fdcviku speci\u00e1ln\u00edch jednotek. Krom\u011b arm\u00e1dy p\u016fsobil n\u011bkolik let tak\u00e9 u policie. Je hrd\u00fdm ob\u010danem \u010cesk\u00e9 republiky a otcem dvou mal\u00fdch d\u011bt\u00ed.<\/p>\n<p>Se \u0161ikanou se poprv\u00e9 setkal jako voj\u00e1k z\u00e1kladn\u00ed slu\u017eby. \u201eTrouf\u00e1m si \u0159\u00edct, \u017ee tehdy byla \u0161ikana ve 100 % arm\u00e1dy,\u201c \u0159\u00edk\u00e1. \u0160ikanov\u00e1n\u00ed si nenechal l\u00edbit a i kdy\u017e to pro n\u011bj m\u011blo nep\u0159\u00edjemn\u00e9 d\u016fsledky, neodradilo ho to od jeho snu dostat se jako voj\u00e1k do speci\u00e1ln\u00edch jednotek. Sen se mu splnil, nastoupil do \u00fatvaru SOG, kter\u00fd byl brzy rozpu\u0161t\u011bn, a po \u010dase se za\u010dalo ukazovat, \u017ee ani elitn\u00ed jednotky arm\u00e1dy nejsou z\u00e1rukou f\u00e9rov\u00e9ho p\u0159\u00edstupu. Milan \u0160iler za\u017eil zach\u00e1zen\u00ed a tlak, o kter\u00e9m se v\u011bt\u0161in\u011b civilist\u016f pravd\u011bpodobn\u011b nezd\u00e1 ani v hodn\u011b \u0161patn\u00fdch snech.<\/p>\n<p>Kdy\u017e se \u0161ikana za\u010dala podepisovat na jeho zdrav\u00ed, rozhodl se nenechat to b\u00fdt. Postupn\u011b podal hl\u00e1\u0161en\u00ed sv\u00e9mu veliteli, n\u00e1\u010deln\u00edkovi Vojensk\u00e9 policie, inspekci ministra obrany i samotn\u00e9mu ministrovi. Spravedlnosti se nedovolal a nakonec musel arm\u00e1du opustit, ani\u017e by se v jeho p\u0159\u00edpadu, k n\u011bmu\u017e m\u00e1 navzdory obt\u00ed\u017en\u00e9 prokazatelnosti \u0161ikany i dost posb\u00edran\u00fdch d\u016fkaz\u016f, cokoli vy\u0159e\u0161ilo. Nyn\u00ed se, u\u017e jako civilista, rozhodl sv\u016fj p\u0159\u00edb\u011bh zve\u0159ejnit. Vypr\u00e1v\u00ed ho v na\u0161em videorozvoru.<\/p>\n<div class=\"item-page\">\n<div class=\"f2c-introarticle\">\n<div class=\"f2c-introtext\"><a class=\"fancyboxgroup\" title=\"\" href=\"https:\/\/www.czechfreepress.cz\/images\/stories\/com_form2content\/p2\/f19126\/23.png\" rel=\"jagroupgroup\">\u00a0<\/a><\/div>\n<\/div>\n<div class=\"f2c-maintext\"><iframe loading=\"lazy\" src=\"https:\/\/player.vimeo.com\/video\/592845921?h=e9c3ba0f0a\" width=\"705\" height=\"390\" frameborder=\"0\" allowfullscreen=\"allowfullscreen\" data-mce-fragment=\"1\"><\/iframe><\/div>\n<\/div>\n<div id=\"module103\" class=\"module\">\n<h3 class=\"module-title\"><img decoding=\"async\" loading=\"lazy\" class=\"alignnone size-medium wp-image-4377\" src=\"http:\/\/www.infokuryr.cz\/n\/wp-content\/uploads\/2021\/08\/svedomi-naroda-300x300.png\" alt=\"\" width=\"300\" height=\"300\" srcset=\"https:\/\/www.infokuryr.cz\/n\/wp-content\/uploads\/2021\/08\/svedomi-naroda-300x300.png 300w, https:\/\/www.infokuryr.cz\/n\/wp-content\/uploads\/2021\/08\/svedomi-naroda-150x150.png 150w, https:\/\/www.infokuryr.cz\/n\/wp-content\/uploads\/2021\/08\/svedomi-naroda.png 768w\" sizes=\"(max-width: 300px) 100vw, 300px\" \/><\/h3>\n<p>&nbsp;<\/p>\n<\/div>\n","protected":false},"excerpt":{"rendered":"<p>\u201eArm\u00e1da je velmi uzav\u0159en\u00e9 prost\u0159ed\u00ed, ta \u010desk\u00e1 ur\u010dit\u011b,\u201c \u0159\u00edk\u00e1 b\u00fdval\u00fd p\u0159\u00edslu\u0161n\u00edk speci\u00e1ln\u00edch jednotek Milan \u0160iler&#8230;.<\/p>\n","protected":false},"author":2,"featured_media":3012,"comment_status":"closed","ping_status":"closed","sticky":false,"template":"","format":"standard","meta":[],"categories":[6],"tags":[80,1108],"_links":{"self":[{"href":"https:\/\/www.infokuryr.cz\/n\/wp-json\/wp\/v2\/posts\/4376"}],"collection":[{"href":"https:\/\/www.infokuryr.cz\/n\/wp-json\/wp\/v2\/posts"}],"about":[{"href":"https:\/\/www.infokuryr.cz\/n\/wp-json\/wp\/v2\/types\/post"}],"author":[{"embeddable":true,"href":"https:\/\/www.infokuryr.cz\/n\/wp-json\/wp\/v2\/users\/2"}],"replies":[{"embeddable":true,"href":"https:\/\/www.infokuryr.cz\/n\/wp-json\/wp\/v2\/comments?post=4376"}],"version-history":[{"count":0,"href":"https:\/\/www.infokuryr.cz\/n\/wp-json\/wp\/v2\/posts\/4376\/revisions"}],"wp:featuredmedia":[{"embeddable":true,"href":"https:\/\/www.infokuryr.cz\/n\/wp-json\/wp\/v2\/media\/3012"}],"wp:attachment":[{"href":"https:\/\/www.infokuryr.cz\/n\/wp-json\/wp\/v2\/media?parent=4376"}],"wp:term":[{"taxonomy":"category","embeddable":true,"href":"https:\/\/www.infokuryr.cz\/n\/wp-json\/wp\/v2\/categories?post=4376"},{"taxonomy":"post_tag","embeddable":true,"href":"https:\/\/www.infokuryr.cz\/n\/wp-json\/wp\/v2\/tags?post=4376"}],"curies":[{"name":"wp","href":"https:\/\/api.w.org\/{rel}","templated":true}]}}