{"id":4374,"date":"2021-08-28T06:37:06","date_gmt":"2021-08-28T04:37:06","guid":{"rendered":"http:\/\/www.infokuryr.cz\/n\/?p=4374"},"modified":"2021-08-28T06:37:06","modified_gmt":"2021-08-28T04:37:06","slug":"vyzva-stop-zavedeni-barnevernetu-v-ceske-republice-zakon-umoznujici-odebirani-deti-bez-soudniho-rozhodnuti-je-nutne-okamzite-zastavit","status":"publish","type":"post","link":"https:\/\/www.infokuryr.cz\/n\/2021\/08\/28\/vyzva-stop-zavedeni-barnevernetu-v-ceske-republice-zakon-umoznujici-odebirani-deti-bez-soudniho-rozhodnuti-je-nutne-okamzite-zastavit\/","title":{"rendered":"V\u00fdzva \u201eSTOP zaveden\u00ed Barnevernetu v \u010cesk\u00e9 republice! &#8211; Z\u00e1kon umo\u017e\u0148uj\u00edc\u00ed odeb\u00edr\u00e1n\u00ed d\u011bt\u00ed bez soudn\u00edho rozhodnut\u00ed je nutn\u00e9 okam\u017eit\u011b zastavit!\u201c"},"content":{"rendered":"<div id=\"fb-root\"><\/div>\n<p>9. z\u00e1\u0159\u00ed m\u00e1 Sen\u00e1t hlasovat o novele z\u00e1kona o soci\u00e1ln\u011b-pr\u00e1vn\u00ed ochran\u011b d\u011bt\u00ed \u010d. 359\/1999 Sb. Jedn\u00e1 se o novelu, kterou si prosadily \u00fa\u010delov\u011b vznikl\u00e9 \u201edoprov\u00e1zej\u00edc\u00ed neziskov\u00e9 organizace\u201c, kter\u00e9 cht\u011bj\u00ed nechutn\u00fdm zp\u016fsobem vyd\u011bl\u00e1vat na ne\u0161t\u011bst\u00ed mal\u00fdch d\u011bt\u00ed, po\u0161lapat nejen jejich pr\u00e1va, ale i pr\u00e1va rodi\u010d\u016f.<\/p>\n<p>Novela z\u00e1kona o soci\u00e1ln\u011b-pr\u00e1vn\u00ed ochran\u011b d\u011bt\u00ed \u010d. 359\/1999 Sb. d\u00e1v\u00e1 v \u00a727, ods. 10 soci\u00e1ln\u00edm pracovn\u00edk\u016fm OSPOD pravomoc p\u0159ed\u00e1vat d\u011bti bez \u0159\u00e1dn\u00e9 p\u00e9\u010de z rodin p\u0159\u00edmo p\u0159echodn\u00fdm p\u011bstoun\u016fm, a to bez rozhodnut\u00ed soudu! To je naprosto v rozporu s \u010dl\u00e1nkem 9 \u00damluvy o pr\u00e1vech d\u00edt\u011bte, podle kter\u00e9ho se nesm\u00ed odd\u011blit d\u00edt\u011b od rodi\u010d\u016f bez rozhodnut\u00ed soudu.<\/p>\n<h2><a href=\"https:\/\/tradicni-rodina.cz\/domaci\/zakon-umoznujici-neziskovym-organizacim-vydelavat-na-detech-je-nutne-okamzite-zastavit\/\">V\u00edce informac\u00ed ZDE<\/a><\/h2>\n<p>Novela z\u00e1kona d\u00e1v\u00e1 v \u00a727, ods. 10 soci\u00e1ln\u00edm pracovn\u00edk\u016fm OSPOD pravomoc p\u0159ed\u00e1vat d\u011bti bez \u0159\u00e1dn\u00e9 p\u00e9\u010de z rodin p\u0159\u00edmo p\u0159echodn\u00fdm p\u011bstoun\u016fm, a to bez rozhodnut\u00ed soudu! To je naprosto v rozporu s \u010dl\u00e1nkem 9 \u00damluvy o pr\u00e1vech d\u00edt\u011bte, podle kter\u00e9ho se nesm\u00ed odd\u011blit d\u00edt\u011b od rodi\u010d\u016f bez rozhodnut\u00ed soudu.<\/p>\n<p>Podepi\u0161te a \u0161i\u0159te pros\u00edm tuto v\u00fdzvu, jej\u00ed\u017e d\u016fsledky mohou b\u00fdt fat\u00e1ln\u00ed pro spoustu d\u011bt\u00ed a rodin! Je\u0161t\u011b je chvilku \u010das, a\u0165 se tato v\u00fdzva dostane v co nejvy\u0161\u0161\u00edm po\u010dtu k co nejv\u00edc sen\u00e1tor\u016fm!<\/p>\n<h2><a href=\"https:\/\/tradicni-rodina.cz\/kampane\/vyzva-stop-zavedeni-barnevernetu-v-ceske-republice-zakon-umoznujici-doprovazejicim-neziskovym-organizacim-poslapavat-zajmy-deti-a-vydelavat-na-nich-je-nutne-okamzite-zast\/\">V\u00fdzvu podepsat a zaslat ZDE:<\/a><\/h2>\n<p>Ivana Schneiderov\u00e1 a Zden\u011bk Chytra<\/p>\n<p>&#8212;&#8212;&#8212;&#8212;&#8212;&#8212;&#8212;&#8212;&#8212;&#8212;&#8212;&#8212;&#8212;&#8212;&#8212;&#8212;&#8212;&#8212;&#8212;&#8212;&#8212;&#8212;&#8212;&#8212;&#8212;&#8211;<\/p>\n<p>P.S.: T\u00e9ma ochrany d\u011bt\u00ed je jednou z nejvy\u0161\u0161\u00edch priorit, kterou si spolek Tradi\u010dn\u00ed rodina z.s. zadal jako hlavn\u00ed \u00fakol. Tato kampa\u0148 je obrovsky d\u016fle\u017eit\u00e1, bez Va\u0161\u00ed podpory bychom ji nemohli spustit. Pomozte n\u00e1m d\u00e1le rozv\u00edjet na\u0161e aktivity a podpo\u0159te na\u0161\u00ed pr\u00e1ci nap\u0159\u00edklad 10, 25, 50 K\u010d. Za V\u00e1\u0161 p\u0159\u00edsp\u011bvek srde\u010dn\u011b d\u011bkujeme, jen d\u00edky nim m\u016f\u017eeme fungovat a pracovat na dal\u0161\u00edch kampan\u00edch.<\/p>\n<p>Tradi\u010dn\u00ed rodina z.s.<br \/>\nI\u010cO: 07681046 \u2022 Doru\u010dovac\u00ed adresa<br \/>\nPavel\u010d\u00e1kova 17 \u2022 779 00 Olomouc<\/p>\n<p>kontaktn\u00ed e-mail spolku:<br \/>\n<span id=\"cloak15211\"><a href=\"mailto:info@tradicni-rodina.cz\">info@tradicni-rodina.cz<\/a><\/span><\/p>\n<p>p\u0159edsedkyn\u011b: Ivana Schneiderov\u00e1:<br \/>\n<span id=\"cloak84525\"><a href=\"mailto:ivana.schneiderova@tradicni-rodina.cz\">ivana.schneiderova@tradicni-rodina.cz<\/a><\/span><\/p>\n<p>m\u00edstop\u0159edseda: Zden\u011bk Chytra:<br \/>\n<span id=\"cloak77844\"><a href=\"mailto:zdenek.chytra@tradicni-rodina.cz\">zdenek.chytra@tradicni-rodina.cz<\/a><\/span><\/p>\n<p>TRANSPARENTN\u00cd \u00da\u010cET<br \/>\n\u010c\u00edslo \u00fa\u010dtu: 2001550644 \/ 2010<br \/>\nIBAN: CZ2820100000002001550644<br \/>\nBIC\/SWIFT: FIOBCZPPXXX<\/p>\n<p>&nbsp;<\/p>\n","protected":false},"excerpt":{"rendered":"<p>9. z\u00e1\u0159\u00ed m\u00e1 Sen\u00e1t hlasovat o novele z\u00e1kona o soci\u00e1ln\u011b-pr\u00e1vn\u00ed ochran\u011b d\u011bt\u00ed \u010d. 359\/1999 Sb&#8230;.<\/p>\n","protected":false},"author":2,"featured_media":4375,"comment_status":"closed","ping_status":"closed","sticky":false,"template":"","format":"standard","meta":[],"categories":[6],"tags":[1107,205,164,609],"_links":{"self":[{"href":"https:\/\/www.infokuryr.cz\/n\/wp-json\/wp\/v2\/posts\/4374"}],"collection":[{"href":"https:\/\/www.infokuryr.cz\/n\/wp-json\/wp\/v2\/posts"}],"about":[{"href":"https:\/\/www.infokuryr.cz\/n\/wp-json\/wp\/v2\/types\/post"}],"author":[{"embeddable":true,"href":"https:\/\/www.infokuryr.cz\/n\/wp-json\/wp\/v2\/users\/2"}],"replies":[{"embeddable":true,"href":"https:\/\/www.infokuryr.cz\/n\/wp-json\/wp\/v2\/comments?post=4374"}],"version-history":[{"count":0,"href":"https:\/\/www.infokuryr.cz\/n\/wp-json\/wp\/v2\/posts\/4374\/revisions"}],"wp:featuredmedia":[{"embeddable":true,"href":"https:\/\/www.infokuryr.cz\/n\/wp-json\/wp\/v2\/media\/4375"}],"wp:attachment":[{"href":"https:\/\/www.infokuryr.cz\/n\/wp-json\/wp\/v2\/media?parent=4374"}],"wp:term":[{"taxonomy":"category","embeddable":true,"href":"https:\/\/www.infokuryr.cz\/n\/wp-json\/wp\/v2\/categories?post=4374"},{"taxonomy":"post_tag","embeddable":true,"href":"https:\/\/www.infokuryr.cz\/n\/wp-json\/wp\/v2\/tags?post=4374"}],"curies":[{"name":"wp","href":"https:\/\/api.w.org\/{rel}","templated":true}]}}