{"id":4372,"date":"2021-08-28T06:32:34","date_gmt":"2021-08-28T04:32:34","guid":{"rendered":"http:\/\/www.infokuryr.cz\/n\/?p=4372"},"modified":"2021-08-28T06:32:34","modified_gmt":"2021-08-28T04:32:34","slug":"a-voda-z-lesu-uz-netece","status":"publish","type":"post","link":"https:\/\/www.infokuryr.cz\/n\/2021\/08\/28\/a-voda-z-lesu-uz-netece\/","title":{"rendered":"A voda z les\u016f u\u017e nete\u010de&#8230;"},"content":{"rendered":"<div id=\"fb-root\"><\/div>\n<p>U\u017e jen posledn\u00edch n\u011bkolik pam\u011btn\u00edk\u016f uchov\u00e1v\u00e1 vzpom\u00ednku na to, jak vypadaly lesy minulosti.<br \/>\nByly pln\u00e9 mechu nas\u00e1kl\u00e9ho vodou, kapradin a vzrostl\u00fdch, mohutn\u00fdch strom\u016f.<\/p>\n<p>Les byl m\u00edstem, kde bylo velkou vz\u00e1cnost\u00ed, aby se slune\u010dn\u00ed paprsky prodraly a\u017e na zem. Formani, kte\u0159\u00ed odv\u00e1\u017eeli pok\u00e1cen\u00e9 d\u0159evo, museli n\u011bkolikr\u00e1t p\u0159ep\u0159ahat, aby se mezi hust\u011b rostouc\u00edmi stromy dok\u00e1zali oto\u010dit.<\/p>\n<p>P\u0159i vstupu do t\u011bchto les\u016f m\u011bl p\u0159\u00edchoz\u00ed pocit, jako by se n\u00e1hle ze\u0161e\u0159ilo. V bl\u00edzkosti se nach\u00e1zelo mnoho stud\u00e1nek a pramen\u016f z nich\u017e dnes u\u017e v\u011bt\u0161ina vyschla.<\/p>\n<p>Na\u0161i p\u0159edkov\u00e9 museli vykopat hustou s\u00ed\u0165 odvod\u0148ovac\u00edch p\u0159\u00edkop\u00fa, aby voda sta\u010dila odt\u00e9kat a les se neprom\u011bnil v ba\u017einu. Tehdy z nich vyt\u00e9kalo velk\u00e9 mno\u017estv\u00ed potok\u016f a pot\u016f\u010dk\u016f,ve kter\u00fdch bylo dost vody i v dob\u011b, kdy dlouho nepr\u0161elo.<\/p>\n<p>Stromy, krom\u011b toho \u017ee vodu zadr\u017euj\u00ed, maj\u00ed tak\u00e9 schopnost kondenzovat vzdu\u0161nou vlhkost na sv\u00fdch listech.<\/p>\n<p>Star\u00e9 listnat\u00e9 stromy, podle v\u00fdzkum\u016f rakousk\u00e9ho v\u011bdce a filosofa Viktora Schaubergera, kter\u00fd v les\u00edch str\u00e1vil velkou \u010d\u00e1st sv\u00e9ho \u017eivota, vodu nejen zadr\u017euj\u00ed a kondenzuj\u00ed, ale maj\u00ed tak\u00e9 schopnost ji ve sv\u00e9 d\u0159eni vytv\u00e1\u0159et. p\u0159ebytky pak p\u0159ed\u00e1vaj\u00ed okoln\u00edmu prost\u0159ed\u00ed.<\/p>\n<p>To je hlavn\u00ed p\u0159\u00ed\u010dinou p\u0159\u00edslov\u00ed na\u0161ich p\u0159edk\u016f &#8220; Kde je les, tam je i voda&#8220;. Schopnost tvo\u0159it vodu ze vzdu\u0161n\u00e9ho kysl\u00edku a vod\u00edku v\u0161ak maj\u00ed pouze listnat\u00e9 stromy star\u0161\u00ed sta let.<\/p>\n<p>Dnes se tohoto v\u011bku do\u017eije jen mal\u00e9 procento strom\u016f a proto voda z lesl miz\u00ed. .<br \/>\nV\u0161echmy civilzace, kter\u00e9 na sv\u00e9m \u00fazem\u00ed vyk\u00e1cely lesn\u00ed porosty zm\u011bnily sv\u00e9 \u00fazem\u00ed v pou\u0161\u0165 a n\u00e1sledn\u011b zanikly. Snad n\u00e1s nepotk\u00e1 stejn\u00fd osud.<\/p>\n<p>Sl\u00e1vek Popelka<\/p>\n<p>&nbsp;<\/p>\n<p>&nbsp;<\/p>\n","protected":false},"excerpt":{"rendered":"<p>U\u017e jen posledn\u00edch n\u011bkolik pam\u011btn\u00edk\u016f uchov\u00e1v\u00e1 vzpom\u00ednku na to, jak vypadaly lesy minulosti. Byly pln\u00e9&#8230;<\/p>\n","protected":false},"author":2,"featured_media":4373,"comment_status":"closed","ping_status":"closed","sticky":false,"template":"","format":"standard","meta":[],"categories":[6],"tags":[67,1105,1106],"_links":{"self":[{"href":"https:\/\/www.infokuryr.cz\/n\/wp-json\/wp\/v2\/posts\/4372"}],"collection":[{"href":"https:\/\/www.infokuryr.cz\/n\/wp-json\/wp\/v2\/posts"}],"about":[{"href":"https:\/\/www.infokuryr.cz\/n\/wp-json\/wp\/v2\/types\/post"}],"author":[{"embeddable":true,"href":"https:\/\/www.infokuryr.cz\/n\/wp-json\/wp\/v2\/users\/2"}],"replies":[{"embeddable":true,"href":"https:\/\/www.infokuryr.cz\/n\/wp-json\/wp\/v2\/comments?post=4372"}],"version-history":[{"count":0,"href":"https:\/\/www.infokuryr.cz\/n\/wp-json\/wp\/v2\/posts\/4372\/revisions"}],"wp:featuredmedia":[{"embeddable":true,"href":"https:\/\/www.infokuryr.cz\/n\/wp-json\/wp\/v2\/media\/4373"}],"wp:attachment":[{"href":"https:\/\/www.infokuryr.cz\/n\/wp-json\/wp\/v2\/media?parent=4372"}],"wp:term":[{"taxonomy":"category","embeddable":true,"href":"https:\/\/www.infokuryr.cz\/n\/wp-json\/wp\/v2\/categories?post=4372"},{"taxonomy":"post_tag","embeddable":true,"href":"https:\/\/www.infokuryr.cz\/n\/wp-json\/wp\/v2\/tags?post=4372"}],"curies":[{"name":"wp","href":"https:\/\/api.w.org\/{rel}","templated":true}]}}