{"id":43606,"date":"2023-12-31T00:41:43","date_gmt":"2023-12-30T23:41:43","guid":{"rendered":"http:\/\/www.infokuryr.cz\/n\/?p=43606"},"modified":"2023-12-30T16:56:01","modified_gmt":"2023-12-30T15:56:01","slug":"cina-se-stava-nejvetsim-svetovym-vyvozcem-automobilu","status":"publish","type":"post","link":"https:\/\/www.infokuryr.cz\/n\/2023\/12\/31\/cina-se-stava-nejvetsim-svetovym-vyvozcem-automobilu\/","title":{"rendered":"\u010c\u00edna se st\u00e1v\u00e1 nejv\u011bt\u0161\u00edm sv\u011btov\u00fdm v\u00fdvozcem automobil\u016f"},"content":{"rendered":"<div id=\"fb-root\"><\/div>\n<p><span style=\"font-size: 18pt;\"><strong>Dod\u00e1vky do Ruska a Mexika \u00fadajn\u011b prudce rostou<\/strong><\/span><\/p>\n<p><span>\u010c\u00edna je na dobr\u00e9 cest\u011b st\u00e1t se letos v\u016fbec poprv\u00e9 nejv\u011bt\u0161\u00edm sv\u011btov\u00fdm v\u00fdvozcem automobil\u016f, uvedla v p\u00e1tek spole\u010dnost Nikkei Asia s odvol\u00e1n\u00edm na p\u0159edb\u011b\u017en\u00e9 \u00fadaje \u010c\u00ednsk\u00e9 asociace v\u00fdrobc\u016f automobil\u016f (CAAM).<\/span><\/p>\n<p><span>Statistiky ukazuj\u00ed, \u017ee zem\u011b od ledna do listopadu vyvezla 4,41 milionu automobil\u016f, co\u017e je o 58 % v\u00edce ne\u017e ve stejn\u00e9m obdob\u00ed roku 2022. \u010c\u00edna tak p\u0159edstihla b\u00fdval\u00e9ho exportn\u00edho l\u00eddra Japonsko, jeho\u017e celkov\u00fd celoro\u010dn\u00ed objem se o\u010dek\u00e1v\u00e1 kolem 4,3 milionu.\u00a0Podle zpr\u00e1vy Japonsko naposledy kleslo z prvn\u00ed p\u0159\u00ed\u010dky v roce 2016, kdy ho p\u0159ekonalo N\u011bmecko.<\/span><\/p>\n<p><em><span>\u201e\u010c\u00edna se chce st\u00e1t automobilovou velmoc\u00ed a glob\u00e1ln\u00ed posun k EV (elektrick\u00fdm vozidl\u016fm) vid\u00ed jako zp\u016fsob, jak tohoto c\u00edle dos\u00e1hnout,\u201c<\/span><\/em><span>\u00a0napsal Nikkei.<\/span><\/p>\n<p><a href=\"https:\/\/stranapro.cz\/\"><img decoding=\"async\" loading=\"lazy\" class=\"alignnone  wp-image-40285 aligncenter\" src=\"http:\/\/www.infokuryr.cz\/n\/wp-content\/uploads\/2023\/11\/11pro-300x79.png\" alt=\"\" width=\"570\" height=\"150\" srcset=\"https:\/\/www.infokuryr.cz\/n\/wp-content\/uploads\/2023\/11\/11pro-300x79.png 300w, https:\/\/www.infokuryr.cz\/n\/wp-content\/uploads\/2023\/11\/11pro.png 363w\" sizes=\"(max-width: 570px) 100vw, 570px\" \/><\/a><\/p>\n<p><span>Zpr\u00e1va pouk\u00e1zala na to, \u017ee prudk\u00fd n\u00e1r\u016fst \u010d\u00ednsk\u00e9ho exportu do Ruska n\u00e1sledoval po exodu japonsk\u00fdch a z\u00e1padn\u00edch v\u00fdrobc\u016f automobil\u016f z jeho trhu v souvislosti s nov\u00fdmi sankcemi.\u00a0Statistiky CAAM ukazuj\u00ed, \u017ee \u010c\u00edna vyvezla do Ruska v obdob\u00ed od ledna do \u0159\u00edjna 730 000 vozidel, co\u017e je sedmkr\u00e1t v\u00edce ne\u017e o rok d\u0159\u00edve.\u00a0Chery Automobile a Great Wall Motor \u00fadajn\u011b vyv\u00e1\u017eely do zem\u011b p\u0159ev\u00e1\u017en\u011b benzinov\u00e1 auta, v\u010detn\u011b st\u0159edn\u011b velk\u00fdch a velk\u00fdch sportovn\u00edch u\u017eitkov\u00fdch voz\u016f (SUV).<\/span><\/p>\n<p><span>Mexiko bylo druh\u00fdm nejv\u011bt\u0161\u00edm exportn\u00edm trhem s objemem \u010d\u00ednsk\u00fdch voz\u016f tam vylet\u011blo o 71 % na 330 000 kus\u016f.\u00a0<\/span><em><span>\u201e\u010c\u00edn\u0161t\u00ed v\u00fdrobci automobil\u016f se sna\u017e\u00ed vybudovat v zemi z\u00e1kaznickou z\u00e1kladnu, kter\u00e1 by slou\u017eila jako op\u011brn\u00fd bod pro p\u0159\u00edpadnou expanzi na trhy USA a Kanady,\u201c<\/span><\/em><span>\u00a0napsal Nikkei.<\/span><\/p>\n<p><span>\u00dadaje tak\u00e9 uk\u00e1zaly, \u017ee v\u00fdvoz \u010d\u00ednsk\u00fdch elektromobil\u016f a dal\u0161\u00edch nov\u00fdch energetick\u00fdch vozidel vzrostl meziro\u010dn\u011b o 77 % na 1,43 milionu kus\u016f v obdob\u00ed od ledna do \u0159\u00edjna.\u00a0Podle CAAM p\u0159edstavovaly v t\u011bchto m\u011bs\u00edc\u00edch 34 % ve\u0161ker\u00e9ho v\u00fdvozu automobil\u016f.\u00a0V\u011bt\u0161ina \u010d\u00ednsk\u00e9ho exportu elektromobil\u016f sm\u011b\u0159ovala do Evropy a jihov\u00fdchodn\u00ed Asie, uvedl den\u00edk.<\/span><\/p>\n<p><img decoding=\"async\" loading=\"lazy\" class=\"alignnone size-full wp-image-1185\" src=\"http:\/\/www.infokuryr.cz\/n\/wp-content\/uploads\/2021\/04\/kuryr-podpis.png\" alt=\"\" width=\"84\" height=\"24\" \/><\/p>\n<p>&nbsp;<\/p>\n<p>&nbsp;<\/p>\n","protected":false},"excerpt":{"rendered":"<p>Dod\u00e1vky do Ruska a Mexika \u00fadajn\u011b prudce rostou \u010c\u00edna je na dobr\u00e9 cest\u011b st\u00e1t se&#8230;<\/p>\n","protected":false},"author":2,"featured_media":43607,"comment_status":"closed","ping_status":"closed","sticky":false,"template":"","format":"standard","meta":[],"categories":[7],"tags":[4998,30,59,2007],"_links":{"self":[{"href":"https:\/\/www.infokuryr.cz\/n\/wp-json\/wp\/v2\/posts\/43606"}],"collection":[{"href":"https:\/\/www.infokuryr.cz\/n\/wp-json\/wp\/v2\/posts"}],"about":[{"href":"https:\/\/www.infokuryr.cz\/n\/wp-json\/wp\/v2\/types\/post"}],"author":[{"embeddable":true,"href":"https:\/\/www.infokuryr.cz\/n\/wp-json\/wp\/v2\/users\/2"}],"replies":[{"embeddable":true,"href":"https:\/\/www.infokuryr.cz\/n\/wp-json\/wp\/v2\/comments?post=43606"}],"version-history":[{"count":0,"href":"https:\/\/www.infokuryr.cz\/n\/wp-json\/wp\/v2\/posts\/43606\/revisions"}],"wp:featuredmedia":[{"embeddable":true,"href":"https:\/\/www.infokuryr.cz\/n\/wp-json\/wp\/v2\/media\/43607"}],"wp:attachment":[{"href":"https:\/\/www.infokuryr.cz\/n\/wp-json\/wp\/v2\/media?parent=43606"}],"wp:term":[{"taxonomy":"category","embeddable":true,"href":"https:\/\/www.infokuryr.cz\/n\/wp-json\/wp\/v2\/categories?post=43606"},{"taxonomy":"post_tag","embeddable":true,"href":"https:\/\/www.infokuryr.cz\/n\/wp-json\/wp\/v2\/tags?post=43606"}],"curies":[{"name":"wp","href":"https:\/\/api.w.org\/{rel}","templated":true}]}}