{"id":43581,"date":"2023-12-31T00:33:01","date_gmt":"2023-12-30T23:33:01","guid":{"rendered":"http:\/\/www.infokuryr.cz\/n\/?p=43581"},"modified":"2023-12-30T16:13:58","modified_gmt":"2023-12-30T15:13:58","slug":"vice-nez-20-zabitych-nebo-zranenych-pri-zahadnych-utocich-na-syrsko-iracke-hranici","status":"publish","type":"post","link":"https:\/\/www.infokuryr.cz\/n\/2023\/12\/31\/vice-nez-20-zabitych-nebo-zranenych-pri-zahadnych-utocich-na-syrsko-iracke-hranici\/","title":{"rendered":"V\u00edce ne\u017e 20 zabit\u00fdch nebo zran\u011bn\u00fdch p\u0159i z\u00e1hadn\u00fdch \u00fatoc\u00edch na syrsko-ir\u00e1ck\u00e9 hranici"},"content":{"rendered":"<div id=\"fb-root\"><\/div>\n<p><strong><span>S\u00e9rie \u00fader\u016f zac\u00edlen\u00fdch na syrsko-ir\u00e1ckou hranici po\u010d\u00e1tkem 30. prosince zabila nebo zranila des\u00edtky lid\u00ed uprost\u0159ed rostouc\u00edho nap\u011bt\u00ed mezi \u00cdr\u00e1nem vedenou \u201eOsou odporu\u201c a Izraelem kv\u016fli pokra\u010duj\u00edc\u00ed v\u00e1lce v palestinsk\u00e9m p\u00e1smu Gazy.<\/span><\/strong><\/p>\n<p><span>Podle Syrsk\u00e9 observato\u0159e pro lidsk\u00e1 pr\u00e1va (SOHR) se s\u00eddlem v Lond\u00fdn\u011b byly \u00fatoky zam\u011b\u0159eny na pozice sil podporovan\u00fdch \u00cdr\u00e1nem v syrsk\u00e9m m\u011bst\u011b al-Bukamal a tak\u00e9 na konvoj na hrani\u010dn\u00edm p\u0159echodu Al-K\u00e1&#8217;im s Ir\u00e1kem. pro-opozi\u010dn\u00ed monitorovac\u00ed skupina.<\/span><\/p>\n<p><span>Mezit\u00edm televize Al Mayadeen se s\u00eddlem v Bejr\u00fatu, kter\u00e1 m\u00e1 bl\u00edzko k libanonsk\u00e9mu Hizball\u00e1hu, informovala, \u017ee zasa\u017eena byla jak budova al-Hajana, tak nemocnice Badr v al-Bukamal.<\/span><\/p>\n<p><span>Dv\u011b videa zve\u0159ejn\u011bn\u00e1 na soci\u00e1ln\u00edch s\u00edt\u00edch ukazovala velk\u00e9 v\u00fdbuchy a p\u0159ed\u010dasnou explozi munice pobl\u00ed\u017e al-Bukamalu.<\/span><\/p>\n<p><iframe loading=\"lazy\" src=\"https:\/\/s4.cdnstatic.space\/wp-content\/uploads\/2023\/12\/twitsave.com_tYuox1l_UWLeycdl.mp4\" width=\"600\" height=\"338\" data-mce-fragment=\"1\"><\/iframe><\/p>\n<p><iframe loading=\"lazy\" src=\"https:\/\/s4.cdnstatic.space\/wp-content\/uploads\/2023\/12\/twitsave.com_p8SnZpUVZNeTpzl2.mp4\" width=\"600\" height=\"338\" data-mce-fragment=\"1\"><\/iframe><\/p>\n<p><span>SOHR uvedla, \u017ee dev\u011bt lid\u00ed bylo zabito, v\u010detn\u011b t\u0159\u00ed Sy\u0159an\u016f a \u0161esti cizinc\u016f, a v\u00edce ne\u017e 27 dal\u0161\u00edch bylo p\u0159i n\u00e1letech zran\u011bno. Sabreen News, ir\u00e1ck\u00fd zpravodajsk\u00fd kan\u00e1l na Telegramu, informoval o smrti pouze p\u011bti, ale uvedl, \u017ee n\u011bkte\u0159\u00ed z nich byli libanon\u0161t\u00ed ob\u010dan\u00e9.\u00a0Al Mayadeen ze sv\u00e9 strany uvedl, \u017ee bylo zabito celkem sedm.<\/span><\/p>\n<p><span>SOHR i Sabreen tvrdily, \u017ee \u00fadery provedla arm\u00e1da Spojen\u00fdch st\u00e1t\u016f.\u00a0To v\u0161ak je\u0161t\u011b mus\u00ed potvrdit Washington.<\/span><\/p>\n<p><a href=\"https:\/\/stranapro.cz\/\"><img decoding=\"async\" loading=\"lazy\" class=\"alignnone  wp-image-40285 aligncenter\" src=\"http:\/\/www.infokuryr.cz\/n\/wp-content\/uploads\/2023\/11\/11pro-300x79.png\" alt=\"\" width=\"570\" height=\"150\" srcset=\"https:\/\/www.infokuryr.cz\/n\/wp-content\/uploads\/2023\/11\/11pro-300x79.png 300w, https:\/\/www.infokuryr.cz\/n\/wp-content\/uploads\/2023\/11\/11pro.png 363w\" sizes=\"(max-width: 570px) 100vw, 570px\" \/><\/a><\/p>\n<p><span>Americk\u00e9 centr\u00e1ln\u00ed velen\u00ed provedlo v posledn\u00edch m\u011bs\u00edc\u00edch v\u00edce ne\u017e jednou \u00fadery proti sil\u00e1m podporovan\u00fdm \u00cdr\u00e1nem v S\u00fdrii a Ir\u00e1ku v reakci na \u00fatoky, kter\u00e9 se zam\u011b\u0159ovaly na tamn\u00ed s\u00edly.<\/span><\/p>\n<p><span>Naprostou v\u011bt\u0161inu \u00fatok\u016f \u2013 od 17. \u0159\u00edjna jich Pentagon nahl\u00e1sil v\u00edce ne\u017e 105 \u2013 provedla v reakci takzvan\u00e1 organizace Isl\u00e1msk\u00fd odpor v Ir\u00e1ku (IRI), zast\u0159e\u0161uj\u00edc\u00ed s\u00edly p\u0159idru\u017een\u00e9 k \u00edr\u00e1nsk\u00fdm isl\u00e1msk\u00fdm revolu\u010dn\u00edm gard\u00e1m. k izraelsk\u00e9 v\u00e1lce v Gaze, kterou podporuj\u00ed USA<\/span><\/p>\n<p><span>K \u00fader\u016fm na al-Bukamal do\u0161lo jen n\u011bkolik hodin pot\u00e9, co IRI ozn\u00e1mila, \u017ee odp\u00e1lila rakety na americkou z\u00e1kladnu pobl\u00ed\u017e severov\u00fdchodn\u00edho syrsk\u00e9ho m\u011bsta al-Shadaddi a vypustila sebevra\u017eedn\u00e9 drony na leteckou z\u00e1kladnu al-Hariri v severoir\u00e1ck\u00e9 autonomn\u00ed oblasti Kurdist\u00e1n. kter\u00e1 tak\u00e9 host\u00ed americk\u00e9 jednotky.<\/span><\/p>\n<p><iframe loading=\"lazy\" src=\"https:\/\/s4.cdnstatic.space\/wp-content\/uploads\/2023\/12\/IMG_1510.mp4\" width=\"600\" height=\"338\" data-mce-fragment=\"1\"><\/iframe><\/p>\n<p><span>I kdy\u017e je velmi pravd\u011bpodobn\u00e9, \u017ee smrt\u00edc\u00ed \u00fatoky provedla americk\u00e1 arm\u00e1da, nelze vylou\u010dit \u00fa\u010dast Izraele na \u00fatoku.<\/span><\/p>\n<p><span>Jen p\u0159ed t\u0159emi dny se IRI p\u0159ihl\u00e1sila k odpov\u011bdnosti za \u00fatok bezpilotn\u00edm letounem, jeho\u017e c\u00edlem byly Izraelem okupovan\u00e9 syrsk\u00e9 Golansk\u00e9 v\u00fd\u0161iny.\u00a0Krom\u011b toho se skupina minul\u00fd t\u00fdden pokusila zac\u00edlit sebevra\u017eedn\u00fdm dronem u izraelsk\u00fdch b\u0159eh\u016f plynovou plo\u0161inu Karish.<\/span><\/p>\n<p><img decoding=\"async\" loading=\"lazy\" class=\"alignnone size-full wp-image-1185\" src=\"http:\/\/www.infokuryr.cz\/n\/wp-content\/uploads\/2021\/04\/kuryr-podpis.png\" alt=\"\" width=\"84\" height=\"24\" \/><\/p>\n<p>&nbsp;<\/p>\n<p>&nbsp;<\/p>\n","protected":false},"excerpt":{"rendered":"<p>S\u00e9rie \u00fader\u016f zac\u00edlen\u00fdch na syrsko-ir\u00e1ckou hranici po\u010d\u00e1tkem 30. prosince zabila nebo zranila des\u00edtky lid\u00ed uprost\u0159ed&#8230;<\/p>\n","protected":false},"author":2,"featured_media":43582,"comment_status":"closed","ping_status":"closed","sticky":false,"template":"","format":"standard","meta":[],"categories":[7],"tags":[353,3535,147,37],"_links":{"self":[{"href":"https:\/\/www.infokuryr.cz\/n\/wp-json\/wp\/v2\/posts\/43581"}],"collection":[{"href":"https:\/\/www.infokuryr.cz\/n\/wp-json\/wp\/v2\/posts"}],"about":[{"href":"https:\/\/www.infokuryr.cz\/n\/wp-json\/wp\/v2\/types\/post"}],"author":[{"embeddable":true,"href":"https:\/\/www.infokuryr.cz\/n\/wp-json\/wp\/v2\/users\/2"}],"replies":[{"embeddable":true,"href":"https:\/\/www.infokuryr.cz\/n\/wp-json\/wp\/v2\/comments?post=43581"}],"version-history":[{"count":0,"href":"https:\/\/www.infokuryr.cz\/n\/wp-json\/wp\/v2\/posts\/43581\/revisions"}],"wp:featuredmedia":[{"embeddable":true,"href":"https:\/\/www.infokuryr.cz\/n\/wp-json\/wp\/v2\/media\/43582"}],"wp:attachment":[{"href":"https:\/\/www.infokuryr.cz\/n\/wp-json\/wp\/v2\/media?parent=43581"}],"wp:term":[{"taxonomy":"category","embeddable":true,"href":"https:\/\/www.infokuryr.cz\/n\/wp-json\/wp\/v2\/categories?post=43581"},{"taxonomy":"post_tag","embeddable":true,"href":"https:\/\/www.infokuryr.cz\/n\/wp-json\/wp\/v2\/tags?post=43581"}],"curies":[{"name":"wp","href":"https:\/\/api.w.org\/{rel}","templated":true}]}}